{"id":542,"date":"2013-03-18T20:46:59","date_gmt":"2013-03-18T19:46:59","guid":{"rendered":"http:\/\/www.huelvaysusfotografos.com\/?p=542"},"modified":"2013-04-01T14:08:03","modified_gmt":"2013-04-01T13:08:03","slug":"robert-adams-el-fotografo-que-documento-el-ladrillazo-de-los-anos-sesenta-en-los-ee-uu","status":"publish","type":"post","link":"https:\/\/www.huelvaysusfotografos.com\/?p=542","title":{"rendered":"Robert Adams, el fot\u00f3grafo que document\u00f3 el &#8216;ladrillazo&#8217; de los a\u00f1os sesenta en los EE UU"},"content":{"rendered":"<p><a href=\"http:\/\/www.museoreinasofia.es\/\" target=\"_blank\">Museo Nacional Centro de Arte Reina Sof\u00eda (MNCARS).<\/a><br \/>\nEdificio Sabatini<br \/>\nPlanta 3<br \/>\nCalle Santa Isabel 52<br \/>\n<b>Del 16 de enero al 20 de mayo de 2013.<\/b><br \/>\nM\u00e1s informaci\u00f3n en\u00a0<a href=\"http:\/\/www.museoreinasofia.es\/\">www.museoreinasofia.es<\/a><\/p>\n<div><a id=\"irc_mil\" style=\"border: 0px none;\" href=\"http:\/\/www.google.es\/url?sa=i&amp;source=images&amp;cd=&amp;docid=uKCeRHXnV-wF7M&amp;tbnid=9FD0pU6FiLDHwM:&amp;ved=0CAUQjRw&amp;url=http%3A%2F%2Ffotopaco.blogspot.com%2F2012%2F11%2Frobert-adams-el-lugar-donde-vivimos-una.html&amp;ei=1GxHUaH9FvDZ0QWQpYGgDA&amp;psig=AFQjCNFYjTF4p1ycndSBHt4EJ3gKRA_45A&amp;ust=1363721794319955\" target=\"_blank\" data-ved=\"0CAUQjRw\"><img loading=\"lazy\" decoding=\"async\" class=\"alignleft\" id=\"irc_mi\" alt=\"\" src=\"http:\/\/4.bp.blogspot.com\/-tOtA09_CBkI\/ULM5r0tHqBI\/AAAAAAAAXDM\/J7IKXqI44tI\/s1600\/adams-museo-reina-sofia.jpg\" width=\"209\" height=\"358\" \/><br \/>\n<\/a><\/div>\n<div>\n<ul>\n<li>Monumental retrospectiva del narrador visual del crecimiento salvaje del oeste de los EE UU en la gran era de la prosperidad y el &#8216;baby boom&#8217;.<\/li>\n<li>Abandon\u00f3 la ense\u00f1anza para dedicarse a fotografiar los desarrollos urban\u00edsticos y sus efectos sobre el paisaje y el modo de vida.<\/li>\n<li>\u00abLas fotos documentan lo que compramos, lo que pagamos por ello y lo que ya no podemos volver a comprar\u00bb, dice el hablar de su trabajo.<\/li>\n<\/ul>\n<\/div>\n<div>En la fotograf\u00eda de los EE UU del siglo XX hay dos Adams. Uno, <a href=\"http:\/\/www.anseladams.com\/\" target=\"_blank\">Ansel <\/a>(1902-1984) fue un esteta y se dedic\u00f3 a retratar espectaculares paisajes que hoy pueblan las salas de espera y se repiten en los calendarios. El otro, <a href=\"http:\/\/en.wikipedia.org\/wiki\/Robert_Adams_%28photographer%29\" target=\"_blank\">Robert<\/a> (1937) estaba igualmente fascinado por la naturaleza, pero le importaba ponerla <strong>en relaci\u00f3n con el ser humano<\/strong> y sus efectos, casi siempre terribles, sobre ella.<\/div>\n<div><\/div>\n<div><!--more--><br \/>\nDado el mensaje de ambos (consolador el de Ansel y desolador el de Robert), es claro que la fama se la llev\u00f3 el primero. El <a href=\"http:\/\/www.lacma.org\/\" target=\"_blank\">Los Angeles County Museum of Art<\/a> (Lacma) quiere compensar la situaci\u00f3n con una monumental exposici\u00f3n, <a href=\"http:\/\/www.lacma.org\/art\/exhibition\/robert-adams-place-we-live\" target=\"_blank\"><em>Robert Adams: The Place We Live, A Retrospective Selection of Photographs<\/em><\/a> (<em>Robert Adams: el lugar en el que vivimos. Una selecci\u00f3n retrospectiva de fotograf\u00edas<\/em>).<\/p>\n<h2>M\u00e1s de 300 originales<\/h2>\n<p>La muestra, que se inagurar\u00e1 el 11 de marzo y en la habr\u00e1 varias charlas de Adams, es la mayor organizada hasta ahora (m\u00e1s de 300 originales) del documentalista que narr\u00f3 el primer gran <em>ladrillazo <\/em>del siglo XX: la construcci\u00f3n salvaje y masiva de desarrollos urban\u00edsticos, v\u00edas de comunicaci\u00f3n y otras obras desarrollistas en la coste oeste de los EE UU, especialmente en el estado de California, durante los a\u00f1os sesenta y parte de los setenta, en una \u00e9poca de <strong>gran prosperidad econ\u00f3mica y explosi\u00f3n demogr\u00e1fica<\/strong> a consecuencia del <a href=\"http:\/\/es.wikipedia.org\/wiki\/Explosi%C3%B3n_de_natalidad\" target=\"_blank\"><em>baby boom<\/em><\/a> posterior a la II Guerra Mundial.<\/p>\n<p>Adams empez\u00f3 a hacer fotos tarde, cuando trabajaba como profesor universitario en el estado de Colorado. La pasi\u00f3n por la c\u00e1mara pudo con \u00e9l y, en 1967, pidi\u00f3 que le rebajasen la jornada laboral a solamente media para tener tiempo para vagabundear y retratar.<\/p>\n<p><span style=\"text-decoration: underline;\">M\u00e1s informaci\u00f3n en las \u00abFuentes\u00bb:<\/span><\/p>\n<p><a href=\"http:\/\/www.20minutos.es\/noticia\/1304160\/0\/robert-adams\/fotografo-ladrillazo\/sesenta-eeuu\/\" target=\"_blank\">Peri\u00f3dico 20&#8242;<\/a><\/p>\n<p><a href=\"http:\/\/fotopaco.blogspot.com.es\/2012\/11\/robert-adams-el-lugar-donde-vivimos-una.html\" target=\"_blank\">http:\/\/fotopaco.blogspot.com.es\/2012\/11\/robert-adams-el-lugar-donde-vivimos-una.html<\/a><\/p>\n<p>&nbsp;<\/p>\n<\/div>\n","protected":false},"excerpt":{"rendered":"<p>Museo Nacional Centro de Arte Reina Sof\u00eda (MNCARS). Edificio Sabatini Planta 3 Calle Santa Isabel 52 Del 16 de enero al 20 de mayo de 2013. M\u00e1s informaci\u00f3n en\u00a0www.museoreinasofia.es Monumental retrospectiva del narrador visual del crecimiento salvaje del oeste de los EE UU en la gran era de la prosperidad y el &#8216;baby boom&#8217;. Abandon\u00f3 la ense\u00f1anza para dedicarse a fotografiar los desarrollos urban\u00edsticos y sus efectos sobre el paisaje<\/p>\n<div class=\"belowpost\"><a class=\"btnmore\" href=\"https:\/\/www.huelvaysusfotografos.com\/?p=542\">Seguir leyendo<\/a><\/div>\n","protected":false},"author":2,"featured_media":0,"comment_status":"open","ping_status":"open","sticky":false,"template":"","format":"standard","meta":{"footnotes":"","_links_to":"","_links_to_target":""},"categories":[23,15],"tags":[],"class_list":["post-542","post","type-post","status-publish","format-standard","hentry","category-exposiciones","category-fotografos"],"_links":{"self":[{"href":"https:\/\/www.huelvaysusfotografos.com\/index.php?rest_route=\/wp\/v2\/posts\/542","targetHints":{"allow":["GET"]}}],"collection":[{"href":"https:\/\/www.huelvaysusfotografos.com\/index.php?rest_route=\/wp\/v2\/posts"}],"about":[{"href":"https:\/\/www.huelvaysusfotografos.com\/index.php?rest_route=\/wp\/v2\/types\/post"}],"author":[{"embeddable":true,"href":"https:\/\/www.huelvaysusfotografos.com\/index.php?rest_route=\/wp\/v2\/users\/2"}],"replies":[{"embeddable":true,"href":"https:\/\/www.huelvaysusfotografos.com\/index.php?rest_route=%2Fwp%2Fv2%2Fcomments&post=542"}],"version-history":[{"count":12,"href":"https:\/\/www.huelvaysusfotografos.com\/index.php?rest_route=\/wp\/v2\/posts\/542\/revisions"}],"predecessor-version":[{"id":852,"href":"https:\/\/www.huelvaysusfotografos.com\/index.php?rest_route=\/wp\/v2\/posts\/542\/revisions\/852"}],"wp:attachment":[{"href":"https:\/\/www.huelvaysusfotografos.com\/index.php?rest_route=%2Fwp%2Fv2%2Fmedia&parent=542"}],"wp:term":[{"taxonomy":"category","embeddable":true,"href":"https:\/\/www.huelvaysusfotografos.com\/index.php?rest_route=%2Fwp%2Fv2%2Fcategories&post=542"},{"taxonomy":"post_tag","embeddable":true,"href":"https:\/\/www.huelvaysusfotografos.com\/index.php?rest_route=%2Fwp%2Fv2%2Ftags&post=542"}],"curies":[{"name":"wp","href":"https:\/\/api.w.org\/{rel}","templated":true}]}}