{"id":5384,"date":"2019-05-19T00:20:09","date_gmt":"2019-05-18T22:20:09","guid":{"rendered":"http:\/\/www.huelvaysusfotografos.com\/?p=5384"},"modified":"2019-07-14T08:45:59","modified_gmt":"2019-07-14T06:45:59","slug":"entregados-los-premios-de-semana-santa-2019","status":"publish","type":"post","link":"https:\/\/www.huelvaysusfotografos.com\/?p=5384","title":{"rendered":"Entregados los premios de Semana Santa 2019"},"content":{"rendered":"\n<p>En la ma\u00f1ana de hoy 18 de mayo,\ncon motivo de la celebraci\u00f3n de Fotea A\u00f1os 20, que hemos celebrado en las\ninstalaciones del Palacio de Mora Claros, hemos procedido a la entrega de los\npremios a los ganadores del Concurso de Semana Santa \u201cEL COSTALERO\u201d.<\/p>\n\n\n\n<p>Fueron 14 fotograf\u00edas\npresentadas al Concurso organizado por la Asociaci\u00f3n Huelva y sus Fot\u00f3grafos,\nde SEMANA SANTA DE HUELVA Y PROVINCIA, con el Tema \u00abEl Costalero\u00bb se otorgan\nlos siguientes premios.<\/p>\n\n\n\n<p>La fotograf\u00eda titulada \u2018El\nprimer paso\u2019, de Narciso Perera Ant\u00fanez, ha resultado la ganadora del primer\npremio del concurso organizado por la Asociaci\u00f3n Huelva y sus Fot\u00f3grafos, bajo\nla tem\u00e1tica de la Semana Santa de Huelva y su provincia, con los costaleros\ncomo protagonistas.<\/p>\n\n\n\n<p>El segundo premio ha sido para Jer\u00f3nimo Carrasco Brejano, con la foto titulada \u2018Abrazo de fe\u2019.<\/p>\n\n\n\n<figure class=\"wp-block-image\"><img loading=\"lazy\" decoding=\"async\" width=\"800\" height=\"533\" src=\"https:\/\/www.huelvaysusfotografos.com\/wp-content\/uploads\/2019\/05\/DSC_2074.jpg\" alt=\"\" class=\"wp-image-5386\" srcset=\"https:\/\/www.huelvaysusfotografos.com\/wp-content\/uploads\/2019\/05\/DSC_2074.jpg 800w, https:\/\/www.huelvaysusfotografos.com\/wp-content\/uploads\/2019\/05\/DSC_2074-300x200.jpg 300w, https:\/\/www.huelvaysusfotografos.com\/wp-content\/uploads\/2019\/05\/DSC_2074-768x512.jpg 768w, https:\/\/www.huelvaysusfotografos.com\/wp-content\/uploads\/2019\/05\/DSC_2074-120x80.jpg 120w\" sizes=\"auto, (max-width: 800px) 100vw, 800px\" \/><\/figure>\n\n\n\n<p>Siendo el tercero para Pedro\nJos\u00e9 Ruiz-Constantino P\u00e9rez, con la foto titulada \u2018El relevo\u2019.<\/p>\n","protected":false},"excerpt":{"rendered":"<p>En la ma\u00f1ana de hoy 18 de mayo, con motivo de la celebraci\u00f3n de Fotea A\u00f1os 20, que hemos celebrado en las instalaciones del Palacio de Mora Claros, hemos procedido a la entrega de los premios a los ganadores del Concurso de Semana Santa \u201cEL COSTALERO\u201d. Fueron 14 fotograf\u00edas presentadas al Concurso organizado por la Asociaci\u00f3n Huelva y sus Fot\u00f3grafos, de SEMANA SANTA DE HUELVA Y PROVINCIA, con el Tema<\/p>\n<div class=\"belowpost\"><a class=\"btnmore\" href=\"https:\/\/www.huelvaysusfotografos.com\/?p=5384\">Seguir leyendo<\/a><\/div>\n","protected":false},"author":8279,"featured_media":5385,"comment_status":"open","ping_status":"open","sticky":false,"template":"","format":"standard","meta":{"footnotes":"","_links_to":"","_links_to_target":""},"categories":[53],"tags":[],"class_list":["post-5384","post","type-post","status-publish","format-standard","has-post-thumbnail","hentry","category-premios"],"_links":{"self":[{"href":"https:\/\/www.huelvaysusfotografos.com\/index.php?rest_route=\/wp\/v2\/posts\/5384","targetHints":{"allow":["GET"]}}],"collection":[{"href":"https:\/\/www.huelvaysusfotografos.com\/index.php?rest_route=\/wp\/v2\/posts"}],"about":[{"href":"https:\/\/www.huelvaysusfotografos.com\/index.php?rest_route=\/wp\/v2\/types\/post"}],"author":[{"embeddable":true,"href":"https:\/\/www.huelvaysusfotografos.com\/index.php?rest_route=\/wp\/v2\/users\/8279"}],"replies":[{"embeddable":true,"href":"https:\/\/www.huelvaysusfotografos.com\/index.php?rest_route=%2Fwp%2Fv2%2Fcomments&post=5384"}],"version-history":[{"count":1,"href":"https:\/\/www.huelvaysusfotografos.com\/index.php?rest_route=\/wp\/v2\/posts\/5384\/revisions"}],"predecessor-version":[{"id":5387,"href":"https:\/\/www.huelvaysusfotografos.com\/index.php?rest_route=\/wp\/v2\/posts\/5384\/revisions\/5387"}],"wp:featuredmedia":[{"embeddable":true,"href":"https:\/\/www.huelvaysusfotografos.com\/index.php?rest_route=\/wp\/v2\/media\/5385"}],"wp:attachment":[{"href":"https:\/\/www.huelvaysusfotografos.com\/index.php?rest_route=%2Fwp%2Fv2%2Fmedia&parent=5384"}],"wp:term":[{"taxonomy":"category","embeddable":true,"href":"https:\/\/www.huelvaysusfotografos.com\/index.php?rest_route=%2Fwp%2Fv2%2Fcategories&post=5384"},{"taxonomy":"post_tag","embeddable":true,"href":"https:\/\/www.huelvaysusfotografos.com\/index.php?rest_route=%2Fwp%2Fv2%2Ftags&post=5384"}],"curies":[{"name":"wp","href":"https:\/\/api.w.org\/{rel}","templated":true}]}}