{"id":5366,"date":"2019-04-29T23:29:20","date_gmt":"2019-04-29T21:29:20","guid":{"rendered":"http:\/\/www.huelvaysusfotografos.com\/?p=5366"},"modified":"2019-05-19T00:18:00","modified_gmt":"2019-05-18T22:18:00","slug":"narciso-perera-gana-el-concurso-de-semana-santa-de-la-asociacion-huelva-y-sus-fotografos","status":"publish","type":"post","link":"https:\/\/www.huelvaysusfotografos.com\/?p=5366","title":{"rendered":"Narciso Perera gana el concurso de Semana Santa de la Asociaci\u00f3n Huelva y sus fot\u00f3grafos"},"content":{"rendered":"\n<p>La deliberaci\u00f3n del jurado una\nvez visualizadas las 14 fotograf\u00edas presentadas al Concurso organizado por la\nAsociaci\u00f3n Huelva y sus Fot\u00f3grafos, de SEMANA SANTA DE HUELVA Y PROVINCIA, con\nel Tema \u00abEl Costalero\u00bb se otorgan los siguientes premios.<\/p>\n\n\n\n<p>La fotograf\u00eda titulada \u2018El primer paso\u2019, de <strong>Narciso Perera Ant\u00fanez<\/strong>, ha resultado la ganadora del primer premio del concurso organizado por la Asociaci\u00f3n Huelva y sus Fot\u00f3grafos, bajo la tem\u00e1tica de la Semana Santa de Huelva y su provincia, con los costaleros como protaJorge Mart\u00ednez sale a hombros en Abrucenagonistas.<\/p>\n\n\n\n<figure class=\"wp-block-image\"><img loading=\"lazy\" decoding=\"async\" width=\"533\" height=\"800\" src=\"https:\/\/www.huelvaysusfotografos.com\/wp-content\/uploads\/2019\/04\/SEGUNDO-PREMIO-JER\u00d3NIMO-CARRASCO.jpg\" alt=\"\" class=\"wp-image-5368\" srcset=\"https:\/\/www.huelvaysusfotografos.com\/wp-content\/uploads\/2019\/04\/SEGUNDO-PREMIO-JER\u00d3NIMO-CARRASCO.jpg 533w, https:\/\/www.huelvaysusfotografos.com\/wp-content\/uploads\/2019\/04\/SEGUNDO-PREMIO-JER\u00d3NIMO-CARRASCO-200x300.jpg 200w\" sizes=\"auto, (max-width: 533px) 100vw, 533px\" \/><\/figure>\n\n\n\n<p>El segundo premio ha sido para <strong>Jer\u00f3nimo Carrasco Brejano<\/strong>, con la foto titulada \u2018Abrazo de fe\u2019.<\/p>\n\n\n\n<figure class=\"wp-block-image\"><img loading=\"lazy\" decoding=\"async\" width=\"600\" height=\"800\" src=\"https:\/\/www.huelvaysusfotografos.com\/wp-content\/uploads\/2019\/04\/TERCER-PREMIO-PEDRO-J.-RUIZ-CONSTANTINO.jpg\" alt=\"\" class=\"wp-image-5369\" srcset=\"https:\/\/www.huelvaysusfotografos.com\/wp-content\/uploads\/2019\/04\/TERCER-PREMIO-PEDRO-J.-RUIZ-CONSTANTINO.jpg 600w, https:\/\/www.huelvaysusfotografos.com\/wp-content\/uploads\/2019\/04\/TERCER-PREMIO-PEDRO-J.-RUIZ-CONSTANTINO-225x300.jpg 225w\" sizes=\"auto, (max-width: 600px) 100vw, 600px\" \/><\/figure>\n\n\n\n<p>Siendo el tercero para <strong>Pedro Jos\u00e9 Ruiz-Constantino P\u00e9rez<\/strong>, con\nla foto titulada \u2018El relevo\u2019. <\/p>\n\n\n\n<p>El jurado ha estado compuesto\npor los fot\u00f3grafos Alberto Dom\u00ednguez y Josu\u00e9 Correa, ambos fot\u00f3grafos\nprofesionales del diario Huelva Informaci\u00f3n.<\/p>\n","protected":false},"excerpt":{"rendered":"<p>La deliberaci\u00f3n del jurado una vez visualizadas las 14 fotograf\u00edas presentadas al Concurso organizado por la Asociaci\u00f3n Huelva y sus Fot\u00f3grafos, de SEMANA SANTA DE HUELVA Y PROVINCIA, con el Tema \u00abEl Costalero\u00bb se otorgan los siguientes premios. La fotograf\u00eda titulada \u2018El primer paso\u2019, de Narciso Perera Ant\u00fanez, ha resultado la ganadora del primer premio del concurso organizado por la Asociaci\u00f3n Huelva y sus Fot\u00f3grafos, bajo la tem\u00e1tica de la<\/p>\n<div class=\"belowpost\"><a class=\"btnmore\" href=\"https:\/\/www.huelvaysusfotografos.com\/?p=5366\">Seguir leyendo<\/a><\/div>\n","protected":false},"author":8279,"featured_media":5367,"comment_status":"open","ping_status":"open","sticky":false,"template":"","format":"standard","meta":{"footnotes":"","_links_to":"","_links_to_target":""},"categories":[12],"tags":[],"class_list":["post-5366","post","type-post","status-publish","format-standard","has-post-thumbnail","hentry","category-concursos"],"_links":{"self":[{"href":"https:\/\/www.huelvaysusfotografos.com\/index.php?rest_route=\/wp\/v2\/posts\/5366","targetHints":{"allow":["GET"]}}],"collection":[{"href":"https:\/\/www.huelvaysusfotografos.com\/index.php?rest_route=\/wp\/v2\/posts"}],"about":[{"href":"https:\/\/www.huelvaysusfotografos.com\/index.php?rest_route=\/wp\/v2\/types\/post"}],"author":[{"embeddable":true,"href":"https:\/\/www.huelvaysusfotografos.com\/index.php?rest_route=\/wp\/v2\/users\/8279"}],"replies":[{"embeddable":true,"href":"https:\/\/www.huelvaysusfotografos.com\/index.php?rest_route=%2Fwp%2Fv2%2Fcomments&post=5366"}],"version-history":[{"count":2,"href":"https:\/\/www.huelvaysusfotografos.com\/index.php?rest_route=\/wp\/v2\/posts\/5366\/revisions"}],"predecessor-version":[{"id":5383,"href":"https:\/\/www.huelvaysusfotografos.com\/index.php?rest_route=\/wp\/v2\/posts\/5366\/revisions\/5383"}],"wp:featuredmedia":[{"embeddable":true,"href":"https:\/\/www.huelvaysusfotografos.com\/index.php?rest_route=\/wp\/v2\/media\/5367"}],"wp:attachment":[{"href":"https:\/\/www.huelvaysusfotografos.com\/index.php?rest_route=%2Fwp%2Fv2%2Fmedia&parent=5366"}],"wp:term":[{"taxonomy":"category","embeddable":true,"href":"https:\/\/www.huelvaysusfotografos.com\/index.php?rest_route=%2Fwp%2Fv2%2Fcategories&post=5366"},{"taxonomy":"post_tag","embeddable":true,"href":"https:\/\/www.huelvaysusfotografos.com\/index.php?rest_route=%2Fwp%2Fv2%2Ftags&post=5366"}],"curies":[{"name":"wp","href":"https:\/\/api.w.org\/{rel}","templated":true}]}}