{"id":5360,"date":"2019-04-26T22:12:03","date_gmt":"2019-04-26T20:12:03","guid":{"rendered":"http:\/\/www.huelvaysusfotografos.com\/?p=5360"},"modified":"2019-04-26T22:20:15","modified_gmt":"2019-04-26T20:20:15","slug":"francisco-abad-y-jero-carrasco-ganadores-de-marzo","status":"publish","type":"post","link":"https:\/\/www.huelvaysusfotografos.com\/?p=5360","title":{"rendered":"Francisco Abad y Jero Carrasco ganadores de Marzo"},"content":{"rendered":"\n<p>Estas han sido las dos Fotograf\u00edas Ganadoras de los Concursos mensuales de libre participaci\u00f3n, organizados por la Asociaci\u00f3n Huelva y sus Fot\u00f3grafos.<\/p>\n\n\n\n<p>En el apartado de Mejor Fotograf\u00eda realizada en el mes de Marzo el ganador es:<br><a href=\"https:\/\/www.facebook.com\/profile.php?id=100003299077190&amp;fref=gs&amp;__tn__=%2CdK-R-R&amp;eid=ARDdMLcqhzr5csMOJxeSgBuzLhtoL8XSRUJZ2WEdMinSnY6vU0N9GuCASL6pMOrbq7vTzC-XLBj5sYoR&amp;dti=1571447963099521&amp;hc_location=group\">Francisco Abad Hidalgo<\/a>\u00a0<\/p>\n\n\n\n<figure class=\"wp-block-image\"><img loading=\"lazy\" decoding=\"async\" width=\"960\" height=\"640\" src=\"https:\/\/www.huelvaysusfotografos.com\/wp-content\/uploads\/2019\/04\/Mejor-foto-de-Marzo-1.jpg\" alt=\"\" class=\"wp-image-5363\" srcset=\"https:\/\/www.huelvaysusfotografos.com\/wp-content\/uploads\/2019\/04\/Mejor-foto-de-Marzo-1.jpg 960w, https:\/\/www.huelvaysusfotografos.com\/wp-content\/uploads\/2019\/04\/Mejor-foto-de-Marzo-1-300x200.jpg 300w, https:\/\/www.huelvaysusfotografos.com\/wp-content\/uploads\/2019\/04\/Mejor-foto-de-Marzo-1-768x512.jpg 768w, https:\/\/www.huelvaysusfotografos.com\/wp-content\/uploads\/2019\/04\/Mejor-foto-de-Marzo-1-120x80.jpg 120w\" sizes=\"auto, (max-width: 960px) 100vw, 960px\" \/><\/figure>\n\n\n\n<p>Mientras que en el Concurso tem\u00e1tico \u00abSOMBRAS\u00bb el vencedor ha sido:<br><a href=\"https:\/\/www.facebook.com\/jeronimo.carrascobrejano?fref=gs&amp;__tn__=%2CdK-R-R&amp;eid=ARAHn_hyRcO_ATU7u4gMYL98DcreYpcZn5Hv9AeqhsPX4D29_xm5x9SL6SccxPRG3EQ0rZuvP1ZHAHgi&amp;dti=1571447963099521&amp;hc_location=group\">Jer\u00f3nimo Carrasco Brejano<\/a><\/p>\n\n\n\n<figure class=\"wp-block-image\"><img loading=\"lazy\" decoding=\"async\" width=\"600\" height=\"800\" src=\"https:\/\/www.huelvaysusfotografos.com\/wp-content\/uploads\/2019\/04\/mejor-foto-Sombras-Marzo-2019.jpg\" alt=\"\" class=\"wp-image-5364\" srcset=\"https:\/\/www.huelvaysusfotografos.com\/wp-content\/uploads\/2019\/04\/mejor-foto-Sombras-Marzo-2019.jpg 600w, https:\/\/www.huelvaysusfotografos.com\/wp-content\/uploads\/2019\/04\/mejor-foto-Sombras-Marzo-2019-225x300.jpg 225w\" sizes=\"auto, (max-width: 600px) 100vw, 600px\" \/><\/figure>\n\n\n\n<p>Enhorabuena a ambos<\/p>\n","protected":false},"excerpt":{"rendered":"<p>Estas han sido las dos Fotograf\u00edas Ganadoras de los Concursos mensuales de libre participaci\u00f3n, organizados por la Asociaci\u00f3n Huelva y sus Fot\u00f3grafos. En el apartado de Mejor Fotograf\u00eda realizada en el mes de Marzo el ganador es:Francisco Abad Hidalgo\u00a0 Mientras que en el Concurso tem\u00e1tico \u00abSOMBRAS\u00bb el vencedor ha sido:Jer\u00f3nimo Carrasco Brejano Enhorabuena a ambos<\/p>\n","protected":false},"author":8279,"featured_media":5361,"comment_status":"open","ping_status":"open","sticky":false,"template":"","format":"standard","meta":{"footnotes":"","_links_to":"","_links_to_target":""},"categories":[12],"tags":[],"class_list":["post-5360","post","type-post","status-publish","format-standard","has-post-thumbnail","hentry","category-concursos"],"_links":{"self":[{"href":"https:\/\/www.huelvaysusfotografos.com\/index.php?rest_route=\/wp\/v2\/posts\/5360","targetHints":{"allow":["GET"]}}],"collection":[{"href":"https:\/\/www.huelvaysusfotografos.com\/index.php?rest_route=\/wp\/v2\/posts"}],"about":[{"href":"https:\/\/www.huelvaysusfotografos.com\/index.php?rest_route=\/wp\/v2\/types\/post"}],"author":[{"embeddable":true,"href":"https:\/\/www.huelvaysusfotografos.com\/index.php?rest_route=\/wp\/v2\/users\/8279"}],"replies":[{"embeddable":true,"href":"https:\/\/www.huelvaysusfotografos.com\/index.php?rest_route=%2Fwp%2Fv2%2Fcomments&post=5360"}],"version-history":[{"count":1,"href":"https:\/\/www.huelvaysusfotografos.com\/index.php?rest_route=\/wp\/v2\/posts\/5360\/revisions"}],"predecessor-version":[{"id":5365,"href":"https:\/\/www.huelvaysusfotografos.com\/index.php?rest_route=\/wp\/v2\/posts\/5360\/revisions\/5365"}],"wp:featuredmedia":[{"embeddable":true,"href":"https:\/\/www.huelvaysusfotografos.com\/index.php?rest_route=\/wp\/v2\/media\/5361"}],"wp:attachment":[{"href":"https:\/\/www.huelvaysusfotografos.com\/index.php?rest_route=%2Fwp%2Fv2%2Fmedia&parent=5360"}],"wp:term":[{"taxonomy":"category","embeddable":true,"href":"https:\/\/www.huelvaysusfotografos.com\/index.php?rest_route=%2Fwp%2Fv2%2Fcategories&post=5360"},{"taxonomy":"post_tag","embeddable":true,"href":"https:\/\/www.huelvaysusfotografos.com\/index.php?rest_route=%2Fwp%2Fv2%2Ftags&post=5360"}],"curies":[{"name":"wp","href":"https:\/\/api.w.org\/{rel}","templated":true}]}}