{"id":5347,"date":"2019-04-09T18:42:55","date_gmt":"2019-04-09T16:42:55","guid":{"rendered":"http:\/\/www.huelvaysusfotografos.com\/?p=5347"},"modified":"2019-04-09T18:42:57","modified_gmt":"2019-04-09T16:42:57","slug":"inauguracion-exposicion-semana-santa-en-espacio-rubens","status":"publish","type":"post","link":"https:\/\/www.huelvaysusfotografos.com\/?p=5347","title":{"rendered":"Inauguraci\u00f3n Exposici\u00f3n Semana Santa en espacio Rubens"},"content":{"rendered":"\n<p>La Asociaci\u00f3n Huelva y sus\nfot\u00f3grafos inauguraba en la tarde noche de ayer una exposici\u00f3n fotogr\u00e1fica con\nmotivos de Semana Santa.<\/p>\n\n\n\n<p>Una exposici\u00f3n compuesta de 25\nfotograf\u00edas en Blanco y Negro que se podr\u00e1 visitar desde el 8 al 30 de abril.<\/p>\n\n\n\n<p>En total son 25 fotograf\u00edas\ncofrades en blanco y negro las que conforman la muestra, de los siguientes\nsocios y socias:<\/p>\n\n\n\n<p>Pedro J. Ruiz-Constantino P\u00e9rez&nbsp;&nbsp;&nbsp;&nbsp;&nbsp;&nbsp;&nbsp;&nbsp;&nbsp;&nbsp;&nbsp;&nbsp;&nbsp;&nbsp;&nbsp;&nbsp;&nbsp;&nbsp;&nbsp;&nbsp;&nbsp;&nbsp;&nbsp;&nbsp;&nbsp;&nbsp;&nbsp;&nbsp;&nbsp;&nbsp;&nbsp;&nbsp;&nbsp;&nbsp;&nbsp;&nbsp;&nbsp;&nbsp;&nbsp;&nbsp;&nbsp;&nbsp;&nbsp;&nbsp;&nbsp;&nbsp;&nbsp;&nbsp;&nbsp;&nbsp;&nbsp;&nbsp;&nbsp;&nbsp;&nbsp;&nbsp;&nbsp;&nbsp;&nbsp;&nbsp;&nbsp;&nbsp;&nbsp;&nbsp;&nbsp;&nbsp;&nbsp;&nbsp;&nbsp;&nbsp;&nbsp;&nbsp;&nbsp;&nbsp;&nbsp;&nbsp;&nbsp;&nbsp;&nbsp;&nbsp;&nbsp;&nbsp;&nbsp;&nbsp;&nbsp;&nbsp;&nbsp;&nbsp;&nbsp;&nbsp;&nbsp;&nbsp;&nbsp;\n&nbsp;&nbsp;&nbsp;&nbsp;&nbsp;&nbsp;&nbsp;&nbsp;&nbsp;&nbsp;&nbsp;&nbsp;&nbsp;&nbsp;&nbsp;&nbsp;&nbsp;&nbsp;&nbsp;&nbsp;&nbsp;&nbsp;&nbsp;&nbsp;&nbsp;&nbsp;&nbsp;&nbsp;Jos\u00e9\nLuis Arizmendi Llanes<\/p>\n\n\n\n<p>Paco Gil Salguero<\/p>\n\n\n\n<p>Cristina Garc\u00eda\nJurado-Centuri\u00f3n<\/p>\n\n\n\n<p>Carmen Torres Chaguaceda<\/p>\n\n\n\n<p>Mari Carmen Mac\u00edas Caparros<\/p>\n\n\n\n<p>Aurora Martin Mar\u00edn<\/p>\n\n\n\n<p>Alicia Clerencia Adanero<\/p>\n\n\n\n<p>Jer\u00f3nimo Carrasco Brejano<\/p>\n\n\n\n<p>Mat\u00edas Brea Prieto<\/p>\n\n\n\n<p>Flor N\u00fa\u00f1ez Nieto<\/p>\n\n\n\n<p>Pepe Orube Miguel<\/p>\n\n\n\n<p>Jes\u00fas Carrasco Dom\u00ednguez<\/p>\n\n\n\n<p>Estanislao Garc\u00eda Rey<\/p>\n\n\n\n<p>Rafael LLanes G\u00f3mez<\/p>\n\n\n\n<p>Carmelo Garc\u00eda Hern\u00e1ndez<\/p>\n\n\n\n<p>Juan Martin Hern\u00e1ndez<\/p>\n\n\n\n<p>Pilar Rodr\u00edguez Barranco<\/p>\n\n\n\n<p>Jose Ram\u00f3n Cazorla<\/p>\n\n\n\n<p>Sonia Herencia Anillo<\/p>\n\n\n\n<p>Manolo Pascual Bonaque<\/p>\n\n\n\n<p>David Guerra<\/p>\n\n\n\n<p>Eva Herencia Anillo<\/p>\n\n\n\n<p>Sergio Llagas Rodr\u00edguez<\/p>\n\n\n\n<p>Roc\u00edo Escudero Alfonso<\/p>\n","protected":false},"excerpt":{"rendered":"<p>La Asociaci\u00f3n Huelva y sus fot\u00f3grafos inauguraba en la tarde noche de ayer una exposici\u00f3n fotogr\u00e1fica con motivos de Semana Santa. Una exposici\u00f3n compuesta de 25 fotograf\u00edas en Blanco y Negro que se podr\u00e1 visitar desde el 8 al 30 de abril. En total son 25 fotograf\u00edas cofrades en blanco y negro las que conforman la muestra, de los siguientes socios y socias: Pedro J. Ruiz-Constantino P\u00e9rez&nbsp;&nbsp;&nbsp;&nbsp;&nbsp;&nbsp;&nbsp;&nbsp;&nbsp;&nbsp;&nbsp;&nbsp;&nbsp;&nbsp;&nbsp;&nbsp;&nbsp;&nbsp;&nbsp;&nbsp;&nbsp;&nbsp;&nbsp;&nbsp;&nbsp;&nbsp;&nbsp;&nbsp;&nbsp;&nbsp;&nbsp;&nbsp;&nbsp;&nbsp;&nbsp;&nbsp;&nbsp;&nbsp;&nbsp;&nbsp;&nbsp;&nbsp;&nbsp;&nbsp;&nbsp;&nbsp;&nbsp;&nbsp;&nbsp;&nbsp;&nbsp;&nbsp;&nbsp;&nbsp;&nbsp;&nbsp;&nbsp;&nbsp;&nbsp;&nbsp;&nbsp;&nbsp;&nbsp;&nbsp;&nbsp;&nbsp;&nbsp;&nbsp;&nbsp;&nbsp;&nbsp;&nbsp;&nbsp;&nbsp;&nbsp;&nbsp;&nbsp;&nbsp;&nbsp;&nbsp;&nbsp;&nbsp;&nbsp;&nbsp;&nbsp;&nbsp;&nbsp;&nbsp;&nbsp;&nbsp;&nbsp;&nbsp;&nbsp; &nbsp;&nbsp;&nbsp;&nbsp;&nbsp;&nbsp;&nbsp;&nbsp;&nbsp;&nbsp;&nbsp;&nbsp;&nbsp;&nbsp;&nbsp;&nbsp;&nbsp;&nbsp;&nbsp;&nbsp;&nbsp;&nbsp;&nbsp;&nbsp;&nbsp;&nbsp;&nbsp;&nbsp;Jos\u00e9 Luis Arizmendi<\/p>\n<div class=\"belowpost\"><a class=\"btnmore\" href=\"https:\/\/www.huelvaysusfotografos.com\/?p=5347\">Seguir leyendo<\/a><\/div>\n","protected":false},"author":8279,"featured_media":5348,"comment_status":"open","ping_status":"open","sticky":false,"template":"","format":"standard","meta":{"footnotes":"","_links_to":"","_links_to_target":""},"categories":[23],"tags":[],"class_list":["post-5347","post","type-post","status-publish","format-standard","has-post-thumbnail","hentry","category-exposiciones"],"_links":{"self":[{"href":"https:\/\/www.huelvaysusfotografos.com\/index.php?rest_route=\/wp\/v2\/posts\/5347","targetHints":{"allow":["GET"]}}],"collection":[{"href":"https:\/\/www.huelvaysusfotografos.com\/index.php?rest_route=\/wp\/v2\/posts"}],"about":[{"href":"https:\/\/www.huelvaysusfotografos.com\/index.php?rest_route=\/wp\/v2\/types\/post"}],"author":[{"embeddable":true,"href":"https:\/\/www.huelvaysusfotografos.com\/index.php?rest_route=\/wp\/v2\/users\/8279"}],"replies":[{"embeddable":true,"href":"https:\/\/www.huelvaysusfotografos.com\/index.php?rest_route=%2Fwp%2Fv2%2Fcomments&post=5347"}],"version-history":[{"count":1,"href":"https:\/\/www.huelvaysusfotografos.com\/index.php?rest_route=\/wp\/v2\/posts\/5347\/revisions"}],"predecessor-version":[{"id":5349,"href":"https:\/\/www.huelvaysusfotografos.com\/index.php?rest_route=\/wp\/v2\/posts\/5347\/revisions\/5349"}],"wp:featuredmedia":[{"embeddable":true,"href":"https:\/\/www.huelvaysusfotografos.com\/index.php?rest_route=\/wp\/v2\/media\/5348"}],"wp:attachment":[{"href":"https:\/\/www.huelvaysusfotografos.com\/index.php?rest_route=%2Fwp%2Fv2%2Fmedia&parent=5347"}],"wp:term":[{"taxonomy":"category","embeddable":true,"href":"https:\/\/www.huelvaysusfotografos.com\/index.php?rest_route=%2Fwp%2Fv2%2Fcategories&post=5347"},{"taxonomy":"post_tag","embeddable":true,"href":"https:\/\/www.huelvaysusfotografos.com\/index.php?rest_route=%2Fwp%2Fv2%2Ftags&post=5347"}],"curies":[{"name":"wp","href":"https:\/\/api.w.org\/{rel}","templated":true}]}}