{"id":5315,"date":"2019-03-16T09:02:26","date_gmt":"2019-03-16T08:02:26","guid":{"rendered":"http:\/\/www.huelvaysusfotografos.com\/?p=5315"},"modified":"2019-03-16T09:02:28","modified_gmt":"2019-03-16T08:02:28","slug":"la-asociacion-huelva-y-sus-fotografos-se-suma-a-instagram","status":"publish","type":"post","link":"https:\/\/www.huelvaysusfotografos.com\/?p=5315","title":{"rendered":"La Asociaci\u00f3n Huelva y sus fot\u00f3grafos se suma a Instagram"},"content":{"rendered":"\n<p>Continuamos con nuestro \u00e1nimo\nde dar a conocer la Asociaci\u00f3n Huelva y sus Fot\u00f3grafos a trav\u00e9s de las Redes\nSociales y es por ello que nace la inquietud de formar parte de la familia de\nInstagram.<\/p>\n\n\n\n<p>Fue el pasado 6 de marzo cuando\ninici\u00e1bamos este nuevo camino, ser\u00e1n nuestras compa\u00f1eras Aurora y Roc\u00edo,\nquienes gestiones esta cuenta de la Asociaci\u00f3n. <\/p>\n\n\n\n<p><em>Para\nseguirnos este es el enlace de cuenta de la Asociaci\u00f3n<\/em><\/p>\n\n\n\n<p><a href=\"https:\/\/www.instagram.com\/huelvaysf\/\">https:\/\/www.instagram.com\/huelvaysf\/<\/a><\/p>\n\n\n\n<p>Si quer\u00e9is subir fotos y que\npodamos verlas en la cuenta, deb\u00e9is poner el hastag &nbsp;<a href=\"https:\/\/www.instagram.com\/explore\/tags\/huelvaysusfotografos\/\">#huelvaysusfotografos<\/a><\/p>\n\n\n\n<p>Os animamos a formar parte de\nesta familia y que nos sig\u00e1is. <\/p>\n","protected":false},"excerpt":{"rendered":"<p>Continuamos con nuestro \u00e1nimo de dar a conocer la Asociaci\u00f3n Huelva y sus Fot\u00f3grafos a trav\u00e9s de las Redes Sociales y es por ello que nace la inquietud de formar parte de la familia de Instagram. Fue el pasado 6 de marzo cuando inici\u00e1bamos este nuevo camino, ser\u00e1n nuestras compa\u00f1eras Aurora y Roc\u00edo, quienes gestiones esta cuenta de la Asociaci\u00f3n. Para seguirnos este es el enlace de cuenta de la<\/p>\n<div class=\"belowpost\"><a class=\"btnmore\" href=\"https:\/\/www.huelvaysusfotografos.com\/?p=5315\">Seguir leyendo<\/a><\/div>\n","protected":false},"author":8279,"featured_media":3612,"comment_status":"open","ping_status":"open","sticky":false,"template":"","format":"standard","meta":{"footnotes":"","_links_to":"","_links_to_target":""},"categories":[162],"tags":[],"class_list":["post-5315","post","type-post","status-publish","format-standard","has-post-thumbnail","hentry","category-redes-sociales"],"_links":{"self":[{"href":"https:\/\/www.huelvaysusfotografos.com\/index.php?rest_route=\/wp\/v2\/posts\/5315","targetHints":{"allow":["GET"]}}],"collection":[{"href":"https:\/\/www.huelvaysusfotografos.com\/index.php?rest_route=\/wp\/v2\/posts"}],"about":[{"href":"https:\/\/www.huelvaysusfotografos.com\/index.php?rest_route=\/wp\/v2\/types\/post"}],"author":[{"embeddable":true,"href":"https:\/\/www.huelvaysusfotografos.com\/index.php?rest_route=\/wp\/v2\/users\/8279"}],"replies":[{"embeddable":true,"href":"https:\/\/www.huelvaysusfotografos.com\/index.php?rest_route=%2Fwp%2Fv2%2Fcomments&post=5315"}],"version-history":[{"count":1,"href":"https:\/\/www.huelvaysusfotografos.com\/index.php?rest_route=\/wp\/v2\/posts\/5315\/revisions"}],"predecessor-version":[{"id":5316,"href":"https:\/\/www.huelvaysusfotografos.com\/index.php?rest_route=\/wp\/v2\/posts\/5315\/revisions\/5316"}],"wp:featuredmedia":[{"embeddable":true,"href":"https:\/\/www.huelvaysusfotografos.com\/index.php?rest_route=\/wp\/v2\/media\/3612"}],"wp:attachment":[{"href":"https:\/\/www.huelvaysusfotografos.com\/index.php?rest_route=%2Fwp%2Fv2%2Fmedia&parent=5315"}],"wp:term":[{"taxonomy":"category","embeddable":true,"href":"https:\/\/www.huelvaysusfotografos.com\/index.php?rest_route=%2Fwp%2Fv2%2Fcategories&post=5315"},{"taxonomy":"post_tag","embeddable":true,"href":"https:\/\/www.huelvaysusfotografos.com\/index.php?rest_route=%2Fwp%2Fv2%2Ftags&post=5315"}],"curies":[{"name":"wp","href":"https:\/\/api.w.org\/{rel}","templated":true}]}}