{"id":5309,"date":"2019-01-15T09:36:58","date_gmt":"2019-01-15T08:36:58","guid":{"rendered":"http:\/\/www.huelvaysusfotografos.com\/?p=5309"},"modified":"2019-03-15T09:38:13","modified_gmt":"2019-03-15T08:38:13","slug":"inauguracion-exposicion-anual-fotografia-de-calle-en-blanco-y-negro","status":"publish","type":"post","link":"https:\/\/www.huelvaysusfotografos.com\/?p=5309","title":{"rendered":"Inauguraci\u00f3n Exposici\u00f3n Anual Fotograf\u00eda de Calle en Blanco y Negro"},"content":{"rendered":"\n<p>Seguimos con las actividades de\nla Asociaci\u00f3n Huelva y sus fot\u00f3grafos.<\/p>\n\n\n\n<p>Este lunes, 14 de enero, ha\ntenido lugar el acto inaugural de la&nbsp;<strong>muestra que organiza \u2018Huelva y sus\nfot\u00f3grafos\u2019<\/strong>, que ha contado con la presencia del alcalde de Huelva,\nGrabriel Cruz, y el presidente de la Caja Rural del Sur, Jos\u00e9 Luis Garc\u00eda\nPalacios. La muestra permanecer\u00e1 abierta en la Sala de Exposiciones de la\nFundaci\u00f3n Caja Rural del Sur hasta el pr\u00f3ximo 26 de enero.<\/p>\n\n\n\n<p>Un a\u00f1o m\u00e1s, la Asociaci\u00f3n\n\u2018Huelva y sus Fot\u00f3grafos\u2019&nbsp;se adentra en el mundo de la imagen con un nuevo\nproyecto&nbsp; expositivo.&nbsp;<strong>En esta ocasi\u00f3n 37 socios<\/strong>&nbsp;se\ncentran en tres ejes determinantes: el Blanco y Negro, la fotograf\u00eda de <strong>calle\ny Huelva<\/strong>&nbsp;(ciudad y provincia).<\/p>\n\n\n\n<p>La fotograf\u00eda de calle ha sido\nun g\u00e9nero muy desarrollado durante parte del siglo XX y en la actualidad est\u00e1\ncobrando un nuevo espacio. Muchos de aquellos fot\u00f3grafos iniciados, hablaban de\nque la fotograf\u00eda de calle en esencia deb\u00eda ser la espont\u00e1nea, que captara un\nmomento inesperado\u2026 (Aunque es cierto que algunos fot\u00f3grafos interven\u00edan la\nrealidad), donde el fot\u00f3grafo pasaba desapercibido. La definen como una\nfotograf\u00eda que tiene que ver con la vida cotidiana que las propias gentes\ngeneran en las calles y espacios p\u00fablicos, tiene que ver con captar la realidad\nque se encuentra el fot\u00f3grafo.&nbsp;Algunos temas cl\u00e1sicos son&nbsp;luces\ny&nbsp;sombras,&nbsp;fotograf\u00edas c\u00e1ndidas de desconocidos,&nbsp;personas y\ngeometr\u00edas,&nbsp;aproximaciones \u201cduras\u201d,&nbsp;humor e iron\u00eda o&nbsp;vida\ncotidiana\u2026 de todo esto habr\u00e1 en nuestra exposici\u00f3n; Y luego Huelva, nuestra\nseductora tierra que ofrece en su conjunto una rica y variada oferta de\nestampas en sus calles.<\/p>\n\n\n\n<p>Los fot\u00f3grafos participantes\nson: Alicia Clerencia; Ana Mar\u00eda C\u00e1liz; Antonio Hald\u00f3n Garc\u00eda; Antonio Le\u00f1a\nGuill\u00e9n; Carmelo V\u00e1zquez; Caye Santana; Clara Verdier; Cristina Centuri\u00f3n;\nDavid Guerra D\u00edaz; Dulfi Doulfikar; Elena S\u00e1nchez Balonga;Estanislao Garc\u00eda;\nFlor N\u00fa\u00f1ez; Jero Carrasco; Joaqu\u00edn Llagas; Jonathan Ben\u00edtez; Jos\u00e9 Luis\nArizmendi; Jos\u00e9 Mar\u00eda Est\u00e9vez: Jos\u00e9 Prieto Ramblado; Juan Carlos Segura Novoa;\nJuana Mart\u00edn; Juli\u00e1n Ro Di; Manolo Pascual; Manolo Silva; Manuel Quintero\nM\u00e1rquez; Mar\u00eda Dolores Blesa; Mari Carmen Mac\u00edas Caparr\u00f3s; Mar\u00eda Izquierdo;\nNarciso Perera Ant\u00fanez; Paco Gil; Pedro J. Ruiz- Constantino P\u00e9rez; Pilar\nRodr\u00edguez Barranco; Roc\u00edo Escudero Alfonso; Sergio Llagas Rodr\u00edguez; Sim\u00f3n\nNoriega Rivera; Sonia Herencia; y Sonia V\u00e1zquez<\/p>\n","protected":false},"excerpt":{"rendered":"<p>Seguimos con las actividades de la Asociaci\u00f3n Huelva y sus fot\u00f3grafos. Este lunes, 14 de enero, ha tenido lugar el acto inaugural de la&nbsp;muestra que organiza \u2018Huelva y sus fot\u00f3grafos\u2019, que ha contado con la presencia del alcalde de Huelva, Grabriel Cruz, y el presidente de la Caja Rural del Sur, Jos\u00e9 Luis Garc\u00eda Palacios. La muestra permanecer\u00e1 abierta en la Sala de Exposiciones de la Fundaci\u00f3n Caja Rural del<\/p>\n<div class=\"belowpost\"><a class=\"btnmore\" href=\"https:\/\/www.huelvaysusfotografos.com\/?p=5309\">Seguir leyendo<\/a><\/div>\n","protected":false},"author":8279,"featured_media":5310,"comment_status":"open","ping_status":"open","sticky":false,"template":"","format":"standard","meta":{"footnotes":"","_links_to":"","_links_to_target":""},"categories":[23],"tags":[],"class_list":["post-5309","post","type-post","status-publish","format-standard","has-post-thumbnail","hentry","category-exposiciones"],"_links":{"self":[{"href":"https:\/\/www.huelvaysusfotografos.com\/index.php?rest_route=\/wp\/v2\/posts\/5309","targetHints":{"allow":["GET"]}}],"collection":[{"href":"https:\/\/www.huelvaysusfotografos.com\/index.php?rest_route=\/wp\/v2\/posts"}],"about":[{"href":"https:\/\/www.huelvaysusfotografos.com\/index.php?rest_route=\/wp\/v2\/types\/post"}],"author":[{"embeddable":true,"href":"https:\/\/www.huelvaysusfotografos.com\/index.php?rest_route=\/wp\/v2\/users\/8279"}],"replies":[{"embeddable":true,"href":"https:\/\/www.huelvaysusfotografos.com\/index.php?rest_route=%2Fwp%2Fv2%2Fcomments&post=5309"}],"version-history":[{"count":1,"href":"https:\/\/www.huelvaysusfotografos.com\/index.php?rest_route=\/wp\/v2\/posts\/5309\/revisions"}],"predecessor-version":[{"id":5311,"href":"https:\/\/www.huelvaysusfotografos.com\/index.php?rest_route=\/wp\/v2\/posts\/5309\/revisions\/5311"}],"wp:featuredmedia":[{"embeddable":true,"href":"https:\/\/www.huelvaysusfotografos.com\/index.php?rest_route=\/wp\/v2\/media\/5310"}],"wp:attachment":[{"href":"https:\/\/www.huelvaysusfotografos.com\/index.php?rest_route=%2Fwp%2Fv2%2Fmedia&parent=5309"}],"wp:term":[{"taxonomy":"category","embeddable":true,"href":"https:\/\/www.huelvaysusfotografos.com\/index.php?rest_route=%2Fwp%2Fv2%2Fcategories&post=5309"},{"taxonomy":"post_tag","embeddable":true,"href":"https:\/\/www.huelvaysusfotografos.com\/index.php?rest_route=%2Fwp%2Fv2%2Ftags&post=5309"}],"curies":[{"name":"wp","href":"https:\/\/api.w.org\/{rel}","templated":true}]}}