{"id":5306,"date":"2019-01-07T09:27:41","date_gmt":"2019-01-07T08:27:41","guid":{"rendered":"http:\/\/www.huelvaysusfotografos.com\/?p=5306"},"modified":"2019-03-15T09:28:49","modified_gmt":"2019-03-15T08:28:49","slug":"exposicion-anual-fotografia-de-calle-en-blanco-y-negro","status":"publish","type":"post","link":"https:\/\/www.huelvaysusfotografos.com\/?p=5306","title":{"rendered":"Exposici\u00f3n Anual Fotograf\u00eda de Calle en Blanco y Negro"},"content":{"rendered":"\n<p>Seguimos con las actividades de\nla Asociaci\u00f3n Huelva y sus fot\u00f3grafos.<\/p>\n\n\n\n<p>Se trata de una muestra en\nBlanco y Negro de im\u00e1genes de Calle que parte de los socios muestran en esta\nexposici\u00f3n.<\/p>\n\n\n\n<p>Como en a\u00f1os anteriores, ser\u00e1\nla sala de exposiciones de la Caja Rural del Sur, quien acoja esta muestra.<\/p>\n\n\n\n<p>Inauguramos el pr\u00f3ximo lunes 14\nde enero a las 20.00 horas, contando con la presencia del Presidente de la Caja\nRural del Sur, D. Jos\u00e9 Luis Garc\u00eda-Palacios \u00c1lvarez y el Ilmo. Sr. Alcalde de\nHuelva D. Gabriel Cruz.<\/p>\n\n\n\n<p>La exposici\u00f3n estar\u00e1 abierta al\np\u00fablico del 14 al 26 de enero en horario de 18 a 21 horas. &nbsp;<\/p>\n","protected":false},"excerpt":{"rendered":"<p>Seguimos con las actividades de la Asociaci\u00f3n Huelva y sus fot\u00f3grafos. Se trata de una muestra en Blanco y Negro de im\u00e1genes de Calle que parte de los socios muestran en esta exposici\u00f3n. Como en a\u00f1os anteriores, ser\u00e1 la sala de exposiciones de la Caja Rural del Sur, quien acoja esta muestra. Inauguramos el pr\u00f3ximo lunes 14 de enero a las 20.00 horas, contando con la presencia del Presidente de<\/p>\n<div class=\"belowpost\"><a class=\"btnmore\" href=\"https:\/\/www.huelvaysusfotografos.com\/?p=5306\">Seguir leyendo<\/a><\/div>\n","protected":false},"author":8279,"featured_media":5307,"comment_status":"open","ping_status":"open","sticky":false,"template":"","format":"standard","meta":{"footnotes":"","_links_to":"","_links_to_target":""},"categories":[23],"tags":[],"class_list":["post-5306","post","type-post","status-publish","format-standard","has-post-thumbnail","hentry","category-exposiciones"],"_links":{"self":[{"href":"https:\/\/www.huelvaysusfotografos.com\/index.php?rest_route=\/wp\/v2\/posts\/5306","targetHints":{"allow":["GET"]}}],"collection":[{"href":"https:\/\/www.huelvaysusfotografos.com\/index.php?rest_route=\/wp\/v2\/posts"}],"about":[{"href":"https:\/\/www.huelvaysusfotografos.com\/index.php?rest_route=\/wp\/v2\/types\/post"}],"author":[{"embeddable":true,"href":"https:\/\/www.huelvaysusfotografos.com\/index.php?rest_route=\/wp\/v2\/users\/8279"}],"replies":[{"embeddable":true,"href":"https:\/\/www.huelvaysusfotografos.com\/index.php?rest_route=%2Fwp%2Fv2%2Fcomments&post=5306"}],"version-history":[{"count":1,"href":"https:\/\/www.huelvaysusfotografos.com\/index.php?rest_route=\/wp\/v2\/posts\/5306\/revisions"}],"predecessor-version":[{"id":5308,"href":"https:\/\/www.huelvaysusfotografos.com\/index.php?rest_route=\/wp\/v2\/posts\/5306\/revisions\/5308"}],"wp:featuredmedia":[{"embeddable":true,"href":"https:\/\/www.huelvaysusfotografos.com\/index.php?rest_route=\/wp\/v2\/media\/5307"}],"wp:attachment":[{"href":"https:\/\/www.huelvaysusfotografos.com\/index.php?rest_route=%2Fwp%2Fv2%2Fmedia&parent=5306"}],"wp:term":[{"taxonomy":"category","embeddable":true,"href":"https:\/\/www.huelvaysusfotografos.com\/index.php?rest_route=%2Fwp%2Fv2%2Fcategories&post=5306"},{"taxonomy":"post_tag","embeddable":true,"href":"https:\/\/www.huelvaysusfotografos.com\/index.php?rest_route=%2Fwp%2Fv2%2Ftags&post=5306"}],"curies":[{"name":"wp","href":"https:\/\/api.w.org\/{rel}","templated":true}]}}