{"id":5304,"date":"2019-03-15T01:14:34","date_gmt":"2019-03-15T00:14:34","guid":{"rendered":"http:\/\/www.huelvaysusfotografos.com\/?p=5304"},"modified":"2019-03-23T20:36:55","modified_gmt":"2019-03-23T19:36:55","slug":"exposicion-semana-santa-en-rubbens","status":"publish","type":"post","link":"https:\/\/www.huelvaysusfotografos.com\/?p=5304","title":{"rendered":"Exposici\u00f3n Semana Santa en Rubens"},"content":{"rendered":"\n<p>Seguimos con las actividades de\nla Asociaci\u00f3n Huelva y sus fot\u00f3grafos.<\/p>\n\n\n\n<p>Se trata de una muestra en\nBlanco y Negro de im\u00e1genes de Semana Santa, en tama\u00f1o de 40 x 60.<\/p>\n\n\n\n<p>Tomar\u00e1n parte en esta exposici\u00f3n unos veinticuatro socios, con fotos in\u00e9ditas y originales de momentos de la Semana Santa Onubense.<\/p>\n\n\n\n<p>1.- Pedro J. Ruiz-Constantino P\u00e9rez<\/p>\n\n\n\n<p>2.- Jos\u00e9 Luis Arizmendi Llanes<\/p>\n\n\n\n<p>3.- Paco Gil <\/p>\n\n\n\n<p>4.- Cristina Garc\u00eda Jurado-Centuri\u00f3n<\/p>\n\n\n\n<p>5.- Carmen Torres Chaguaceda <\/p>\n\n\n\n<p>6.- Mari Carmen Mac\u00edas Caparros\n<\/p>\n\n\n\n<p>7.- Aurora Martin Mar\u00edn<\/p>\n\n\n\n<p>8.- Alicia Clerencia<\/p>\n\n\n\n<p>9.- Jer\u00f3nimo Carrasco Brejano <\/p>\n\n\n\n<p>10.- Mat\u00edas Brea <\/p>\n\n\n\n<p>11.- Flor N\u00fa\u00f1ez Nieto <\/p>\n\n\n\n<p>12.- Pepe Orube <\/p>\n\n\n\n<p>13.- Jes\u00fas Carrasco <\/p>\n\n\n\n<p>14.- Estanislao H Garc\u00eda Rey<\/p>\n\n\n\n<p>15.- Rafael Llanes G\u00f3mez<\/p>\n\n\n\n<p>16.-Carmelo Garc\u00eda Hern\u00e1ndez <\/p>\n\n\n\n<p>17.- Juan Martin Hern\u00e1ndez <\/p>\n\n\n\n<p>18.- Pilar Rodr\u00edguez Barranco <\/p>\n\n\n\n<p>19.- Jose Ram\u00f3n Cazorla Fern\u00e1ndez\n&nbsp;<\/p>\n\n\n\n<p>20.- David Guerra D\u00edaz<\/p>\n\n\n\n<p>21.- Sonia Herencia Anillo<\/p>\n\n\n\n<p>22.- Manolo Pascual <\/p>\n\n\n\n<p>23.- Eva Herencia Anillo<\/p>\n\n\n\n<p>24.- Sergio Llagas Rodr\u00edguez <\/p>\n\n\n\n<p>La exposici\u00f3n ser\u00e1 visitable en\nel Bar Rubbens de la Plaza de Las Monjas de Huelva Capital del 8 al 30 de\nAbril.<\/p>\n\n\n\n<p>Visitable en horario de\ncafeter\u00eda. <\/p>\n","protected":false},"excerpt":{"rendered":"<p>Seguimos con las actividades de la Asociaci\u00f3n Huelva y sus fot\u00f3grafos. Se trata de una muestra en Blanco y Negro de im\u00e1genes de Semana Santa, en tama\u00f1o de 40 x 60. Tomar\u00e1n parte en esta exposici\u00f3n unos veinticuatro socios, con fotos in\u00e9ditas y originales de momentos de la Semana Santa Onubense. 1.- Pedro J. Ruiz-Constantino P\u00e9rez 2.- Jos\u00e9 Luis Arizmendi Llanes 3.- Paco Gil 4.- Cristina Garc\u00eda Jurado-Centuri\u00f3n 5.- Carmen<\/p>\n<div class=\"belowpost\"><a class=\"btnmore\" href=\"https:\/\/www.huelvaysusfotografos.com\/?p=5304\">Seguir leyendo<\/a><\/div>\n","protected":false},"author":8279,"featured_media":5317,"comment_status":"open","ping_status":"closed","sticky":false,"template":"","format":"standard","meta":{"footnotes":"","_links_to":"","_links_to_target":""},"categories":[23],"tags":[],"class_list":["post-5304","post","type-post","status-publish","format-standard","has-post-thumbnail","hentry","category-exposiciones"],"_links":{"self":[{"href":"https:\/\/www.huelvaysusfotografos.com\/index.php?rest_route=\/wp\/v2\/posts\/5304","targetHints":{"allow":["GET"]}}],"collection":[{"href":"https:\/\/www.huelvaysusfotografos.com\/index.php?rest_route=\/wp\/v2\/posts"}],"about":[{"href":"https:\/\/www.huelvaysusfotografos.com\/index.php?rest_route=\/wp\/v2\/types\/post"}],"author":[{"embeddable":true,"href":"https:\/\/www.huelvaysusfotografos.com\/index.php?rest_route=\/wp\/v2\/users\/8279"}],"replies":[{"embeddable":true,"href":"https:\/\/www.huelvaysusfotografos.com\/index.php?rest_route=%2Fwp%2Fv2%2Fcomments&post=5304"}],"version-history":[{"count":4,"href":"https:\/\/www.huelvaysusfotografos.com\/index.php?rest_route=\/wp\/v2\/posts\/5304\/revisions"}],"predecessor-version":[{"id":5320,"href":"https:\/\/www.huelvaysusfotografos.com\/index.php?rest_route=\/wp\/v2\/posts\/5304\/revisions\/5320"}],"wp:featuredmedia":[{"embeddable":true,"href":"https:\/\/www.huelvaysusfotografos.com\/index.php?rest_route=\/wp\/v2\/media\/5317"}],"wp:attachment":[{"href":"https:\/\/www.huelvaysusfotografos.com\/index.php?rest_route=%2Fwp%2Fv2%2Fmedia&parent=5304"}],"wp:term":[{"taxonomy":"category","embeddable":true,"href":"https:\/\/www.huelvaysusfotografos.com\/index.php?rest_route=%2Fwp%2Fv2%2Fcategories&post=5304"},{"taxonomy":"post_tag","embeddable":true,"href":"https:\/\/www.huelvaysusfotografos.com\/index.php?rest_route=%2Fwp%2Fv2%2Ftags&post=5304"}],"curies":[{"name":"wp","href":"https:\/\/api.w.org\/{rel}","templated":true}]}}