{"id":5296,"date":"2019-03-06T23:09:59","date_gmt":"2019-03-06T22:09:59","guid":{"rendered":"http:\/\/www.huelvaysusfotografos.com\/?p=5296"},"modified":"2019-03-15T00:56:17","modified_gmt":"2019-03-14T23:56:17","slug":"curso-de-instagram-una-nueva-actividad","status":"publish","type":"post","link":"https:\/\/www.huelvaysusfotografos.com\/?p=5296","title":{"rendered":"Curso de Instagram, una nueva actividad"},"content":{"rendered":"\n<h2 class=\"wp-block-heading\">Nueva actividad del mes de marzo<\/h2>\n\n\n\n<p>Seguimos con las actividades de\nla Asociaci\u00f3n Huelva y sus fot\u00f3grafos.<\/p>\n\n\n\n<p>Nuestro compa\u00f1ero Manuel\nV\u00e1zquez nos mostrar\u00e1 de forma activa el uso y manejo de Instagram, como herramienta\npara nuestro perfil de la asociaci\u00f3n y aquellos que deseen formar parte de esta\nred social. <\/p>\n\n\n\n<p>No te pierdas este jueves 7 de\nmarzo a las 20 horas esta interesante actividad de la Asociaci\u00f3n.<\/p>\n\n\n\n<p>Te esperamos en Pizzer\u00eda G\u00e9nova,\nen Avda. de Uni\u00f3n Europea, 2 de Huelva. <\/p>\n\n\n\n<p><\/p>\n","protected":false},"excerpt":{"rendered":"<p>Nueva actividad del mes de marzo Seguimos con las actividades de la Asociaci\u00f3n Huelva y sus fot\u00f3grafos. Nuestro compa\u00f1ero Manuel V\u00e1zquez nos mostrar\u00e1 de forma activa el uso y manejo de Instagram, como herramienta para nuestro perfil de la asociaci\u00f3n y aquellos que deseen formar parte de esta red social. No te pierdas este jueves 7 de marzo a las 20 horas esta interesante actividad de la Asociaci\u00f3n. Te esperamos<\/p>\n<div class=\"belowpost\"><a class=\"btnmore\" href=\"https:\/\/www.huelvaysusfotografos.com\/?p=5296\">Seguir leyendo<\/a><\/div>\n","protected":false},"author":8279,"featured_media":5297,"comment_status":"open","ping_status":"open","sticky":false,"template":"","format":"standard","meta":{"footnotes":"","_links_to":"","_links_to_target":""},"categories":[4,7,32],"tags":[],"class_list":["post-5296","post","type-post","status-publish","format-standard","has-post-thumbnail","hentry","category-actividades","category-talleres","category-tertulias"],"_links":{"self":[{"href":"https:\/\/www.huelvaysusfotografos.com\/index.php?rest_route=\/wp\/v2\/posts\/5296","targetHints":{"allow":["GET"]}}],"collection":[{"href":"https:\/\/www.huelvaysusfotografos.com\/index.php?rest_route=\/wp\/v2\/posts"}],"about":[{"href":"https:\/\/www.huelvaysusfotografos.com\/index.php?rest_route=\/wp\/v2\/types\/post"}],"author":[{"embeddable":true,"href":"https:\/\/www.huelvaysusfotografos.com\/index.php?rest_route=\/wp\/v2\/users\/8279"}],"replies":[{"embeddable":true,"href":"https:\/\/www.huelvaysusfotografos.com\/index.php?rest_route=%2Fwp%2Fv2%2Fcomments&post=5296"}],"version-history":[{"count":2,"href":"https:\/\/www.huelvaysusfotografos.com\/index.php?rest_route=\/wp\/v2\/posts\/5296\/revisions"}],"predecessor-version":[{"id":5300,"href":"https:\/\/www.huelvaysusfotografos.com\/index.php?rest_route=\/wp\/v2\/posts\/5296\/revisions\/5300"}],"wp:featuredmedia":[{"embeddable":true,"href":"https:\/\/www.huelvaysusfotografos.com\/index.php?rest_route=\/wp\/v2\/media\/5297"}],"wp:attachment":[{"href":"https:\/\/www.huelvaysusfotografos.com\/index.php?rest_route=%2Fwp%2Fv2%2Fmedia&parent=5296"}],"wp:term":[{"taxonomy":"category","embeddable":true,"href":"https:\/\/www.huelvaysusfotografos.com\/index.php?rest_route=%2Fwp%2Fv2%2Fcategories&post=5296"},{"taxonomy":"post_tag","embeddable":true,"href":"https:\/\/www.huelvaysusfotografos.com\/index.php?rest_route=%2Fwp%2Fv2%2Ftags&post=5296"}],"curies":[{"name":"wp","href":"https:\/\/api.w.org\/{rel}","templated":true}]}}