{"id":5281,"date":"2017-12-20T22:08:12","date_gmt":"2017-12-20T21:08:12","guid":{"rendered":"http:\/\/www.huelvaysusfotografos.com\/?p=5281"},"modified":"2017-12-20T22:10:26","modified_gmt":"2017-12-20T21:10:26","slug":"alberto-parejo-en-nuestra-tertulia-de-noviembre","status":"publish","type":"post","link":"https:\/\/www.huelvaysusfotografos.com\/?p=5281","title":{"rendered":"Alberto Parejo en nuestra Tertulia de noviembre"},"content":{"rendered":"<p>Hola de nuevo!<\/p>\n<p>Ten\u00edamos algo olvidadas las entradas, pero nunca es tarde&#8230; El pasado 9 de noviembre tuvimos la suerte de contar con la amabilidad y profesionalidad de Alberto Parejo, un fot\u00f3grafo de emociones amplias, que aplica sobre todo a su tem\u00e1tica fotogr\u00e1fica: el fotoperiodismo de bodas y la fotograf\u00eda \u00abcallejera\u00bb.<\/p>\n<p>Su andadura por la fotograf\u00eda comenz\u00f3 en el peri\u00f3dico escolar del colegio donde estudiaba. Con los a\u00f1os se ha ido formando\u00a0en esta disciplina de manera amplia:<\/p>\n<ul>\n<li>CURSO DE FOTOPERIODISMO DE BODA FRANCISCO GUERRO<\/li>\n<li>CURSO FLAHS PROFESIONAL FRANCISCO GUERRERO<\/li>\n<li>CURSO DE FOTOPERIODISMO DE BODA FER JUARISTI<\/li>\n<li>CURSO DE FOTOGRAFIA AVANZADA SUSANA BARBERA<\/li>\n<li>CURSO DE FOTOPERIODISMO DE BODA NATAN SANS<\/li>\n<li>TALLER FOTOGRAFIA AVANZADA DE BODAS PABLO LA GUIA<\/li>\n<li>TALLER FOTOGRAFIA AVANZADA DE BODAS MARCOS SANCHEZ<\/li>\n<li>TALLER FOTOGRAFIA AVANZADA DE BODAS SARAF\u00cdN CASTILLO<\/li>\n<li>TALLER FOTOGRAFIA AVANZADA DE BODAS JAVIER ABAD<\/li>\n<\/ul>\n<p>En cuanto a su trayectoria profesional, os podemos contar que lo que sigue:<\/p>\n<ul>\n<li>MIEMBRO DE UNIONWEP<\/li>\n<li>FOTOGRAFO DESTACADO EN MYWED<\/li>\n<li>TRES FOTOGRAFIAS FINALISTAS EN PREMIOS REVELACION DEL A\u00d1O 2015 UNIONWEP<\/li>\n<li>PUBLICACION LIBRO DE FOTOGRAFIA ARTISTICA DE MOVIL<\/li>\n<li>SEGUNDO PREMIO HERMANDAD ROCIO HUELVA<\/li>\n<li>EXPOSICION EL ROCIO DE HUELVA B&amp;W<\/li>\n<\/ul>\n<p>Si quieres seguir su trabajo puedes hacerlo a trav\u00e9s de Facebook en\u00a0https:\/\/www.facebook.com\/alberto.parejomartin?fref=ts.<\/p>\n<p style=\"text-align: center;\"><img loading=\"lazy\" decoding=\"async\" width=\"300\" height=\"200\" class=\"aligncenter size-medium wp-image-5282\" src=\"https:\/\/www.huelvaysusfotografos.com\/wp-content\/uploads\/2017\/12\/alberto-1-300x200.jpg\" alt=\"\" srcset=\"https:\/\/www.huelvaysusfotografos.com\/wp-content\/uploads\/2017\/12\/alberto-1-300x200.jpg 300w, https:\/\/www.huelvaysusfotografos.com\/wp-content\/uploads\/2017\/12\/alberto-1-1024x683.jpg 1024w, https:\/\/www.huelvaysusfotografos.com\/wp-content\/uploads\/2017\/12\/alberto-1-768x512.jpg 768w, https:\/\/www.huelvaysusfotografos.com\/wp-content\/uploads\/2017\/12\/alberto-1-1536x1024.jpg 1536w, https:\/\/www.huelvaysusfotografos.com\/wp-content\/uploads\/2017\/12\/alberto-1-120x80.jpg 120w, https:\/\/www.huelvaysusfotografos.com\/wp-content\/uploads\/2017\/12\/alberto-1.jpg 1600w\" sizes=\"auto, (max-width: 300px) 100vw, 300px\" \/>Foto: Eduardo Rey <a href=\"https:\/\/www.huelvaysusfotografos.com\/wp-content\/uploads\/2017\/12\/alberto-2.jpg\"><img loading=\"lazy\" decoding=\"async\" width=\"300\" height=\"200\" class=\"aligncenter size-medium wp-image-5283\" src=\"https:\/\/www.huelvaysusfotografos.com\/wp-content\/uploads\/2017\/12\/alberto-2-300x200.jpg\" alt=\"\" srcset=\"https:\/\/www.huelvaysusfotografos.com\/wp-content\/uploads\/2017\/12\/alberto-2-300x200.jpg 300w, https:\/\/www.huelvaysusfotografos.com\/wp-content\/uploads\/2017\/12\/alberto-2-1024x683.jpg 1024w, https:\/\/www.huelvaysusfotografos.com\/wp-content\/uploads\/2017\/12\/alberto-2-768x512.jpg 768w, https:\/\/www.huelvaysusfotografos.com\/wp-content\/uploads\/2017\/12\/alberto-2-1536x1024.jpg 1536w, https:\/\/www.huelvaysusfotografos.com\/wp-content\/uploads\/2017\/12\/alberto-2-120x80.jpg 120w, https:\/\/www.huelvaysusfotografos.com\/wp-content\/uploads\/2017\/12\/alberto-2.jpg 1600w\" sizes=\"auto, (max-width: 300px) 100vw, 300px\" \/><\/a>Foto: Eduardo Rey <a href=\"https:\/\/www.huelvaysusfotografos.com\/wp-content\/uploads\/2017\/12\/alberto-3.jpg\"><img loading=\"lazy\" decoding=\"async\" width=\"300\" height=\"200\" class=\"aligncenter size-medium wp-image-5284\" src=\"https:\/\/www.huelvaysusfotografos.com\/wp-content\/uploads\/2017\/12\/alberto-3-300x200.jpg\" alt=\"\" srcset=\"https:\/\/www.huelvaysusfotografos.com\/wp-content\/uploads\/2017\/12\/alberto-3-300x200.jpg 300w, https:\/\/www.huelvaysusfotografos.com\/wp-content\/uploads\/2017\/12\/alberto-3-1024x683.jpg 1024w, https:\/\/www.huelvaysusfotografos.com\/wp-content\/uploads\/2017\/12\/alberto-3-768x512.jpg 768w, https:\/\/www.huelvaysusfotografos.com\/wp-content\/uploads\/2017\/12\/alberto-3-1536x1024.jpg 1536w, https:\/\/www.huelvaysusfotografos.com\/wp-content\/uploads\/2017\/12\/alberto-3-120x80.jpg 120w, https:\/\/www.huelvaysusfotografos.com\/wp-content\/uploads\/2017\/12\/alberto-3.jpg 1600w\" sizes=\"auto, (max-width: 300px) 100vw, 300px\" \/><\/a>Foto: Eduardo Rey <a href=\"https:\/\/www.huelvaysusfotografos.com\/wp-content\/uploads\/2017\/12\/alberto-4.jpg\"><img loading=\"lazy\" decoding=\"async\" width=\"300\" height=\"200\" class=\"aligncenter size-medium wp-image-5285\" src=\"https:\/\/www.huelvaysusfotografos.com\/wp-content\/uploads\/2017\/12\/alberto-4-300x200.jpg\" alt=\"\" srcset=\"https:\/\/www.huelvaysusfotografos.com\/wp-content\/uploads\/2017\/12\/alberto-4-300x200.jpg 300w, https:\/\/www.huelvaysusfotografos.com\/wp-content\/uploads\/2017\/12\/alberto-4-1024x683.jpg 1024w, https:\/\/www.huelvaysusfotografos.com\/wp-content\/uploads\/2017\/12\/alberto-4-768x512.jpg 768w, https:\/\/www.huelvaysusfotografos.com\/wp-content\/uploads\/2017\/12\/alberto-4-1536x1024.jpg 1536w, https:\/\/www.huelvaysusfotografos.com\/wp-content\/uploads\/2017\/12\/alberto-4-120x80.jpg 120w, https:\/\/www.huelvaysusfotografos.com\/wp-content\/uploads\/2017\/12\/alberto-4.jpg 1600w\" sizes=\"auto, (max-width: 300px) 100vw, 300px\" \/><\/a>Foto: Eduardo Rey <a href=\"https:\/\/www.huelvaysusfotografos.com\/wp-content\/uploads\/2017\/12\/alberto-5.jpg\"><img loading=\"lazy\" decoding=\"async\" width=\"300\" height=\"200\" class=\"aligncenter size-medium wp-image-5286\" src=\"https:\/\/www.huelvaysusfotografos.com\/wp-content\/uploads\/2017\/12\/alberto-5-300x200.jpg\" alt=\"\" srcset=\"https:\/\/www.huelvaysusfotografos.com\/wp-content\/uploads\/2017\/12\/alberto-5-300x200.jpg 300w, https:\/\/www.huelvaysusfotografos.com\/wp-content\/uploads\/2017\/12\/alberto-5-1024x683.jpg 1024w, https:\/\/www.huelvaysusfotografos.com\/wp-content\/uploads\/2017\/12\/alberto-5-768x512.jpg 768w, https:\/\/www.huelvaysusfotografos.com\/wp-content\/uploads\/2017\/12\/alberto-5-1536x1024.jpg 1536w, https:\/\/www.huelvaysusfotografos.com\/wp-content\/uploads\/2017\/12\/alberto-5-120x80.jpg 120w, https:\/\/www.huelvaysusfotografos.com\/wp-content\/uploads\/2017\/12\/alberto-5.jpg 1600w\" sizes=\"auto, (max-width: 300px) 100vw, 300px\" \/><\/a>Foto: Eduardo Rey<\/p>\n<p>Algunos de los\/as autores\/as que le inspiran son:<\/p>\n<ul>\n<li>SUSANA BARBERA<\/li>\n<li>NATAN SANS<\/li>\n<li>JAVIER AGUILAR<\/li>\n<li>EL MARCO ROJO<\/li>\n<li>MANDRAGORA ESTUDIOS<\/li>\n<li>HENRI CARTIER-BRESON<\/li>\n<li>ROBERT CAPA<\/li>\n<li>ALEX WEBB<\/li>\n<\/ul>\n<p>Os dejamos algunos de los videos ofrecidos en la Tertulia:<\/p>\n<p><iframe loading=\"lazy\" title=\"Gines por Parejo Photos\" src=\"https:\/\/player.vimeo.com\/video\/226646847?dnt=1&amp;app_id=122963\" width=\"680\" height=\"383\" frameborder=\"0\" allow=\"autoplay; fullscreen; picture-in-picture; clipboard-write; encrypted-media\"><\/iframe><\/p>\n<p><iframe loading=\"lazy\" title=\"Huelva, por Parejo Photos.\" src=\"https:\/\/player.vimeo.com\/video\/165860353?dnt=1&amp;app_id=122963\" width=\"680\" height=\"383\" frameborder=\"0\" allow=\"autoplay; fullscreen; picture-in-picture; clipboard-write; encrypted-media\"><\/iframe><\/p>\n<p>Gracias por tu disponibilidad, ha sido una suerte contar contigo.<\/p>\n","protected":false},"excerpt":{"rendered":"<p>Hola de nuevo! Ten\u00edamos algo olvidadas las entradas, pero nunca es tarde&#8230; El pasado 9 de noviembre tuvimos la suerte de contar con la amabilidad y profesionalidad de Alberto Parejo, un fot\u00f3grafo de emociones amplias, que aplica sobre todo a su tem\u00e1tica fotogr\u00e1fica: el fotoperiodismo de bodas y la fotograf\u00eda \u00abcallejera\u00bb. Su andadura por la fotograf\u00eda comenz\u00f3 en el peri\u00f3dico escolar del colegio donde estudiaba. Con los a\u00f1os se ha<\/p>\n<div class=\"belowpost\"><a class=\"btnmore\" href=\"https:\/\/www.huelvaysusfotografos.com\/?p=5281\">Seguir leyendo<\/a><\/div>\n","protected":false},"author":41,"featured_media":5283,"comment_status":"open","ping_status":"open","sticky":false,"template":"","format":"standard","meta":{"footnotes":"","_links_to":"","_links_to_target":""},"categories":[32],"tags":[],"class_list":["post-5281","post","type-post","status-publish","format-standard","has-post-thumbnail","hentry","category-tertulias"],"_links":{"self":[{"href":"https:\/\/www.huelvaysusfotografos.com\/index.php?rest_route=\/wp\/v2\/posts\/5281","targetHints":{"allow":["GET"]}}],"collection":[{"href":"https:\/\/www.huelvaysusfotografos.com\/index.php?rest_route=\/wp\/v2\/posts"}],"about":[{"href":"https:\/\/www.huelvaysusfotografos.com\/index.php?rest_route=\/wp\/v2\/types\/post"}],"author":[{"embeddable":true,"href":"https:\/\/www.huelvaysusfotografos.com\/index.php?rest_route=\/wp\/v2\/users\/41"}],"replies":[{"embeddable":true,"href":"https:\/\/www.huelvaysusfotografos.com\/index.php?rest_route=%2Fwp%2Fv2%2Fcomments&post=5281"}],"version-history":[{"count":2,"href":"https:\/\/www.huelvaysusfotografos.com\/index.php?rest_route=\/wp\/v2\/posts\/5281\/revisions"}],"predecessor-version":[{"id":5288,"href":"https:\/\/www.huelvaysusfotografos.com\/index.php?rest_route=\/wp\/v2\/posts\/5281\/revisions\/5288"}],"wp:featuredmedia":[{"embeddable":true,"href":"https:\/\/www.huelvaysusfotografos.com\/index.php?rest_route=\/wp\/v2\/media\/5283"}],"wp:attachment":[{"href":"https:\/\/www.huelvaysusfotografos.com\/index.php?rest_route=%2Fwp%2Fv2%2Fmedia&parent=5281"}],"wp:term":[{"taxonomy":"category","embeddable":true,"href":"https:\/\/www.huelvaysusfotografos.com\/index.php?rest_route=%2Fwp%2Fv2%2Fcategories&post=5281"},{"taxonomy":"post_tag","embeddable":true,"href":"https:\/\/www.huelvaysusfotografos.com\/index.php?rest_route=%2Fwp%2Fv2%2Ftags&post=5281"}],"curies":[{"name":"wp","href":"https:\/\/api.w.org\/{rel}","templated":true}]}}