{"id":5266,"date":"2017-10-30T09:37:27","date_gmt":"2017-10-30T08:37:27","guid":{"rendered":"http:\/\/www.huelvaysusfotografos.com\/?p=5266"},"modified":"2017-10-30T09:37:27","modified_gmt":"2017-10-30T08:37:27","slug":"alberto-parejo-en-la-tertulia-de-noviembre","status":"publish","type":"post","link":"https:\/\/www.huelvaysusfotografos.com\/?p=5266","title":{"rendered":"Alberto Parejo en la tertulia de noviembre"},"content":{"rendered":"<p style=\"text-align: justify;\">El pr\u00f3ximo d\u00eda 9 de noviembre a las 19:00 horas, tendremos a Alberto Parejo como Tertuliano. Ya sab\u00e9is que esta actividad est\u00e1 abierta a toda aquella persona que desee aprender y acercarse a la fotograf\u00eda, por tanto es de entrada libre y gratuita, hasta completar aforo. Como viene siendo habitual la desarrollamos en la Casa de la Juventud \u00abLa Ruta\u00bb, situada en la C\/Salamanca s\/n de Huelva.<\/p>\n<p style=\"text-align: justify;\">Alberto fue socio nuestro hace tiempo, es un apasionado de la fotograf\u00eda;\u00a0su constancia le ha llevado a expresarse de una manera personal muy interesante. Fotografiar instantes de gran carga emocional en la vida de las personas se ha convertido en su d\u00eda a d\u00eda; nosotros disfrutamos de su trabajo\u00a0cuando lo comparte\u00a0 por las redes sociales. Pero muy pronto podremos tenerlo en Huelva para que nos cuente de primera mano qu\u00e9 ingredientes combina para que su trabajo sea tan especial&#8230; as\u00ed, que no te lo pierdas.<a href=\"https:\/\/www.huelvaysusfotografos.com\/wp-content\/uploads\/2017\/10\/Tertulia-9-nov-Alberto-Parejo.jpg\" rel=\"attachment wp-att-5268\"><img loading=\"lazy\" decoding=\"async\" width=\"300\" height=\"150\" class=\"aligncenter size-medium wp-image-5268\" src=\"https:\/\/www.huelvaysusfotografos.com\/wp-content\/uploads\/2017\/10\/Tertulia-9-nov-Alberto-Parejo-300x150.jpg\" alt=\"Tertulia 9 nov Alberto Parejo\" srcset=\"https:\/\/www.huelvaysusfotografos.com\/wp-content\/uploads\/2017\/10\/Tertulia-9-nov-Alberto-Parejo-300x150.jpg 300w, https:\/\/www.huelvaysusfotografos.com\/wp-content\/uploads\/2017\/10\/Tertulia-9-nov-Alberto-Parejo-1024x512.jpg 1024w, https:\/\/www.huelvaysusfotografos.com\/wp-content\/uploads\/2017\/10\/Tertulia-9-nov-Alberto-Parejo-768x384.jpg 768w, https:\/\/www.huelvaysusfotografos.com\/wp-content\/uploads\/2017\/10\/Tertulia-9-nov-Alberto-Parejo.jpg 1281w\" sizes=\"auto, (max-width: 300px) 100vw, 300px\" \/><\/a><\/p>\n<p>&nbsp;<\/p>\n<p>En su web\u00a0<a href=\"http:\/\/parejophotos.com\/\">http:\/\/parejophotos.com\/<\/a>\u00a0podemos encontrar m\u00e1s informaci\u00f3n:<\/p>\n<p><a href=\"https:\/\/www.huelvaysusfotografos.com\/wp-content\/uploads\/2017\/10\/Captura-de-pantalla-2017-10-30-a-las-09.27.34.png\" rel=\"attachment wp-att-5270\"><img loading=\"lazy\" decoding=\"async\" width=\"300\" height=\"243\" class=\"aligncenter size-medium wp-image-5270\" src=\"https:\/\/www.huelvaysusfotografos.com\/wp-content\/uploads\/2017\/10\/Captura-de-pantalla-2017-10-30-a-las-09.27.34-300x243.png\" alt=\"Captura de pantalla 2017-10-30 a la(s) 09.27.34\" srcset=\"https:\/\/www.huelvaysusfotografos.com\/wp-content\/uploads\/2017\/10\/Captura-de-pantalla-2017-10-30-a-las-09.27.34-300x243.png 300w, https:\/\/www.huelvaysusfotografos.com\/wp-content\/uploads\/2017\/10\/Captura-de-pantalla-2017-10-30-a-las-09.27.34-1024x829.png 1024w, https:\/\/www.huelvaysusfotografos.com\/wp-content\/uploads\/2017\/10\/Captura-de-pantalla-2017-10-30-a-las-09.27.34-768x622.png 768w, https:\/\/www.huelvaysusfotografos.com\/wp-content\/uploads\/2017\/10\/Captura-de-pantalla-2017-10-30-a-las-09.27.34.png 1409w\" sizes=\"auto, (max-width: 300px) 100vw, 300px\" \/><\/a><\/p>\n<p><a href=\"https:\/\/www.huelvaysusfotografos.com\/wp-content\/uploads\/2017\/10\/logo-parejo-photos.png\" rel=\"attachment wp-att-5271\"><img loading=\"lazy\" decoding=\"async\" width=\"300\" height=\"200\" class=\"aligncenter size-medium wp-image-5271\" src=\"https:\/\/www.huelvaysusfotografos.com\/wp-content\/uploads\/2017\/10\/logo-parejo-photos-300x200.png\" alt=\"logo-parejo-photos\" srcset=\"https:\/\/www.huelvaysusfotografos.com\/wp-content\/uploads\/2017\/10\/logo-parejo-photos-300x200.png 300w, https:\/\/www.huelvaysusfotografos.com\/wp-content\/uploads\/2017\/10\/logo-parejo-photos-768x512.png 768w, https:\/\/www.huelvaysusfotografos.com\/wp-content\/uploads\/2017\/10\/logo-parejo-photos-120x80.png 120w, https:\/\/www.huelvaysusfotografos.com\/wp-content\/uploads\/2017\/10\/logo-parejo-photos.png 900w\" sizes=\"auto, (max-width: 300px) 100vw, 300px\" \/><\/a><\/p>\n<p>&nbsp;<\/p>\n<p>&nbsp;<\/p>\n<p>&nbsp;<\/p>\n","protected":false},"excerpt":{"rendered":"<p>El pr\u00f3ximo d\u00eda 9 de noviembre a las 19:00 horas, tendremos a Alberto Parejo como Tertuliano. Ya sab\u00e9is que esta actividad est\u00e1 abierta a toda aquella persona que desee aprender y acercarse a la fotograf\u00eda, por tanto es de entrada libre y gratuita, hasta completar aforo. Como viene siendo habitual la desarrollamos en la Casa de la Juventud \u00abLa Ruta\u00bb, situada en la C\/Salamanca s\/n de Huelva. Alberto fue socio<\/p>\n<div class=\"belowpost\"><a class=\"btnmore\" href=\"https:\/\/www.huelvaysusfotografos.com\/?p=5266\">Seguir leyendo<\/a><\/div>\n","protected":false},"author":41,"featured_media":5269,"comment_status":"open","ping_status":"open","sticky":false,"template":"","format":"standard","meta":{"footnotes":"","_links_to":"","_links_to_target":""},"categories":[32],"tags":[],"class_list":["post-5266","post","type-post","status-publish","format-standard","has-post-thumbnail","hentry","category-tertulias"],"_links":{"self":[{"href":"https:\/\/www.huelvaysusfotografos.com\/index.php?rest_route=\/wp\/v2\/posts\/5266","targetHints":{"allow":["GET"]}}],"collection":[{"href":"https:\/\/www.huelvaysusfotografos.com\/index.php?rest_route=\/wp\/v2\/posts"}],"about":[{"href":"https:\/\/www.huelvaysusfotografos.com\/index.php?rest_route=\/wp\/v2\/types\/post"}],"author":[{"embeddable":true,"href":"https:\/\/www.huelvaysusfotografos.com\/index.php?rest_route=\/wp\/v2\/users\/41"}],"replies":[{"embeddable":true,"href":"https:\/\/www.huelvaysusfotografos.com\/index.php?rest_route=%2Fwp%2Fv2%2Fcomments&post=5266"}],"version-history":[{"count":1,"href":"https:\/\/www.huelvaysusfotografos.com\/index.php?rest_route=\/wp\/v2\/posts\/5266\/revisions"}],"predecessor-version":[{"id":5272,"href":"https:\/\/www.huelvaysusfotografos.com\/index.php?rest_route=\/wp\/v2\/posts\/5266\/revisions\/5272"}],"wp:featuredmedia":[{"embeddable":true,"href":"https:\/\/www.huelvaysusfotografos.com\/index.php?rest_route=\/wp\/v2\/media\/5269"}],"wp:attachment":[{"href":"https:\/\/www.huelvaysusfotografos.com\/index.php?rest_route=%2Fwp%2Fv2%2Fmedia&parent=5266"}],"wp:term":[{"taxonomy":"category","embeddable":true,"href":"https:\/\/www.huelvaysusfotografos.com\/index.php?rest_route=%2Fwp%2Fv2%2Fcategories&post=5266"},{"taxonomy":"post_tag","embeddable":true,"href":"https:\/\/www.huelvaysusfotografos.com\/index.php?rest_route=%2Fwp%2Fv2%2Ftags&post=5266"}],"curies":[{"name":"wp","href":"https:\/\/api.w.org\/{rel}","templated":true}]}}