{"id":5262,"date":"2017-10-28T14:15:35","date_gmt":"2017-10-28T13:15:35","guid":{"rendered":"http:\/\/www.huelvaysusfotografos.com\/?p=5262"},"modified":"2017-10-28T14:15:35","modified_gmt":"2017-10-28T13:15:35","slug":"nuestras-premiadas-en-flickr-huelva-y-sus-fotografas","status":"publish","type":"post","link":"https:\/\/www.huelvaysusfotografos.com\/?p=5262","title":{"rendered":"Nuestras premiadas en FLICKR Huelva y sus Fot\u00f3grafas"},"content":{"rendered":"<p>En el concurso de mejor fotograf\u00eda del mes de septiembre, ha resultado premiada la fotograf\u00eda de Cristina Garc\u00eda Jurado- Centuri\u00f3n:<\/p>\n<p><a href=\"https:\/\/www.huelvaysusfotografos.com\/wp-content\/uploads\/2017\/10\/Captura-de-pantalla-2017-10-28-a-las-10.03.45.png\" rel=\"attachment wp-att-5263\"><img loading=\"lazy\" decoding=\"async\" width=\"300\" height=\"223\" class=\"aligncenter size-medium wp-image-5263\" src=\"https:\/\/www.huelvaysusfotografos.com\/wp-content\/uploads\/2017\/10\/Captura-de-pantalla-2017-10-28-a-las-10.03.45-300x223.png\" alt=\"Captura de pantalla 2017-10-28 a la(s) 10.03.45\" srcset=\"https:\/\/www.huelvaysusfotografos.com\/wp-content\/uploads\/2017\/10\/Captura-de-pantalla-2017-10-28-a-las-10.03.45-300x223.png 300w, https:\/\/www.huelvaysusfotografos.com\/wp-content\/uploads\/2017\/10\/Captura-de-pantalla-2017-10-28-a-las-10.03.45-160x120.png 160w, https:\/\/www.huelvaysusfotografos.com\/wp-content\/uploads\/2017\/10\/Captura-de-pantalla-2017-10-28-a-las-10.03.45.png 516w\" sizes=\"auto, (max-width: 300px) 100vw, 300px\" \/><\/a><\/p>\n<p>En el concurso tem\u00e1tico \u00abFachadas\u00bb se ha llevado el premio la imagen de Alicia Clerencia:<br \/>\n<a href=\"https:\/\/www.huelvaysusfotografos.com\/wp-content\/uploads\/2017\/10\/Captura-de-pantalla-2017-10-28-a-las-10.05.29.png\" rel=\"attachment wp-att-5264\"><img loading=\"lazy\" decoding=\"async\" width=\"300\" height=\"213\" class=\"aligncenter size-medium wp-image-5264\" src=\"https:\/\/www.huelvaysusfotografos.com\/wp-content\/uploads\/2017\/10\/Captura-de-pantalla-2017-10-28-a-las-10.05.29-300x213.png\" alt=\"Captura de pantalla 2017-10-28 a la(s) 10.05.29\" srcset=\"https:\/\/www.huelvaysusfotografos.com\/wp-content\/uploads\/2017\/10\/Captura-de-pantalla-2017-10-28-a-las-10.05.29-300x213.png 300w, https:\/\/www.huelvaysusfotografos.com\/wp-content\/uploads\/2017\/10\/Captura-de-pantalla-2017-10-28-a-las-10.05.29.png 515w\" sizes=\"auto, (max-width: 300px) 100vw, 300px\" \/><\/a><\/p>\n<p>&nbsp;<\/p>\n<p>Enhorabuena a las dos premiadas y a todas las dem\u00e1s personas que hacen que podamos disfrutar de su trabajo.<\/p>\n<p>Saludos<\/p>\n","protected":false},"excerpt":{"rendered":"<p>En el concurso de mejor fotograf\u00eda del mes de septiembre, ha resultado premiada la fotograf\u00eda de Cristina Garc\u00eda Jurado- Centuri\u00f3n: En el concurso tem\u00e1tico \u00abFachadas\u00bb se ha llevado el premio la imagen de Alicia Clerencia: &nbsp; Enhorabuena a las dos premiadas y a todas las dem\u00e1s personas que hacen que podamos disfrutar de su trabajo. Saludos<\/p>\n","protected":false},"author":41,"featured_media":4986,"comment_status":"open","ping_status":"open","sticky":false,"template":"","format":"standard","meta":{"footnotes":"","_links_to":"","_links_to_target":""},"categories":[12],"tags":[],"class_list":["post-5262","post","type-post","status-publish","format-standard","has-post-thumbnail","hentry","category-concursos"],"_links":{"self":[{"href":"https:\/\/www.huelvaysusfotografos.com\/index.php?rest_route=\/wp\/v2\/posts\/5262","targetHints":{"allow":["GET"]}}],"collection":[{"href":"https:\/\/www.huelvaysusfotografos.com\/index.php?rest_route=\/wp\/v2\/posts"}],"about":[{"href":"https:\/\/www.huelvaysusfotografos.com\/index.php?rest_route=\/wp\/v2\/types\/post"}],"author":[{"embeddable":true,"href":"https:\/\/www.huelvaysusfotografos.com\/index.php?rest_route=\/wp\/v2\/users\/41"}],"replies":[{"embeddable":true,"href":"https:\/\/www.huelvaysusfotografos.com\/index.php?rest_route=%2Fwp%2Fv2%2Fcomments&post=5262"}],"version-history":[{"count":1,"href":"https:\/\/www.huelvaysusfotografos.com\/index.php?rest_route=\/wp\/v2\/posts\/5262\/revisions"}],"predecessor-version":[{"id":5265,"href":"https:\/\/www.huelvaysusfotografos.com\/index.php?rest_route=\/wp\/v2\/posts\/5262\/revisions\/5265"}],"wp:featuredmedia":[{"embeddable":true,"href":"https:\/\/www.huelvaysusfotografos.com\/index.php?rest_route=\/wp\/v2\/media\/4986"}],"wp:attachment":[{"href":"https:\/\/www.huelvaysusfotografos.com\/index.php?rest_route=%2Fwp%2Fv2%2Fmedia&parent=5262"}],"wp:term":[{"taxonomy":"category","embeddable":true,"href":"https:\/\/www.huelvaysusfotografos.com\/index.php?rest_route=%2Fwp%2Fv2%2Fcategories&post=5262"},{"taxonomy":"post_tag","embeddable":true,"href":"https:\/\/www.huelvaysusfotografos.com\/index.php?rest_route=%2Fwp%2Fv2%2Ftags&post=5262"}],"curies":[{"name":"wp","href":"https:\/\/api.w.org\/{rel}","templated":true}]}}