{"id":5239,"date":"2017-10-18T20:32:50","date_gmt":"2017-10-18T19:32:50","guid":{"rendered":"http:\/\/www.huelvaysusfotografos.com\/?p=5239"},"modified":"2017-10-18T20:32:50","modified_gmt":"2017-10-18T19:32:50","slug":"celebramos-nuestro-5a-aniversario-el-viernes-13-de-octubre","status":"publish","type":"post","link":"https:\/\/www.huelvaysusfotografos.com\/?p=5239","title":{"rendered":"Celebramos nuestro 5\u00aa Aniversario el viernes 13 de octubre"},"content":{"rendered":"<p>El pasado 13 de octubre, celebramos este emotivo acto. Os dejamos el discurso que nuestro Presidente Pedro J. Ruiz- Constantino, ley\u00f3 ante los asistentes.<\/p>\n<p><em>\u00abEn nombre propio y como presidente de la Asociaci\u00f3n Huelva y sus Fot\u00f3grafos, quiero darles las gracias por su asistencia, a los asociados, amigos y simpatizantes que en la tarde de hoy nos acompa\u00f1\u00e1is en este aniversario que como el a\u00f1o anterior celebramos en este emblem\u00e1tico lugar, como es la sala de chimeneas de la Casa Colon.<\/em><\/p>\n<p><em>Espacio que amablemente nos cede el Ayuntamiento de Huelva, para la este acto y otros que est\u00e1n por venir.<\/em><\/p>\n<p><em>Son ya cinco a\u00f1os desde aquel 2012, cuando un grupo de amigos nos reun\u00edamos de forma casual para hablar de una pasi\u00f3n com\u00fan, la fotograf\u00eda\u2026.<\/em><\/p>\n<p><em>Desde aquel d\u00eda hasta hoy, han pasado muchas actividades por nuestra asociaci\u00f3n, de la que gran parte de vosotros sois part\u00edcipes.<\/em><\/p>\n<p><em>Quedadas, cursos, charlas o exposiciones, son algunas de las actividades que cada a\u00f1o realizamos para que los asociados sean parte activa de esta asociaci\u00f3n.<\/em><\/p>\n<p><em>Somos un grupo de fot\u00f3grafos, formado por profesionales y aficionados que nos une una pasi\u00f3n com\u00fan,\u2026 el amor a la imagen\u2026, jugar con la luz es nuestra pasi\u00f3n, pintar con luz es nuestro deseo y mostrar nuestro trabajo es nuestro objetivo.<\/em><\/p>\n<p><em>Para ello cada a\u00f1o realizamos exposiciones de nuestros trabajos\u2026 este a\u00f1o sin ir m\u00e1s lejos hemos expuesto en la Casa Grande de Ayamonte, Sala de los brazos de la Casa Col\u00f3n, Casa de la Ruta, Sede de la Asociaci\u00f3n de Fot\u00f3grafos de Tavira, la Sala de Exposiciones de la Fundaci\u00f3n CajaSol o Cafeter\u00eda La Grosera\u2026<\/em><\/p>\n<p><em>Trabajos que han sido realizados por nuestros socios y que han sido visitados por una importante cantidad de simpatizantes y curiosos.<\/em><\/p>\n<p><em>Como todos sab\u00e9is, nuestro objetivo es disfrutar y difundir la fotograf\u00eda, desde el m\u00e1s ne\u00f3fito de los asociados al m\u00e1s profesional de ellos, un amplio espectro de asociados, donde todos podemos aprender de todos.<\/em><\/p>\n<p><em>Como todos sab\u00e9is y sino os lo digo, somos unos 100 asociados y deseamos ser muchos m\u00e1s, para ello, os animamos a que habl\u00e9is de nuestra asociaci\u00f3n a familiares y amigos que est\u00e9n interesados en la fotograf\u00edas, o tengan ganas de compartir jornada de convivencia con nosotros y aficionarse a la fotograf\u00eda.<\/em><\/p>\n<p><em>Tambi\u00e9n nos gustar\u00eda deciros que aquel que desee forma parte de la junta directiva, esta est\u00e1 abierta para formar parte de ella.<\/em><\/p>\n<p><em>De igual modo nos gustar\u00eda que cualquier propuesta o sugerencia que venga de los socios para mejorar o implementar las actividades de la asociaci\u00f3n, nos las hag\u00e1is llegar al correo de la asociaci\u00f3n.<\/em><\/p>\n<p><em>Como todos sab\u00e9is estamos en constante evoluci\u00f3n, y este a\u00f1o volveremos a realizar nuestra exposici\u00f3n anual, que este 2017, se denomina \u00abRetratos de una ciudad\u00bb, que ser\u00e1 expuesta en la Sala de exposiciones de la Fundaci\u00f3n Caja Rural del Sur en calle Botica de Huelva, del 15 al 26 de Enero de 2018.<\/em><\/p>\n<p><em>Recordaros que esta asociaci\u00f3n es de todos y cada uno de vosotros. Quiero daros las gracias por vuestra asistencia y os animo a participar en nuestras actividades, que son de todos.<\/em><\/p>\n<p><em>Seguidamente\u00a0pasaremos a dar el homenaje a uno de nuestros socios, el fot\u00f3grafo profesional C\u00e9sar Gil, posteriormente pasaremos las im\u00e1genes de los asociados y sus fotos personales para irnos poniendo caras.<\/em><\/p>\n<p><em>Para finalizar pasaremos a la zona de ocio, donde compartiremos unos minutos de charla, donde tendremos una degustaci\u00f3n de productos ib\u00e9ricos y quesos por cortes\u00eda de la tienda Selecci\u00f3n Ib\u00e9rica de Francisco Ortiz, sita en Calle San Jos\u00e9 12 de Huelva todo ello regado por los vinos de la bodega de onubense de Bollulos par del Condado, Privilegio del Condado, bajo la magistral mano del venenciador Adolfo Raposo, que nos acompa\u00f1a en la tarde de hoy\u00bb.<\/em><\/p>\n<p>&nbsp;<\/p>\n<p><a href=\"https:\/\/www.huelvaysusfotografos.com\/wp-content\/uploads\/2017\/10\/WEB-Cartel-5-aniversario-2017-HYSF.jpg\" rel=\"attachment wp-att-5240\"><img loading=\"lazy\" decoding=\"async\" width=\"214\" height=\"300\" class=\"aligncenter size-medium wp-image-5240\" src=\"https:\/\/www.huelvaysusfotografos.com\/wp-content\/uploads\/2017\/10\/WEB-Cartel-5-aniversario-2017-HYSF-214x300.jpg\" alt=\"WEB Cartel 5 aniversario 2017 HYSF\" srcset=\"https:\/\/www.huelvaysusfotografos.com\/wp-content\/uploads\/2017\/10\/WEB-Cartel-5-aniversario-2017-HYSF-214x300.jpg 214w, https:\/\/www.huelvaysusfotografos.com\/wp-content\/uploads\/2017\/10\/WEB-Cartel-5-aniversario-2017-HYSF-731x1024.jpg 731w, https:\/\/www.huelvaysusfotografos.com\/wp-content\/uploads\/2017\/10\/WEB-Cartel-5-aniversario-2017-HYSF-768x1075.jpg 768w, https:\/\/www.huelvaysusfotografos.com\/wp-content\/uploads\/2017\/10\/WEB-Cartel-5-aniversario-2017-HYSF-1097x1536.jpg 1097w, https:\/\/www.huelvaysusfotografos.com\/wp-content\/uploads\/2017\/10\/WEB-Cartel-5-aniversario-2017-HYSF-1463x2048.jpg 1463w, https:\/\/www.huelvaysusfotografos.com\/wp-content\/uploads\/2017\/10\/WEB-Cartel-5-aniversario-2017-HYSF-scaled.jpg 1829w\" sizes=\"auto, (max-width: 214px) 100vw, 214px\" \/><\/a><\/p>\n<p>En este enlace puedes ver las im\u00e1genes que nuestr@s soci@s han querido mostrar en el acto\u00a0<a href=\"https:\/\/www.youtube.com\/watch?v=IpQLndOyapo&amp;feature=share\">https:\/\/www.youtube.com\/watch?v=IpQLndOyapo&amp;feature=share<\/a> (realizado por Juana Mart\u00edn)<\/p>\n<p><a href=\"https:\/\/www.huelvaysusfotografos.com\/wp-content\/uploads\/2017\/10\/DSC0400-copia.jpg\" rel=\"attachment wp-att-5242\"><img loading=\"lazy\" decoding=\"async\" width=\"300\" height=\"200\" class=\"aligncenter size-medium wp-image-5242\" src=\"https:\/\/www.huelvaysusfotografos.com\/wp-content\/uploads\/2017\/10\/DSC0400-copia-300x200.jpg\" alt=\"Para uso consulte con la fot\u00f3grafa (juana.martin@hotmail.com) \u00a9 2017 Todos los derechos reservados. Juana Mar\u00eda Mart\u00edn Infantes\" srcset=\"https:\/\/www.huelvaysusfotografos.com\/wp-content\/uploads\/2017\/10\/DSC0400-copia-300x200.jpg 300w, https:\/\/www.huelvaysusfotografos.com\/wp-content\/uploads\/2017\/10\/DSC0400-copia-1024x683.jpg 1024w, https:\/\/www.huelvaysusfotografos.com\/wp-content\/uploads\/2017\/10\/DSC0400-copia-768x512.jpg 768w, https:\/\/www.huelvaysusfotografos.com\/wp-content\/uploads\/2017\/10\/DSC0400-copia-1536x1024.jpg 1536w, https:\/\/www.huelvaysusfotografos.com\/wp-content\/uploads\/2017\/10\/DSC0400-copia-2048x1366.jpg 2048w, https:\/\/www.huelvaysusfotografos.com\/wp-content\/uploads\/2017\/10\/DSC0400-copia-120x80.jpg 120w\" sizes=\"auto, (max-width: 300px) 100vw, 300px\" \/><\/a><\/p>\n<p style=\"text-align: center;\">A las 18 h. tuvimos, previo al aniversario, una Asamblea de soci@s con bastante asistencia<br \/>\n<a href=\"https:\/\/www.huelvaysusfotografos.com\/wp-content\/uploads\/2017\/10\/DSC0404.jpg\" rel=\"attachment wp-att-5243\"><img loading=\"lazy\" decoding=\"async\" width=\"300\" height=\"200\" class=\"aligncenter size-medium wp-image-5243\" src=\"https:\/\/www.huelvaysusfotografos.com\/wp-content\/uploads\/2017\/10\/DSC0404-300x200.jpg\" alt=\"Para uso consulte con la fot\u00f3grafa (juana.martin@hotmail.com) \u00a9 2017 Todos los derechos reservados. Juana Mar\u00eda Mart\u00edn Infantes\" srcset=\"https:\/\/www.huelvaysusfotografos.com\/wp-content\/uploads\/2017\/10\/DSC0404-300x200.jpg 300w, https:\/\/www.huelvaysusfotografos.com\/wp-content\/uploads\/2017\/10\/DSC0404-1024x683.jpg 1024w, https:\/\/www.huelvaysusfotografos.com\/wp-content\/uploads\/2017\/10\/DSC0404-768x512.jpg 768w, https:\/\/www.huelvaysusfotografos.com\/wp-content\/uploads\/2017\/10\/DSC0404-1536x1024.jpg 1536w, https:\/\/www.huelvaysusfotografos.com\/wp-content\/uploads\/2017\/10\/DSC0404-2048x1366.jpg 2048w, https:\/\/www.huelvaysusfotografos.com\/wp-content\/uploads\/2017\/10\/DSC0404-120x80.jpg 120w\" sizes=\"auto, (max-width: 300px) 100vw, 300px\" \/><\/a><\/p>\n<p style=\"text-align: center;\">Momento del Aniversario. Discurso del Presidente de HYSF<a href=\"https:\/\/www.huelvaysusfotografos.com\/wp-content\/uploads\/2017\/10\/DSC0407.jpg\" rel=\"attachment wp-att-5244\"><img loading=\"lazy\" decoding=\"async\" width=\"300\" height=\"200\" class=\"aligncenter size-medium wp-image-5244\" src=\"https:\/\/www.huelvaysusfotografos.com\/wp-content\/uploads\/2017\/10\/DSC0407-300x200.jpg\" alt=\"Para uso consulte con la fot\u00f3grafa (juana.martin@hotmail.com) \u00a9 2017 Todos los derechos reservados. Juana Mar\u00eda Mart\u00edn Infantes\" srcset=\"https:\/\/www.huelvaysusfotografos.com\/wp-content\/uploads\/2017\/10\/DSC0407-300x200.jpg 300w, https:\/\/www.huelvaysusfotografos.com\/wp-content\/uploads\/2017\/10\/DSC0407-1024x683.jpg 1024w, https:\/\/www.huelvaysusfotografos.com\/wp-content\/uploads\/2017\/10\/DSC0407-768x512.jpg 768w, https:\/\/www.huelvaysusfotografos.com\/wp-content\/uploads\/2017\/10\/DSC0407-1536x1024.jpg 1536w, https:\/\/www.huelvaysusfotografos.com\/wp-content\/uploads\/2017\/10\/DSC0407-2048x1366.jpg 2048w, https:\/\/www.huelvaysusfotografos.com\/wp-content\/uploads\/2017\/10\/DSC0407-120x80.jpg 120w\" sizes=\"auto, (max-width: 300px) 100vw, 300px\" \/><\/a><\/p>\n<p style=\"text-align: center;\">Nuestro inestimable p\u00fablico asistente<\/p>\n<p style=\"text-align: center;\"><a href=\"https:\/\/www.huelvaysusfotografos.com\/wp-content\/uploads\/2017\/10\/DSC0411.jpg\" rel=\"attachment wp-att-5246\"><img loading=\"lazy\" decoding=\"async\" width=\"300\" height=\"200\" class=\"aligncenter size-medium wp-image-5246\" src=\"https:\/\/www.huelvaysusfotografos.com\/wp-content\/uploads\/2017\/10\/DSC0411-300x200.jpg\" alt=\"_DSC0411\" srcset=\"https:\/\/www.huelvaysusfotografos.com\/wp-content\/uploads\/2017\/10\/DSC0411-300x200.jpg 300w, https:\/\/www.huelvaysusfotografos.com\/wp-content\/uploads\/2017\/10\/DSC0411-1024x683.jpg 1024w, https:\/\/www.huelvaysusfotografos.com\/wp-content\/uploads\/2017\/10\/DSC0411-768x512.jpg 768w, https:\/\/www.huelvaysusfotografos.com\/wp-content\/uploads\/2017\/10\/DSC0411-1536x1024.jpg 1536w, https:\/\/www.huelvaysusfotografos.com\/wp-content\/uploads\/2017\/10\/DSC0411-2048x1366.jpg 2048w, https:\/\/www.huelvaysusfotografos.com\/wp-content\/uploads\/2017\/10\/DSC0411-120x80.jpg 120w\" sizes=\"auto, (max-width: 300px) 100vw, 300px\" \/><\/a><\/p>\n<p style=\"text-align: center;\">Tod@s atentos al desarrollo del acto<\/p>\n<p style=\"text-align: center;\"><a href=\"https:\/\/www.huelvaysusfotografos.com\/wp-content\/uploads\/2017\/10\/DSC0422-copia.jpg\" rel=\"attachment wp-att-5249\"><img loading=\"lazy\" decoding=\"async\" width=\"300\" height=\"200\" class=\"aligncenter size-medium wp-image-5249\" src=\"https:\/\/www.huelvaysusfotografos.com\/wp-content\/uploads\/2017\/10\/DSC0422-copia-300x200.jpg\" alt=\"_DSC0422 copia\" srcset=\"https:\/\/www.huelvaysusfotografos.com\/wp-content\/uploads\/2017\/10\/DSC0422-copia-300x200.jpg 300w, https:\/\/www.huelvaysusfotografos.com\/wp-content\/uploads\/2017\/10\/DSC0422-copia-1024x683.jpg 1024w, https:\/\/www.huelvaysusfotografos.com\/wp-content\/uploads\/2017\/10\/DSC0422-copia-768x512.jpg 768w, https:\/\/www.huelvaysusfotografos.com\/wp-content\/uploads\/2017\/10\/DSC0422-copia-1536x1024.jpg 1536w, https:\/\/www.huelvaysusfotografos.com\/wp-content\/uploads\/2017\/10\/DSC0422-copia-2048x1366.jpg 2048w, https:\/\/www.huelvaysusfotografos.com\/wp-content\/uploads\/2017\/10\/DSC0422-copia-120x80.jpg 120w\" sizes=\"auto, (max-width: 300px) 100vw, 300px\" \/><\/a><\/p>\n<p style=\"text-align: center;\">C\u00e9sar Gil, nuestro homenajeado dirigi\u00e9ndose al p\u00fablico<a href=\"https:\/\/www.huelvaysusfotografos.com\/wp-content\/uploads\/2017\/10\/DSC0428.jpg\" rel=\"attachment wp-att-5251\"><img loading=\"lazy\" decoding=\"async\" width=\"300\" height=\"200\" class=\"aligncenter size-medium wp-image-5251\" src=\"https:\/\/www.huelvaysusfotografos.com\/wp-content\/uploads\/2017\/10\/DSC0428-300x200.jpg\" alt=\"_DSC0428\" srcset=\"https:\/\/www.huelvaysusfotografos.com\/wp-content\/uploads\/2017\/10\/DSC0428-300x200.jpg 300w, https:\/\/www.huelvaysusfotografos.com\/wp-content\/uploads\/2017\/10\/DSC0428-1024x682.jpg 1024w, https:\/\/www.huelvaysusfotografos.com\/wp-content\/uploads\/2017\/10\/DSC0428-768x512.jpg 768w, https:\/\/www.huelvaysusfotografos.com\/wp-content\/uploads\/2017\/10\/DSC0428-1536x1024.jpg 1536w, https:\/\/www.huelvaysusfotografos.com\/wp-content\/uploads\/2017\/10\/DSC0428-2048x1365.jpg 2048w, https:\/\/www.huelvaysusfotografos.com\/wp-content\/uploads\/2017\/10\/DSC0428-120x80.jpg 120w\" sizes=\"auto, (max-width: 300px) 100vw, 300px\" \/><\/a><\/p>\n<p style=\"text-align: center;\">Grupo de soci@s asistentes al acto.<\/p>\n<p style=\"text-align: center;\"><a href=\"https:\/\/www.huelvaysusfotografos.com\/wp-content\/uploads\/2017\/10\/DSC0439.jpg\" rel=\"attachment wp-att-5253\"><img loading=\"lazy\" decoding=\"async\" width=\"300\" height=\"200\" class=\"aligncenter size-medium wp-image-5253\" src=\"https:\/\/www.huelvaysusfotografos.com\/wp-content\/uploads\/2017\/10\/DSC0439-300x200.jpg\" alt=\"_DSC0439\" srcset=\"https:\/\/www.huelvaysusfotografos.com\/wp-content\/uploads\/2017\/10\/DSC0439-300x200.jpg 300w, https:\/\/www.huelvaysusfotografos.com\/wp-content\/uploads\/2017\/10\/DSC0439-1024x683.jpg 1024w, https:\/\/www.huelvaysusfotografos.com\/wp-content\/uploads\/2017\/10\/DSC0439-768x512.jpg 768w, https:\/\/www.huelvaysusfotografos.com\/wp-content\/uploads\/2017\/10\/DSC0439-1536x1024.jpg 1536w, https:\/\/www.huelvaysusfotografos.com\/wp-content\/uploads\/2017\/10\/DSC0439-2048x1366.jpg 2048w, https:\/\/www.huelvaysusfotografos.com\/wp-content\/uploads\/2017\/10\/DSC0439-120x80.jpg 120w\" sizes=\"auto, (max-width: 300px) 100vw, 300px\" \/><\/a><\/p>\n<p style=\"text-align: center;\">FibrOnuba nos acompa\u00f1\u00f3, gracias<\/p>\n","protected":false},"excerpt":{"rendered":"<p>El pasado 13 de octubre, celebramos este emotivo acto. Os dejamos el discurso que nuestro Presidente Pedro J. Ruiz- Constantino, ley\u00f3 ante los asistentes. \u00abEn nombre propio y como presidente de la Asociaci\u00f3n Huelva y sus Fot\u00f3grafos, quiero darles las gracias por su asistencia, a los asociados, amigos y simpatizantes que en la tarde de hoy nos acompa\u00f1\u00e1is en este aniversario que como el a\u00f1o anterior celebramos en este emblem\u00e1tico<\/p>\n<div class=\"belowpost\"><a class=\"btnmore\" href=\"https:\/\/www.huelvaysusfotografos.com\/?p=5239\">Seguir leyendo<\/a><\/div>\n","protected":false},"author":41,"featured_media":5241,"comment_status":"open","ping_status":"open","sticky":false,"template":"","format":"standard","meta":{"footnotes":"","_links_to":"","_links_to_target":""},"categories":[3],"tags":[],"class_list":["post-5239","post","type-post","status-publish","format-standard","has-post-thumbnail","hentry","category-noticias"],"_links":{"self":[{"href":"https:\/\/www.huelvaysusfotografos.com\/index.php?rest_route=\/wp\/v2\/posts\/5239","targetHints":{"allow":["GET"]}}],"collection":[{"href":"https:\/\/www.huelvaysusfotografos.com\/index.php?rest_route=\/wp\/v2\/posts"}],"about":[{"href":"https:\/\/www.huelvaysusfotografos.com\/index.php?rest_route=\/wp\/v2\/types\/post"}],"author":[{"embeddable":true,"href":"https:\/\/www.huelvaysusfotografos.com\/index.php?rest_route=\/wp\/v2\/users\/41"}],"replies":[{"embeddable":true,"href":"https:\/\/www.huelvaysusfotografos.com\/index.php?rest_route=%2Fwp%2Fv2%2Fcomments&post=5239"}],"version-history":[{"count":1,"href":"https:\/\/www.huelvaysusfotografos.com\/index.php?rest_route=\/wp\/v2\/posts\/5239\/revisions"}],"predecessor-version":[{"id":5254,"href":"https:\/\/www.huelvaysusfotografos.com\/index.php?rest_route=\/wp\/v2\/posts\/5239\/revisions\/5254"}],"wp:featuredmedia":[{"embeddable":true,"href":"https:\/\/www.huelvaysusfotografos.com\/index.php?rest_route=\/wp\/v2\/media\/5241"}],"wp:attachment":[{"href":"https:\/\/www.huelvaysusfotografos.com\/index.php?rest_route=%2Fwp%2Fv2%2Fmedia&parent=5239"}],"wp:term":[{"taxonomy":"category","embeddable":true,"href":"https:\/\/www.huelvaysusfotografos.com\/index.php?rest_route=%2Fwp%2Fv2%2Fcategories&post=5239"},{"taxonomy":"post_tag","embeddable":true,"href":"https:\/\/www.huelvaysusfotografos.com\/index.php?rest_route=%2Fwp%2Fv2%2Ftags&post=5239"}],"curies":[{"name":"wp","href":"https:\/\/api.w.org\/{rel}","templated":true}]}}