{"id":5228,"date":"2017-10-18T20:08:38","date_gmt":"2017-10-18T19:08:38","guid":{"rendered":"http:\/\/www.huelvaysusfotografos.com\/?p=5228"},"modified":"2017-10-18T20:09:42","modified_gmt":"2017-10-18T19:09:42","slug":"inauguramos-maternidad-paternidad-en-la-grosera","status":"publish","type":"post","link":"https:\/\/www.huelvaysusfotografos.com\/?p=5228","title":{"rendered":"Inauguramos \u00abMaternidad &#038; Paternidad\u00bb en La Grosera"},"content":{"rendered":"<p>La web nos ha dado un poquito de problema&#8230; pero ya estamos.<\/p>\n<p>Tras el montaje en la Cafeter\u00eda-Pasteler\u00eda La Grosera, en la Calle Jos\u00e9 Nogales de la capital onubense. Estar\u00e1 visitable hasta el d\u00eda 30 de octubre, p\u00e1sate\u00a0 y disfruta de un buen t\u00e9\/caf\u00e9 con pasteles&#8230;\u00a0y de nuestras im\u00e1genes<\/p>\n<p><a href=\"https:\/\/www.huelvaysusfotografos.com\/wp-content\/uploads\/2017\/10\/Montaje-Expo-1.jpg\" rel=\"attachment wp-att-5229\"><img loading=\"lazy\" decoding=\"async\" width=\"300\" height=\"225\" class=\"aligncenter size-medium wp-image-5229\" src=\"https:\/\/www.huelvaysusfotografos.com\/wp-content\/uploads\/2017\/10\/Montaje-Expo-1-300x225.jpg\" alt=\"Montaje Expo 1\" srcset=\"https:\/\/www.huelvaysusfotografos.com\/wp-content\/uploads\/2017\/10\/Montaje-Expo-1-300x225.jpg 300w, https:\/\/www.huelvaysusfotografos.com\/wp-content\/uploads\/2017\/10\/Montaje-Expo-1-1024x768.jpg 1024w, https:\/\/www.huelvaysusfotografos.com\/wp-content\/uploads\/2017\/10\/Montaje-Expo-1-768x576.jpg 768w, https:\/\/www.huelvaysusfotografos.com\/wp-content\/uploads\/2017\/10\/Montaje-Expo-1-160x120.jpg 160w, https:\/\/www.huelvaysusfotografos.com\/wp-content\/uploads\/2017\/10\/Montaje-Expo-1.jpg 1224w\" sizes=\"auto, (max-width: 300px) 100vw, 300px\" \/><\/a><\/p>\n<p style=\"text-align: center;\">Arizmendi y Caparr\u00f3s durante el Montaje.<a href=\"https:\/\/www.huelvaysusfotografos.com\/wp-content\/uploads\/2017\/10\/Inauguracia-5Mari-Carmen.jpg\" rel=\"attachment wp-att-5230\"><img loading=\"lazy\" decoding=\"async\" width=\"165\" height=\"300\" class=\"aligncenter size-medium wp-image-5230\" src=\"https:\/\/www.huelvaysusfotografos.com\/wp-content\/uploads\/2017\/10\/Inauguracia-5Mari-Carmen-165x300.jpg\" alt=\"Inauguracia 5Mari Carmen\" srcset=\"https:\/\/www.huelvaysusfotografos.com\/wp-content\/uploads\/2017\/10\/Inauguracia-5Mari-Carmen-165x300.jpg 165w, https:\/\/www.huelvaysusfotografos.com\/wp-content\/uploads\/2017\/10\/Inauguracia-5Mari-Carmen.jpg 528w\" sizes=\"auto, (max-width: 165px) 100vw, 165px\" \/><\/a><\/p>\n<p style=\"text-align: center;\">Degustaci\u00f3n de salados y dulces<br \/>\n<a href=\"https:\/\/www.huelvaysusfotografos.com\/wp-content\/uploads\/2017\/10\/Inauguracio\u0301n-Expo-La-Grosera-2-oct-2017-3.jpg\" rel=\"attachment wp-att-5231\"><img loading=\"lazy\" decoding=\"async\" width=\"300\" height=\"225\" class=\"aligncenter size-medium wp-image-5231\" src=\"https:\/\/www.huelvaysusfotografos.com\/wp-content\/uploads\/2017\/10\/Inauguracio\u0301n-Expo-La-Grosera-2-oct-2017-3-300x225.jpg\" alt=\"Inauguracio\u0301n Expo La Grosera 2 oct 2017 3\" srcset=\"https:\/\/www.huelvaysusfotografos.com\/wp-content\/uploads\/2017\/10\/Inauguracio\u0301n-Expo-La-Grosera-2-oct-2017-3-300x225.jpg 300w, https:\/\/www.huelvaysusfotografos.com\/wp-content\/uploads\/2017\/10\/Inauguracio\u0301n-Expo-La-Grosera-2-oct-2017-3-768x576.jpg 768w, https:\/\/www.huelvaysusfotografos.com\/wp-content\/uploads\/2017\/10\/Inauguracio\u0301n-Expo-La-Grosera-2-oct-2017-3-160x120.jpg 160w, https:\/\/www.huelvaysusfotografos.com\/wp-content\/uploads\/2017\/10\/Inauguracio\u0301n-Expo-La-Grosera-2-oct-2017-3.jpg 800w\" sizes=\"auto, (max-width: 300px) 100vw, 300px\" \/><\/a><\/p>\n<p style=\"text-align: center;\">Soci@s y visitantes en la inauguraci\u00f3n<br \/>\n<a href=\"https:\/\/www.huelvaysusfotografos.com\/wp-content\/uploads\/2017\/10\/Inauguracio\u0301n-Expo-La-Grosera-2-oct-2017.jpg\" rel=\"attachment wp-att-5232\"><img loading=\"lazy\" decoding=\"async\" width=\"300\" height=\"225\" class=\"aligncenter size-medium wp-image-5232\" src=\"https:\/\/www.huelvaysusfotografos.com\/wp-content\/uploads\/2017\/10\/Inauguracio\u0301n-Expo-La-Grosera-2-oct-2017-300x225.jpg\" alt=\"Inauguracio\u0301n Expo La Grosera 2 oct 2017\" srcset=\"https:\/\/www.huelvaysusfotografos.com\/wp-content\/uploads\/2017\/10\/Inauguracio\u0301n-Expo-La-Grosera-2-oct-2017-300x225.jpg 300w, https:\/\/www.huelvaysusfotografos.com\/wp-content\/uploads\/2017\/10\/Inauguracio\u0301n-Expo-La-Grosera-2-oct-2017-768x576.jpg 768w, https:\/\/www.huelvaysusfotografos.com\/wp-content\/uploads\/2017\/10\/Inauguracio\u0301n-Expo-La-Grosera-2-oct-2017-160x120.jpg 160w, https:\/\/www.huelvaysusfotografos.com\/wp-content\/uploads\/2017\/10\/Inauguracio\u0301n-Expo-La-Grosera-2-oct-2017.jpg 800w\" sizes=\"auto, (max-width: 300px) 100vw, 300px\" \/><\/a><\/p>\n<p style=\"text-align: center;\">Nos acompa\u00f1aron Philip y Yin de A-NAFA Tavira<a href=\"https:\/\/www.huelvaysusfotografos.com\/wp-content\/uploads\/2017\/10\/inaguracio\u0301n-pasteles-1.jpg\" rel=\"attachment wp-att-5233\"><img loading=\"lazy\" decoding=\"async\" width=\"300\" height=\"225\" class=\"aligncenter size-medium wp-image-5233\" src=\"https:\/\/www.huelvaysusfotografos.com\/wp-content\/uploads\/2017\/10\/inaguracio\u0301n-pasteles-1-300x225.jpg\" alt=\"inaguracio\u0301n pasteles 1\" srcset=\"https:\/\/www.huelvaysusfotografos.com\/wp-content\/uploads\/2017\/10\/inaguracio\u0301n-pasteles-1-300x225.jpg 300w, https:\/\/www.huelvaysusfotografos.com\/wp-content\/uploads\/2017\/10\/inaguracio\u0301n-pasteles-1-768x576.jpg 768w, https:\/\/www.huelvaysusfotografos.com\/wp-content\/uploads\/2017\/10\/inaguracio\u0301n-pasteles-1-160x120.jpg 160w, https:\/\/www.huelvaysusfotografos.com\/wp-content\/uploads\/2017\/10\/inaguracio\u0301n-pasteles-1.jpg 800w\" sizes=\"auto, (max-width: 300px) 100vw, 300px\" \/><\/a><\/p>\n<p style=\"text-align: center;\">Maravilla de dulces<a href=\"https:\/\/www.huelvaysusfotografos.com\/wp-content\/uploads\/2017\/10\/inaugurac-expo-4.jpg\" rel=\"attachment wp-att-5234\"><img loading=\"lazy\" decoding=\"async\" width=\"300\" height=\"225\" class=\"aligncenter size-medium wp-image-5234\" src=\"https:\/\/www.huelvaysusfotografos.com\/wp-content\/uploads\/2017\/10\/inaugurac-expo-4-300x225.jpg\" alt=\"inaugurac expo 4\" srcset=\"https:\/\/www.huelvaysusfotografos.com\/wp-content\/uploads\/2017\/10\/inaugurac-expo-4-300x225.jpg 300w, https:\/\/www.huelvaysusfotografos.com\/wp-content\/uploads\/2017\/10\/inaugurac-expo-4-768x576.jpg 768w, https:\/\/www.huelvaysusfotografos.com\/wp-content\/uploads\/2017\/10\/inaugurac-expo-4-160x120.jpg 160w, https:\/\/www.huelvaysusfotografos.com\/wp-content\/uploads\/2017\/10\/inaugurac-expo-4.jpg 800w\" sizes=\"auto, (max-width: 300px) 100vw, 300px\" \/><\/a><\/p>\n<p style=\"text-align: center;\">Arizmendi y Hald\u00f3n conversan sobre fotograf\u00eda<a href=\"https:\/\/www.huelvaysusfotografos.com\/wp-content\/uploads\/2017\/10\/Inauguracio\u0301n-pasteles-2.jpg\" rel=\"attachment wp-att-5235\"><img loading=\"lazy\" decoding=\"async\" width=\"300\" height=\"225\" class=\"aligncenter size-medium wp-image-5235\" src=\"https:\/\/www.huelvaysusfotografos.com\/wp-content\/uploads\/2017\/10\/Inauguracio\u0301n-pasteles-2-300x225.jpg\" alt=\"Inauguracio\u0301n pasteles 2\" srcset=\"https:\/\/www.huelvaysusfotografos.com\/wp-content\/uploads\/2017\/10\/Inauguracio\u0301n-pasteles-2-300x225.jpg 300w, https:\/\/www.huelvaysusfotografos.com\/wp-content\/uploads\/2017\/10\/Inauguracio\u0301n-pasteles-2-768x576.jpg 768w, https:\/\/www.huelvaysusfotografos.com\/wp-content\/uploads\/2017\/10\/Inauguracio\u0301n-pasteles-2-160x120.jpg 160w, https:\/\/www.huelvaysusfotografos.com\/wp-content\/uploads\/2017\/10\/Inauguracio\u0301n-pasteles-2.jpg 800w\" sizes=\"auto, (max-width: 300px) 100vw, 300px\" \/><\/a><\/p>\n<p style=\"text-align: center;\">M\u00e1s pasteles, \u00e9stos de pl\u00e1tano y toffe&#8230; riquisimos<\/p>\n<p style=\"text-align: center;\">\n","protected":false},"excerpt":{"rendered":"<p>La web nos ha dado un poquito de problema&#8230; pero ya estamos. Tras el montaje en la Cafeter\u00eda-Pasteler\u00eda La Grosera, en la Calle Jos\u00e9 Nogales de la capital onubense. Estar\u00e1 visitable hasta el d\u00eda 30 de octubre, p\u00e1sate\u00a0 y disfruta de un buen t\u00e9\/caf\u00e9 con pasteles&#8230;\u00a0y de nuestras im\u00e1genes Arizmendi y Caparr\u00f3s durante el Montaje. Degustaci\u00f3n de salados y dulces Soci@s y visitantes en la inauguraci\u00f3n Nos acompa\u00f1aron Philip y<\/p>\n<div class=\"belowpost\"><a class=\"btnmore\" href=\"https:\/\/www.huelvaysusfotografos.com\/?p=5228\">Seguir leyendo<\/a><\/div>\n","protected":false},"author":41,"featured_media":5229,"comment_status":"open","ping_status":"open","sticky":false,"template":"","format":"standard","meta":{"footnotes":"","_links_to":"","_links_to_target":""},"categories":[3],"tags":[],"class_list":["post-5228","post","type-post","status-publish","format-standard","has-post-thumbnail","hentry","category-noticias"],"_links":{"self":[{"href":"https:\/\/www.huelvaysusfotografos.com\/index.php?rest_route=\/wp\/v2\/posts\/5228","targetHints":{"allow":["GET"]}}],"collection":[{"href":"https:\/\/www.huelvaysusfotografos.com\/index.php?rest_route=\/wp\/v2\/posts"}],"about":[{"href":"https:\/\/www.huelvaysusfotografos.com\/index.php?rest_route=\/wp\/v2\/types\/post"}],"author":[{"embeddable":true,"href":"https:\/\/www.huelvaysusfotografos.com\/index.php?rest_route=\/wp\/v2\/users\/41"}],"replies":[{"embeddable":true,"href":"https:\/\/www.huelvaysusfotografos.com\/index.php?rest_route=%2Fwp%2Fv2%2Fcomments&post=5228"}],"version-history":[{"count":2,"href":"https:\/\/www.huelvaysusfotografos.com\/index.php?rest_route=\/wp\/v2\/posts\/5228\/revisions"}],"predecessor-version":[{"id":5238,"href":"https:\/\/www.huelvaysusfotografos.com\/index.php?rest_route=\/wp\/v2\/posts\/5228\/revisions\/5238"}],"wp:featuredmedia":[{"embeddable":true,"href":"https:\/\/www.huelvaysusfotografos.com\/index.php?rest_route=\/wp\/v2\/media\/5229"}],"wp:attachment":[{"href":"https:\/\/www.huelvaysusfotografos.com\/index.php?rest_route=%2Fwp%2Fv2%2Fmedia&parent=5228"}],"wp:term":[{"taxonomy":"category","embeddable":true,"href":"https:\/\/www.huelvaysusfotografos.com\/index.php?rest_route=%2Fwp%2Fv2%2Fcategories&post=5228"},{"taxonomy":"post_tag","embeddable":true,"href":"https:\/\/www.huelvaysusfotografos.com\/index.php?rest_route=%2Fwp%2Fv2%2Ftags&post=5228"}],"curies":[{"name":"wp","href":"https:\/\/api.w.org\/{rel}","templated":true}]}}