{"id":5223,"date":"2017-09-30T20:51:50","date_gmt":"2017-09-30T19:51:50","guid":{"rendered":"http:\/\/www.huelvaysusfotografos.com\/?p=5223"},"modified":"2017-09-30T20:52:13","modified_gmt":"2017-09-30T19:52:13","slug":"maternidad-paternidad-unidos-en-la-grosera","status":"publish","type":"post","link":"https:\/\/www.huelvaysusfotografos.com\/?p=5223","title":{"rendered":"Maternidad &#038; Paternidad, unidos en LA GROSERA"},"content":{"rendered":"<p>&nbsp;<\/p>\n<p>Nuestra exposici\u00f3n viaja a la Pasteler\u00eda La Grosera de Huelva (s\u00ed, la que recientemente estrenamos en Fundaci\u00f3n Cajasol Huelva). Tras el \u00e9xito de p\u00fablico que obtuvo durante los 10 d\u00edas que se mostr\u00f3, el proyecto expositivo \u201cMaternidad &amp; Paternidad\u201d de la \u201cAsociaci\u00f3n Huelva y sus Fot\u00f3grafos\u201d se vuelve a inaugurar en la selecta Pasteler\u00eda onubense La Grosera, situada en la Calle Jos\u00e9 Nogales.<\/p>\n<p>Recordamos que esta muestra est\u00e1 compuesta por 20 obras que plasman la visi\u00f3n que los socios y socias de esta entidad han interpretado de manera muy variada. Los visitantes y clientes de La Grosera, podr\u00e1n ver im\u00e1genes de madres y padres con sus hijos o hijas indistintamente; objetivas o subjetivas; en blanco y negro y a color. Pero sin lugar a dudas todo un mundo de relaciones, emociones y responsabilidades que trascienden lo puramente biol\u00f3gico.<\/p>\n<p>Participan los trabajos de Pedro Mora, Pedro Jos\u00e9 Ruiz- Constantino P\u00e9rez, Juana Mart\u00edn Infantes, Carmelo V\u00e1zquez, Paco Gil, Cristina Garc\u00eda Jurado-Centuri\u00f3n, Caye Santana, Manuel Silva G\u00f3mez, Flor N\u00fa\u00f1ez Nieto, Pilar Franco Gonz\u00e1lez, Carolina Luengo, Mari Carmen Mac\u00edas Caparros, Juan Mat\u00edas Brea, Roc\u00edo Escudero Alfonso, David Guerra D\u00edaz, Mar\u00eda Izquierdo, Pilar Rodr\u00edguez Barranco, Juan Carlos Cruz, Dulfi Doulfikar y Aurora Mart\u00edn Mar\u00edn.<\/p>\n<p>La inauguraci\u00f3n ser\u00e1 el d\u00eda 2 de octubre a las 18:00 horas, y podr\u00e1 visitarse hasta el 30 del mismo mes en horario de 9:00 a 20:00 horas.<\/p>\n<p><a href=\"https:\/\/www.huelvaysusfotografos.com\/wp-content\/uploads\/2017\/09\/cartel-Maternidad-Paternidad-Grosera.jpg\" rel=\"attachment wp-att-5224\"><img loading=\"lazy\" decoding=\"async\" width=\"214\" height=\"300\" class=\"aligncenter size-medium wp-image-5224\" src=\"https:\/\/www.huelvaysusfotografos.com\/wp-content\/uploads\/2017\/09\/cartel-Maternidad-Paternidad-Grosera-214x300.jpg\" alt=\"cartel Maternidad &amp; Paternidad Grosera\" srcset=\"https:\/\/www.huelvaysusfotografos.com\/wp-content\/uploads\/2017\/09\/cartel-Maternidad-Paternidad-Grosera-214x300.jpg 214w, https:\/\/www.huelvaysusfotografos.com\/wp-content\/uploads\/2017\/09\/cartel-Maternidad-Paternidad-Grosera-731x1024.jpg 731w, https:\/\/www.huelvaysusfotografos.com\/wp-content\/uploads\/2017\/09\/cartel-Maternidad-Paternidad-Grosera-768x1075.jpg 768w\" sizes=\"auto, (max-width: 214px) 100vw, 214px\" \/><\/a><\/p>\n","protected":false},"excerpt":{"rendered":"<p>&nbsp; Nuestra exposici\u00f3n viaja a la Pasteler\u00eda La Grosera de Huelva (s\u00ed, la que recientemente estrenamos en Fundaci\u00f3n Cajasol Huelva). Tras el \u00e9xito de p\u00fablico que obtuvo durante los 10 d\u00edas que se mostr\u00f3, el proyecto expositivo \u201cMaternidad &amp; Paternidad\u201d de la \u201cAsociaci\u00f3n Huelva y sus Fot\u00f3grafos\u201d se vuelve a inaugurar en la selecta Pasteler\u00eda onubense La Grosera, situada en la Calle Jos\u00e9 Nogales. Recordamos que esta muestra est\u00e1 compuesta<\/p>\n<div class=\"belowpost\"><a class=\"btnmore\" href=\"https:\/\/www.huelvaysusfotografos.com\/?p=5223\">Seguir leyendo<\/a><\/div>\n","protected":false},"author":41,"featured_media":5225,"comment_status":"open","ping_status":"open","sticky":false,"template":"","format":"standard","meta":{"footnotes":"","_links_to":"","_links_to_target":""},"categories":[23],"tags":[],"class_list":["post-5223","post","type-post","status-publish","format-standard","has-post-thumbnail","hentry","category-exposiciones"],"_links":{"self":[{"href":"https:\/\/www.huelvaysusfotografos.com\/index.php?rest_route=\/wp\/v2\/posts\/5223","targetHints":{"allow":["GET"]}}],"collection":[{"href":"https:\/\/www.huelvaysusfotografos.com\/index.php?rest_route=\/wp\/v2\/posts"}],"about":[{"href":"https:\/\/www.huelvaysusfotografos.com\/index.php?rest_route=\/wp\/v2\/types\/post"}],"author":[{"embeddable":true,"href":"https:\/\/www.huelvaysusfotografos.com\/index.php?rest_route=\/wp\/v2\/users\/41"}],"replies":[{"embeddable":true,"href":"https:\/\/www.huelvaysusfotografos.com\/index.php?rest_route=%2Fwp%2Fv2%2Fcomments&post=5223"}],"version-history":[{"count":1,"href":"https:\/\/www.huelvaysusfotografos.com\/index.php?rest_route=\/wp\/v2\/posts\/5223\/revisions"}],"predecessor-version":[{"id":5226,"href":"https:\/\/www.huelvaysusfotografos.com\/index.php?rest_route=\/wp\/v2\/posts\/5223\/revisions\/5226"}],"wp:featuredmedia":[{"embeddable":true,"href":"https:\/\/www.huelvaysusfotografos.com\/index.php?rest_route=\/wp\/v2\/media\/5225"}],"wp:attachment":[{"href":"https:\/\/www.huelvaysusfotografos.com\/index.php?rest_route=%2Fwp%2Fv2%2Fmedia&parent=5223"}],"wp:term":[{"taxonomy":"category","embeddable":true,"href":"https:\/\/www.huelvaysusfotografos.com\/index.php?rest_route=%2Fwp%2Fv2%2Fcategories&post=5223"},{"taxonomy":"post_tag","embeddable":true,"href":"https:\/\/www.huelvaysusfotografos.com\/index.php?rest_route=%2Fwp%2Fv2%2Ftags&post=5223"}],"curies":[{"name":"wp","href":"https:\/\/api.w.org\/{rel}","templated":true}]}}