{"id":5220,"date":"2017-09-28T22:38:49","date_gmt":"2017-09-28T21:38:49","guid":{"rendered":"http:\/\/www.huelvaysusfotografos.com\/?p=5220"},"modified":"2017-09-30T20:52:51","modified_gmt":"2017-09-30T19:52:51","slug":"tenemos-tertulia-el-5-de-octubre","status":"publish","type":"post","link":"https:\/\/www.huelvaysusfotografos.com\/?p=5220","title":{"rendered":"Tenemos Tertulia el 5 de octubre"},"content":{"rendered":"<div id=\"js_5qh\" class=\"_5pbx userContent _3576\" data-ft=\"{&quot;tn&quot;:&quot;K&quot;}\">\n<p>Nuestra \u00abAsociaci\u00f3n Huelva y sus Fot\u00f3grafos\u00bb, os espera el d\u00eda 5 de octubre a las 19:00 horas, en la Casa de la Juventud La Ruta, Calle Salamanca s\/n, Huelva.<\/p>\n<p>En\u00a0esta\u00a0Tertulia Fotogr\u00e1fica, tendremos a nuestro compa\u00f1ero Alejandro Jim\u00e9nez, que recientemente ha obtenido la \u00abMedalla de Oro de Los Reyes Cat\u00f3licos\u00bb.<\/p>\n<p>No faltes, seguro que algo aprendemos de \u00e9l y su trabajo. &#8230; es una\u00a0actividad abierta a todas aquellas personas que quieran sumar a su mochila algo de fotograf\u00eda, en este caso de naturaleza.<\/p>\n<\/div>\n<div class=\"_3x-2\">\u00a0<a href=\"https:\/\/www.huelvaysusfotografos.com\/wp-content\/uploads\/2017\/09\/Tertulia-Alejandro.jpg\" rel=\"attachment wp-att-5221\"><img loading=\"lazy\" decoding=\"async\" width=\"200\" height=\"300\" class=\"aligncenter size-medium wp-image-5221\" src=\"https:\/\/www.huelvaysusfotografos.com\/wp-content\/uploads\/2017\/09\/Tertulia-Alejandro-200x300.jpg\" alt=\"Tertulia Alejandro\" srcset=\"https:\/\/www.huelvaysusfotografos.com\/wp-content\/uploads\/2017\/09\/Tertulia-Alejandro-200x300.jpg 200w, https:\/\/www.huelvaysusfotografos.com\/wp-content\/uploads\/2017\/09\/Tertulia-Alejandro-682x1024.jpg 682w, https:\/\/www.huelvaysusfotografos.com\/wp-content\/uploads\/2017\/09\/Tertulia-Alejandro-768x1153.jpg 768w, https:\/\/www.huelvaysusfotografos.com\/wp-content\/uploads\/2017\/09\/Tertulia-Alejandro.jpg 959w\" sizes=\"auto, (max-width: 200px) 100vw, 200px\" \/><\/a><\/div>\n","protected":false},"excerpt":{"rendered":"<p>Nuestra \u00abAsociaci\u00f3n Huelva y sus Fot\u00f3grafos\u00bb, os espera el d\u00eda 5 de octubre a las 19:00 horas, en la Casa de la Juventud La Ruta, Calle Salamanca s\/n, Huelva. En\u00a0esta\u00a0Tertulia Fotogr\u00e1fica, tendremos a nuestro compa\u00f1ero Alejandro Jim\u00e9nez, que recientemente ha obtenido la \u00abMedalla de Oro de Los Reyes Cat\u00f3licos\u00bb. No faltes, seguro que algo aprendemos de \u00e9l y su trabajo. &#8230; es una\u00a0actividad abierta a todas aquellas personas que quieran<\/p>\n<div class=\"belowpost\"><a class=\"btnmore\" href=\"https:\/\/www.huelvaysusfotografos.com\/?p=5220\">Seguir leyendo<\/a><\/div>\n","protected":false},"author":41,"featured_media":5221,"comment_status":"open","ping_status":"open","sticky":false,"template":"","format":"standard","meta":{"footnotes":"","_links_to":"","_links_to_target":""},"categories":[32],"tags":[],"class_list":["post-5220","post","type-post","status-publish","format-standard","has-post-thumbnail","hentry","category-tertulias"],"_links":{"self":[{"href":"https:\/\/www.huelvaysusfotografos.com\/index.php?rest_route=\/wp\/v2\/posts\/5220","targetHints":{"allow":["GET"]}}],"collection":[{"href":"https:\/\/www.huelvaysusfotografos.com\/index.php?rest_route=\/wp\/v2\/posts"}],"about":[{"href":"https:\/\/www.huelvaysusfotografos.com\/index.php?rest_route=\/wp\/v2\/types\/post"}],"author":[{"embeddable":true,"href":"https:\/\/www.huelvaysusfotografos.com\/index.php?rest_route=\/wp\/v2\/users\/41"}],"replies":[{"embeddable":true,"href":"https:\/\/www.huelvaysusfotografos.com\/index.php?rest_route=%2Fwp%2Fv2%2Fcomments&post=5220"}],"version-history":[{"count":1,"href":"https:\/\/www.huelvaysusfotografos.com\/index.php?rest_route=\/wp\/v2\/posts\/5220\/revisions"}],"predecessor-version":[{"id":5222,"href":"https:\/\/www.huelvaysusfotografos.com\/index.php?rest_route=\/wp\/v2\/posts\/5220\/revisions\/5222"}],"wp:featuredmedia":[{"embeddable":true,"href":"https:\/\/www.huelvaysusfotografos.com\/index.php?rest_route=\/wp\/v2\/media\/5221"}],"wp:attachment":[{"href":"https:\/\/www.huelvaysusfotografos.com\/index.php?rest_route=%2Fwp%2Fv2%2Fmedia&parent=5220"}],"wp:term":[{"taxonomy":"category","embeddable":true,"href":"https:\/\/www.huelvaysusfotografos.com\/index.php?rest_route=%2Fwp%2Fv2%2Fcategories&post=5220"},{"taxonomy":"post_tag","embeddable":true,"href":"https:\/\/www.huelvaysusfotografos.com\/index.php?rest_route=%2Fwp%2Fv2%2Ftags&post=5220"}],"curies":[{"name":"wp","href":"https:\/\/api.w.org\/{rel}","templated":true}]}}