{"id":5216,"date":"2017-09-28T14:59:58","date_gmt":"2017-09-28T13:59:58","guid":{"rendered":"http:\/\/www.huelvaysusfotografos.com\/?p=5216"},"modified":"2017-09-28T14:59:58","modified_gmt":"2017-09-28T13:59:58","slug":"premiadas-en-flickr-huelva-y-sus-fotografos","status":"publish","type":"post","link":"https:\/\/www.huelvaysusfotografos.com\/?p=5216","title":{"rendered":"Premiadas en Flickr \u00abHuelva y sus Fot\u00f3grafos\u00bb"},"content":{"rendered":"<p>Hola de nuevo,<\/p>\n<p>Como viene siendo habitual y mensualmente, en nuestro grupo de Flickr \u00abHuelva y sus Fot\u00f3grafos\u00bb, os presentamos las dos im\u00e1genes premiadas que en esta ocasi\u00f3n pertenecen a dos de nuestros socios, Marcos G\u00f3mez y Rafa Llanes. Enhorabuena a los dos.<\/p>\n<p>La imagen de Marcos ha resultado ganadora en la tem\u00e1tica \u00abTierra, mar y cielo\u00bb, y nos muestra una sugerente imagen que adem\u00e1s guarda una equilibrada composici\u00f3n. El obsequio\u00a0es una ampliaci\u00f3n de dicha fotograf\u00eda a tama\u00f1o 30&#215;40 cm.\u00a0gentileza de Dulfi Photograpy.<\/p>\n<p><a href=\"https:\/\/www.huelvaysusfotografos.com\/wp-content\/uploads\/2017\/09\/Captura-de-pantalla-2017-09-28-a-las-15.46.15.png\" rel=\"attachment wp-att-5217\"><img loading=\"lazy\" decoding=\"async\" width=\"300\" height=\"214\" class=\"aligncenter size-medium wp-image-5217\" src=\"https:\/\/www.huelvaysusfotografos.com\/wp-content\/uploads\/2017\/09\/Captura-de-pantalla-2017-09-28-a-las-15.46.15-300x214.png\" alt=\"Captura de pantalla 2017-09-28 a la(s) 15.46.15\" srcset=\"https:\/\/www.huelvaysusfotografos.com\/wp-content\/uploads\/2017\/09\/Captura-de-pantalla-2017-09-28-a-las-15.46.15-300x214.png 300w, https:\/\/www.huelvaysusfotografos.com\/wp-content\/uploads\/2017\/09\/Captura-de-pantalla-2017-09-28-a-las-15.46.15.png 496w\" sizes=\"auto, (max-width: 300px) 100vw, 300px\" \/><\/a><\/p>\n<p>La fotograf\u00eda de Rafa se lleva el premio a la mejor fotograf\u00eda del mes de agosto. Una evocadora y emotiva imagen del castillo y palacio de Sinta (Lisboa-Portugal). El obsequio es una ampliaci\u00f3n sobre cart\u00f3n pluma en 30&#215;40 cm. gentileza de Elena S\u00e1nchez Balonga.<\/p>\n<p><a href=\"https:\/\/www.huelvaysusfotografos.com\/wp-content\/uploads\/2017\/09\/Captura-de-pantalla-2017-09-28-a-las-15.47.35.png\" rel=\"attachment wp-att-5218\"><img loading=\"lazy\" decoding=\"async\" width=\"300\" height=\"212\" class=\"aligncenter size-medium wp-image-5218\" src=\"https:\/\/www.huelvaysusfotografos.com\/wp-content\/uploads\/2017\/09\/Captura-de-pantalla-2017-09-28-a-las-15.47.35-300x212.png\" alt=\"Captura de pantalla 2017-09-28 a la(s) 15.47.35\" srcset=\"https:\/\/www.huelvaysusfotografos.com\/wp-content\/uploads\/2017\/09\/Captura-de-pantalla-2017-09-28-a-las-15.47.35-300x212.png 300w, https:\/\/www.huelvaysusfotografos.com\/wp-content\/uploads\/2017\/09\/Captura-de-pantalla-2017-09-28-a-las-15.47.35.png 516w\" sizes=\"auto, (max-width: 300px) 100vw, 300px\" \/><\/a><\/p>\n<p>&nbsp;<\/p>\n<p>Nuestros concursos est\u00e1n abiertos a la participaci\u00f3n de todos los aficionados\/as y profesionales de la fotograf\u00eda. S\u00f3lo tienes que tener cuenta Flickr y estar atento a los concursos mensuales para que puedas compartir y participar con tus im\u00e1genes. Te dejamos aqu\u00ed el enlace del grupo\u00a0https:\/\/www.flickr.com\/groups\/huelva_y_sus_fotografos\/<\/p>\n","protected":false},"excerpt":{"rendered":"<p>Hola de nuevo, Como viene siendo habitual y mensualmente, en nuestro grupo de Flickr \u00abHuelva y sus Fot\u00f3grafos\u00bb, os presentamos las dos im\u00e1genes premiadas que en esta ocasi\u00f3n pertenecen a dos de nuestros socios, Marcos G\u00f3mez y Rafa Llanes. Enhorabuena a los dos. La imagen de Marcos ha resultado ganadora en la tem\u00e1tica \u00abTierra, mar y cielo\u00bb, y nos muestra una sugerente imagen que adem\u00e1s guarda una equilibrada composici\u00f3n. El<\/p>\n<div class=\"belowpost\"><a class=\"btnmore\" href=\"https:\/\/www.huelvaysusfotografos.com\/?p=5216\">Seguir leyendo<\/a><\/div>\n","protected":false},"author":41,"featured_media":4986,"comment_status":"open","ping_status":"open","sticky":false,"template":"","format":"standard","meta":{"footnotes":"","_links_to":"","_links_to_target":""},"categories":[3],"tags":[],"class_list":["post-5216","post","type-post","status-publish","format-standard","has-post-thumbnail","hentry","category-noticias"],"_links":{"self":[{"href":"https:\/\/www.huelvaysusfotografos.com\/index.php?rest_route=\/wp\/v2\/posts\/5216","targetHints":{"allow":["GET"]}}],"collection":[{"href":"https:\/\/www.huelvaysusfotografos.com\/index.php?rest_route=\/wp\/v2\/posts"}],"about":[{"href":"https:\/\/www.huelvaysusfotografos.com\/index.php?rest_route=\/wp\/v2\/types\/post"}],"author":[{"embeddable":true,"href":"https:\/\/www.huelvaysusfotografos.com\/index.php?rest_route=\/wp\/v2\/users\/41"}],"replies":[{"embeddable":true,"href":"https:\/\/www.huelvaysusfotografos.com\/index.php?rest_route=%2Fwp%2Fv2%2Fcomments&post=5216"}],"version-history":[{"count":1,"href":"https:\/\/www.huelvaysusfotografos.com\/index.php?rest_route=\/wp\/v2\/posts\/5216\/revisions"}],"predecessor-version":[{"id":5219,"href":"https:\/\/www.huelvaysusfotografos.com\/index.php?rest_route=\/wp\/v2\/posts\/5216\/revisions\/5219"}],"wp:featuredmedia":[{"embeddable":true,"href":"https:\/\/www.huelvaysusfotografos.com\/index.php?rest_route=\/wp\/v2\/media\/4986"}],"wp:attachment":[{"href":"https:\/\/www.huelvaysusfotografos.com\/index.php?rest_route=%2Fwp%2Fv2%2Fmedia&parent=5216"}],"wp:term":[{"taxonomy":"category","embeddable":true,"href":"https:\/\/www.huelvaysusfotografos.com\/index.php?rest_route=%2Fwp%2Fv2%2Fcategories&post=5216"},{"taxonomy":"post_tag","embeddable":true,"href":"https:\/\/www.huelvaysusfotografos.com\/index.php?rest_route=%2Fwp%2Fv2%2Ftags&post=5216"}],"curies":[{"name":"wp","href":"https:\/\/api.w.org\/{rel}","templated":true}]}}