{"id":5210,"date":"2017-09-20T12:15:00","date_gmt":"2017-09-20T11:15:00","guid":{"rendered":"http:\/\/www.huelvaysusfotografos.com\/?p=5210"},"modified":"2017-09-20T12:15:00","modified_gmt":"2017-09-20T11:15:00","slug":"exposicion-maternidad-paternidad-en-cajasol","status":"publish","type":"post","link":"https:\/\/www.huelvaysusfotografos.com\/?p=5210","title":{"rendered":"EXPOSICI\u00d3N \u00abMaternidad &#038; Paternidad\u00bb en Cajasol"},"content":{"rendered":"<p style=\"text-align: justify; text-justify: inter-ideograph; background: white; margin: 4.5pt 0cm 4.5pt 0cm;\"><span style=\"font-size: 10.5pt; font-family: 'Helvetica Neue'; color: #1d2129;\">Fundaci\u00f3n Cajasol Huelva, presenta en su Sala de Exposiciones de Plus Ultra la exposici\u00f3n titulada \u201cMaternidad &amp; Paternidad\u201d de la \u201cAsociaci\u00f3n Huelva y sus Fot\u00f3grafos\u201d. La muestra re\u00fane una veintena de obras que plasman la visi\u00f3n que los socios y socias de esta entidad han interpretado de manera muy variada. Los visitantes podr\u00e1n ver im\u00e1genes de madres y padres con sus hijos o hijas indistintamente; objetivas o subjetivas; en blanco y negro y a color. Pero sin lugar a dudas todo un mundo de relaciones, emociones y responsabilidades que trascienden lo puramente biol\u00f3gico. <\/span><\/p>\n<p style=\"text-align: justify; text-justify: inter-ideograph; background: white; margin: 4.5pt 0cm 4.5pt 0cm;\"><span style=\"font-size: 10.5pt; font-family: 'Helvetica Neue'; color: #1d2129;\">\u00a0<\/span><\/p>\n<p style=\"text-align: justify; text-justify: inter-ideograph; background: white; margin: 4.5pt 0cm 4.5pt 0cm;\"><span style=\"font-size: 10.5pt; font-family: 'Helvetica Neue'; color: #1d2129;\">En este proyecto fotogr\u00e1fico, encontraremos trabajos de Pedro Mora, Pedro Jos\u00e9 Ruiz- Constantino P\u00e9rez, Juana Mart\u00edn Infantes, Carmelo V\u00e1zquez, Paco Gil, Cristina Garc\u00eda Jurado-Centuri\u00f3n, Caye Santana, Manuel Silva G\u00f3mez, Flor N\u00fa\u00f1ez Nieto, Pilar Franco Gonz\u00e1lez, Carolina Luengo, Mari Carmen Mac\u00edas Caparros, Juan Mat\u00edas Brea, Roc\u00edo Escudero Alfonso, David Guerra D\u00edaz, Mar\u00eda Izquierdo, Pilar Rodr\u00edguez Barranco, Juan Carlos Cruz, Dulfi Doulfikar y Aurora Mart\u00edn Mar\u00edn. <\/span><\/p>\n<p style=\"text-align: justify; text-justify: inter-ideograph; background: white; margin: 4.5pt 0cm 4.5pt 0cm;\"><span style=\"font-size: 10.5pt; font-family: 'Helvetica Neue'; color: #1d2129;\">\u00a0<a href=\"https:\/\/www.huelvaysusfotografos.com\/wp-content\/uploads\/2017\/09\/Cartel-Maternidad-Paternidad-2.jpg\" rel=\"attachment wp-att-5211\"><img loading=\"lazy\" decoding=\"async\" width=\"214\" height=\"300\" class=\"aligncenter size-medium wp-image-5211\" src=\"https:\/\/www.huelvaysusfotografos.com\/wp-content\/uploads\/2017\/09\/Cartel-Maternidad-Paternidad-2-214x300.jpg\" alt=\"Cartel Maternidad &amp; Paternidad 2\" srcset=\"https:\/\/www.huelvaysusfotografos.com\/wp-content\/uploads\/2017\/09\/Cartel-Maternidad-Paternidad-2-214x300.jpg 214w, https:\/\/www.huelvaysusfotografos.com\/wp-content\/uploads\/2017\/09\/Cartel-Maternidad-Paternidad-2-731x1024.jpg 731w, https:\/\/www.huelvaysusfotografos.com\/wp-content\/uploads\/2017\/09\/Cartel-Maternidad-Paternidad-2-768x1075.jpg 768w\" sizes=\"auto, (max-width: 214px) 100vw, 214px\" \/><\/a><br \/>\n<\/span><\/p>\n<p style=\"text-align: justify; text-justify: inter-ideograph; background: white; margin: 4.5pt 0cm 4.5pt 0cm;\"><span style=\"font-size: 10.5pt; font-family: 'Helvetica Neue'; color: #1d2129;\">La inauguraci\u00f3n ser\u00e1 el d\u00eda 11 de septiembre a las 18:00 horas, en la Sala de Exposiciones Plus Ultra de la Fundaci\u00f3n Cajasol Huelva, y podr\u00e1 visitarse hasta el 22 de septiembre en horario de 18:00 a 21:00 horas. <\/span><\/p>\n","protected":false},"excerpt":{"rendered":"<p>Fundaci\u00f3n Cajasol Huelva, presenta en su Sala de Exposiciones de Plus Ultra la exposici\u00f3n titulada \u201cMaternidad &amp; Paternidad\u201d de la \u201cAsociaci\u00f3n Huelva y sus Fot\u00f3grafos\u201d. La muestra re\u00fane una veintena de obras que plasman la visi\u00f3n que los socios y socias de esta entidad han interpretado de manera muy variada. Los visitantes podr\u00e1n ver im\u00e1genes de madres y padres con sus hijos o hijas indistintamente; objetivas o subjetivas; en blanco<\/p>\n<div class=\"belowpost\"><a class=\"btnmore\" href=\"https:\/\/www.huelvaysusfotografos.com\/?p=5210\">Seguir leyendo<\/a><\/div>\n","protected":false},"author":41,"featured_media":5213,"comment_status":"open","ping_status":"open","sticky":false,"template":"","format":"standard","meta":{"footnotes":"","_links_to":"","_links_to_target":""},"categories":[23],"tags":[],"class_list":["post-5210","post","type-post","status-publish","format-standard","has-post-thumbnail","hentry","category-exposiciones"],"_links":{"self":[{"href":"https:\/\/www.huelvaysusfotografos.com\/index.php?rest_route=\/wp\/v2\/posts\/5210","targetHints":{"allow":["GET"]}}],"collection":[{"href":"https:\/\/www.huelvaysusfotografos.com\/index.php?rest_route=\/wp\/v2\/posts"}],"about":[{"href":"https:\/\/www.huelvaysusfotografos.com\/index.php?rest_route=\/wp\/v2\/types\/post"}],"author":[{"embeddable":true,"href":"https:\/\/www.huelvaysusfotografos.com\/index.php?rest_route=\/wp\/v2\/users\/41"}],"replies":[{"embeddable":true,"href":"https:\/\/www.huelvaysusfotografos.com\/index.php?rest_route=%2Fwp%2Fv2%2Fcomments&post=5210"}],"version-history":[{"count":1,"href":"https:\/\/www.huelvaysusfotografos.com\/index.php?rest_route=\/wp\/v2\/posts\/5210\/revisions"}],"predecessor-version":[{"id":5214,"href":"https:\/\/www.huelvaysusfotografos.com\/index.php?rest_route=\/wp\/v2\/posts\/5210\/revisions\/5214"}],"wp:featuredmedia":[{"embeddable":true,"href":"https:\/\/www.huelvaysusfotografos.com\/index.php?rest_route=\/wp\/v2\/media\/5213"}],"wp:attachment":[{"href":"https:\/\/www.huelvaysusfotografos.com\/index.php?rest_route=%2Fwp%2Fv2%2Fmedia&parent=5210"}],"wp:term":[{"taxonomy":"category","embeddable":true,"href":"https:\/\/www.huelvaysusfotografos.com\/index.php?rest_route=%2Fwp%2Fv2%2Fcategories&post=5210"},{"taxonomy":"post_tag","embeddable":true,"href":"https:\/\/www.huelvaysusfotografos.com\/index.php?rest_route=%2Fwp%2Fv2%2Ftags&post=5210"}],"curies":[{"name":"wp","href":"https:\/\/api.w.org\/{rel}","templated":true}]}}