{"id":5204,"date":"2017-05-07T10:52:48","date_gmt":"2017-05-07T09:52:48","guid":{"rendered":"http:\/\/www.huelvaysusfotografos.com\/?p=5204"},"modified":"2017-05-07T10:52:48","modified_gmt":"2017-05-07T09:52:48","slug":"proxima-kdd-fotografica-a-percurso-dos-sete-vales-suspensos-portugal","status":"publish","type":"post","link":"https:\/\/www.huelvaysusfotografos.com\/?p=5204","title":{"rendered":"Pr\u00f3xima KDD Fotogr\u00e1fica a \u00abPercurso dos sete vales suspensos\u00bb PORTUGAL"},"content":{"rendered":"<p>Esta salida programada para finales de abril, y que no pudimos realizar por \u00abamenaza\u00bb de lluvia, la retomamos ahora en mayo esperando poder disfrutar de un d\u00eda de fotos, buenas vistas y buena compa\u00f1\u00eda.<\/p>\n<p><a href=\"https:\/\/www.huelvaysusfotografos.com\/wp-content\/uploads\/2017\/05\/7-Valles-2.jpg\" rel=\"attachment wp-att-5205\"><img loading=\"lazy\" decoding=\"async\" width=\"225\" height=\"300\" class=\"aligncenter size-medium wp-image-5205\" src=\"https:\/\/www.huelvaysusfotografos.com\/wp-content\/uploads\/2017\/05\/7-Valles-2-225x300.jpg\" alt=\"7 Valles-2\" srcset=\"https:\/\/www.huelvaysusfotografos.com\/wp-content\/uploads\/2017\/05\/7-Valles-2-225x300.jpg 225w, https:\/\/www.huelvaysusfotografos.com\/wp-content\/uploads\/2017\/05\/7-Valles-2-768x1024.jpg 768w, https:\/\/www.huelvaysusfotografos.com\/wp-content\/uploads\/2017\/05\/7-Valles-2-1152x1536.jpg 1152w, https:\/\/www.huelvaysusfotografos.com\/wp-content\/uploads\/2017\/05\/7-Valles-2.jpg 1500w\" sizes=\"auto, (max-width: 225px) 100vw, 225px\" \/><\/a><\/p>\n<p>&nbsp;<\/p>\n<p>El programa ha sido propuesto por nuestro socio Rafael Llanes, que ya conoce la zona y nos har\u00e1 de gu\u00eda por el recorrido que ha propuesto. Os dejamos aqu\u00ed toda la informaci\u00f3n:<\/p>\n<h3>\u00b7\u00a0\u00a0\u00a0\u00a0\u00a0 NOMBRE DE LA ACTIVIDAD: Paseo Fotogr\u00e1fico por el \u201cPercurso dos Sete Vales Suspensos\u201d.<\/h3>\n<h3>\u00b7\u00a0\u00a0\u00a0\u00a0\u00a0 A CARGO DE: Rafael LLanes Gomez (LLagor).<\/h3>\n<h3>\u00b7\u00a0\u00a0\u00a0\u00a0\u00a0 DIA Y HORARIO: 13 de mayo de 8:30 a 17 h.<\/h3>\n<h3>\u00b7\u00a0\u00a0\u00a0\u00a0\u00a0 DONDE: El paseo discurre por la costa del Algarve Portugu\u00e9s, en el municipio de Lagoa, en concreto desde la Praia da Marinha hasta la Praia de Vale Centianes, pasando por el Cabo Carvoeiro, donde se encuentra el Faro de Alfanzina.<\/h3>\n<h3>\u00b7\u00a0\u00a0\u00a0\u00a0\u00a0 PROGRAMA DE LA JORNADA.<\/h3>\n<h3>o\u00a0\u00a0 Partiremos desde Huelva en direcci\u00f3n al Algarve Portugu\u00e9s concretamente a Praia da Marinha. En esta zona disponemos de zona de aparcamiento y merendero. Pasearemos por el sendero \u201cPercurso dos Sete Vales Suspensos\u201d. Este sendero se llama de los 7 valles suspendidos porque atravesamos 7 valles \u00a0que han quedado como puentes tras la erosi\u00f3n del mar. Aunque caminaremos por el acantilado, hay accesos que nos permiten bajar a las playas y contemplar la belleza del paisaje a nivel del mar y fotografiar las cuevas que la erosi\u00f3n marina han esculpido en la roca.<\/h3>\n<p>&nbsp;<\/p>\n<h3>o\u00a0\u00a0 La longitud total del sendero es de algo menos de 6 km pero al ser de ida y vuelta no es necesario hacerlo completo y darnos la vuelta cuando nos apetezca. Su trazado no tienen ninguna dificultad en cuanto a desniveles aunque algunos descensos tienen un terreno irregular pero que se pasan con precauci\u00f3n sin demasiados problemas.<\/h3>\n<p>&nbsp;<\/p>\n<h3>o\u00a0\u00a0 En este enlace pod\u00e9is ver los detalles de la ruta y evaluar personalmente su dificultad.<\/h3>\n<h3><a href=\"http:\/\/www.senderismohuelva.com\/2015\/10\/percurso-dos-sete-vales-suspensos.html\">http:\/\/www.senderismohuelva.com\/2015\/10\/percurso-dos-sete-vales-suspensos.html<\/a><\/h3>\n<p>&nbsp;<\/p>\n<h3>o\u00a0\u00a0 Cronolog\u00eda:<\/h3>\n<h3>&#8211;\u00a0 A las 08:30 h. Salida desde la gasolinera de Repsol junto a Puente de Punta Umbria y partida hacia Praia da Marinha en coches propios. 156 km de recorrido.<\/h3>\n<h3>&#8211;\u00a0 A las 11:00 horas comienzo del sendero.<\/h3>\n<h3>&#8211;\u00a0 A las 14:30 horas almuerzo campero en el merendero de Praia Marina.<\/h3>\n<h3>&#8211;\u00a0 Tras el almuerzo tiempo libre para aquellos que quieran realizar alguna foto m\u00e1s en Praia da Marinha con la marea m\u00e1s alta.<\/h3>\n<h3>&#8211;\u00a0 A las 17:00 h. Regreso a Huelva.<\/h3>\n<h3>o\u00a0\u00a0 M\u00ednimo\/m\u00e1ximo de participantes: No hay.<\/h3>\n<h3>&#8211;\u00a0 Por A22, datos por cada trayecto:<\/h3>\n<h3>\u00b7\u00a0\u00a0\u00a0\u00a0\u00a0 156 km.<\/h3>\n<h3>\u00b7\u00a0\u00a0\u00a0\u00a0\u00a0 1h y 41 min.<\/h3>\n<h3>\u00b7\u00a0\u00a0\u00a0\u00a0\u00a0 Peaje: 5,9 \u20ac<\/h3>\n<h3>&#8211;\u00a0\u00a0Por N125, datos por cada trayecto:<\/h3>\n<h3>\u00b7\u00a0\u00a0\u00a0\u00a0\u00a0 160 km.<\/h3>\n<h3>\u00b7\u00a0\u00a0\u00a0\u00a0\u00a0 2h y 34 min.<\/h3>\n<h3><\/h3>\n<h3>o\u00a0\u00a0 Plazo de Inscripci\u00f3n: Hasta el 10 de mayo a las 23:59:59 h.<\/h3>\n<p>Informaci\u00f3n\/inscripci\u00f3n: huelvaysf@gmail.com<\/p>\n<h3><\/h3>\n<h3>o\u00a0\u00a0 Observaciones.<\/h3>\n<h3>&#8211;\u00a0 Llevar agua, gorra y protector solar.<\/h3>\n<h3>&#8211;\u00a0 El merendero donde almorzaremos est\u00e1 bien pero no hay ninguna sombra. Aquellos que no soporten el sol pueden llevan sombrillas e intentar agarrarlas con bridas o algo a las mesas. Tambi\u00e9n es posible almorzar en la playa.<\/h3>\n<h3>&#8211;\u00a0 En cuanto al desayuno, habr\u00eda que desayunar en \u00e1reas de servicio, que son caras y tampoco tienen un desayuno muy bueno. Bebidas y boller\u00eda t\u00edpica portuguesa. Lo advierto por si alguien prefiere ir desayunado.<\/h3>\n","protected":false},"excerpt":{"rendered":"<p>Esta salida programada para finales de abril, y que no pudimos realizar por \u00abamenaza\u00bb de lluvia, la retomamos ahora en mayo esperando poder disfrutar de un d\u00eda de fotos, buenas vistas y buena compa\u00f1\u00eda. &nbsp; El programa ha sido propuesto por nuestro socio Rafael Llanes, que ya conoce la zona y nos har\u00e1 de gu\u00eda por el recorrido que ha propuesto. Os dejamos aqu\u00ed toda la informaci\u00f3n: \u00b7\u00a0\u00a0\u00a0\u00a0\u00a0 NOMBRE DE<\/p>\n<div class=\"belowpost\"><a class=\"btnmore\" href=\"https:\/\/www.huelvaysusfotografos.com\/?p=5204\">Seguir leyendo<\/a><\/div>\n","protected":false},"author":41,"featured_media":5206,"comment_status":"open","ping_status":"open","sticky":false,"template":"","format":"standard","meta":{"footnotes":"","_links_to":"","_links_to_target":""},"categories":[6],"tags":[],"class_list":["post-5204","post","type-post","status-publish","format-standard","has-post-thumbnail","hentry","category-quedadas"],"_links":{"self":[{"href":"https:\/\/www.huelvaysusfotografos.com\/index.php?rest_route=\/wp\/v2\/posts\/5204","targetHints":{"allow":["GET"]}}],"collection":[{"href":"https:\/\/www.huelvaysusfotografos.com\/index.php?rest_route=\/wp\/v2\/posts"}],"about":[{"href":"https:\/\/www.huelvaysusfotografos.com\/index.php?rest_route=\/wp\/v2\/types\/post"}],"author":[{"embeddable":true,"href":"https:\/\/www.huelvaysusfotografos.com\/index.php?rest_route=\/wp\/v2\/users\/41"}],"replies":[{"embeddable":true,"href":"https:\/\/www.huelvaysusfotografos.com\/index.php?rest_route=%2Fwp%2Fv2%2Fcomments&post=5204"}],"version-history":[{"count":1,"href":"https:\/\/www.huelvaysusfotografos.com\/index.php?rest_route=\/wp\/v2\/posts\/5204\/revisions"}],"predecessor-version":[{"id":5207,"href":"https:\/\/www.huelvaysusfotografos.com\/index.php?rest_route=\/wp\/v2\/posts\/5204\/revisions\/5207"}],"wp:featuredmedia":[{"embeddable":true,"href":"https:\/\/www.huelvaysusfotografos.com\/index.php?rest_route=\/wp\/v2\/media\/5206"}],"wp:attachment":[{"href":"https:\/\/www.huelvaysusfotografos.com\/index.php?rest_route=%2Fwp%2Fv2%2Fmedia&parent=5204"}],"wp:term":[{"taxonomy":"category","embeddable":true,"href":"https:\/\/www.huelvaysusfotografos.com\/index.php?rest_route=%2Fwp%2Fv2%2Fcategories&post=5204"},{"taxonomy":"post_tag","embeddable":true,"href":"https:\/\/www.huelvaysusfotografos.com\/index.php?rest_route=%2Fwp%2Fv2%2Ftags&post=5204"}],"curies":[{"name":"wp","href":"https:\/\/api.w.org\/{rel}","templated":true}]}}