{"id":5198,"date":"2017-05-07T10:44:16","date_gmt":"2017-05-07T09:44:16","guid":{"rendered":"http:\/\/www.huelvaysusfotografos.com\/?p=5198"},"modified":"2017-05-07T10:44:35","modified_gmt":"2017-05-07T09:44:35","slug":"valentin-fernandez-y-su-experiencia-desde-fotodoze","status":"publish","type":"post","link":"https:\/\/www.huelvaysusfotografos.com\/?p=5198","title":{"rendered":"Valent\u00edn Fern\u00e1ndez y su experiencia desde FOTODOZE"},"content":{"rendered":"<p>En la pasada Tertulia Fotogr\u00e1fica tuvimos a Valent\u00edn, regenta junto con su familia FOTODOZE (www.fotodoze.es). Se nos ocurri\u00f3 invitarlo como tertuliano el jueves primero de mayo, y fue un encuentro estupendo.<\/p>\n<p>Trabaja fotograf\u00eda de estudio, reportaje social, industrial, fotograf\u00eda a\u00e9rea y esf\u00e9rica. Sus inicios fueron autodidactas aunque con el tiempo se ha ido formando y adaptando a los nuevos tiempos de la era digital. \u00c9l viv\u00eda en Catalu\u00f1a y disfrutaba en sus inicios con su Olimpus OM 10. M\u00e1s tarde irrumpi\u00f3 el minilab, que permit\u00eda revelar los carretes en una hora. Regres\u00f3 a Huelva y fue el primero en dar este servicio.<\/p>\n<p>Los autores que le inspiran son, entre otros, Pepa Valero, Rogelio Romero, Vicente Esteban, Eva Cordero, Rebeca Saray, Francisco Guerrero&#8230; y un largo etc\u00e9tera.<\/p>\n<p>Trabaja con Nikon (D3 y D750), con flashes Nikon SB 900 y en estudio, con Multiblitz y Bowens.<\/p>\n<p>En la actualidad adem\u00e1s de continuar con su establecimiento est\u00e1 creando un Blog de fotograf\u00eda para profesionales.<\/p>\n<p>Gracias por dedicarnos tu tiempo y conocimientos!!<\/p>\n<p><a href=\"https:\/\/www.huelvaysusfotografos.com\/wp-content\/uploads\/2017\/05\/IMG_8286.jpg\" rel=\"attachment wp-att-5199\"><img loading=\"lazy\" decoding=\"async\" width=\"300\" height=\"225\" class=\"aligncenter size-medium wp-image-5199\" src=\"https:\/\/www.huelvaysusfotografos.com\/wp-content\/uploads\/2017\/05\/IMG_8286-300x225.jpg\" alt=\"IMG_8286\" srcset=\"https:\/\/www.huelvaysusfotografos.com\/wp-content\/uploads\/2017\/05\/IMG_8286-300x225.jpg 300w, https:\/\/www.huelvaysusfotografos.com\/wp-content\/uploads\/2017\/05\/IMG_8286-1024x768.jpg 1024w, https:\/\/www.huelvaysusfotografos.com\/wp-content\/uploads\/2017\/05\/IMG_8286-768x576.jpg 768w, https:\/\/www.huelvaysusfotografos.com\/wp-content\/uploads\/2017\/05\/IMG_8286-1536x1152.jpg 1536w, https:\/\/www.huelvaysusfotografos.com\/wp-content\/uploads\/2017\/05\/IMG_8286-2048x1536.jpg 2048w, https:\/\/www.huelvaysusfotografos.com\/wp-content\/uploads\/2017\/05\/IMG_8286-160x120.jpg 160w\" sizes=\"auto, (max-width: 300px) 100vw, 300px\" \/><\/a><\/p>\n<p><a href=\"https:\/\/www.huelvaysusfotografos.com\/wp-content\/uploads\/2017\/05\/IMG_8291.jpg\" rel=\"attachment wp-att-5200\"><img loading=\"lazy\" decoding=\"async\" width=\"300\" height=\"225\" class=\"aligncenter size-medium wp-image-5200\" src=\"https:\/\/www.huelvaysusfotografos.com\/wp-content\/uploads\/2017\/05\/IMG_8291-300x225.jpg\" alt=\"IMG_8291\" srcset=\"https:\/\/www.huelvaysusfotografos.com\/wp-content\/uploads\/2017\/05\/IMG_8291-300x225.jpg 300w, https:\/\/www.huelvaysusfotografos.com\/wp-content\/uploads\/2017\/05\/IMG_8291-1024x768.jpg 1024w, https:\/\/www.huelvaysusfotografos.com\/wp-content\/uploads\/2017\/05\/IMG_8291-768x576.jpg 768w, https:\/\/www.huelvaysusfotografos.com\/wp-content\/uploads\/2017\/05\/IMG_8291-1536x1152.jpg 1536w, https:\/\/www.huelvaysusfotografos.com\/wp-content\/uploads\/2017\/05\/IMG_8291-2048x1536.jpg 2048w, https:\/\/www.huelvaysusfotografos.com\/wp-content\/uploads\/2017\/05\/IMG_8291-160x120.jpg 160w\" sizes=\"auto, (max-width: 300px) 100vw, 300px\" \/><\/a><\/p>\n<p><a href=\"https:\/\/www.huelvaysusfotografos.com\/wp-content\/uploads\/2017\/05\/IMG_8294.jpg\" rel=\"attachment wp-att-5201\"><img loading=\"lazy\" decoding=\"async\" width=\"300\" height=\"225\" class=\"aligncenter size-medium wp-image-5201\" src=\"https:\/\/www.huelvaysusfotografos.com\/wp-content\/uploads\/2017\/05\/IMG_8294-300x225.jpg\" alt=\"IMG_8294\" srcset=\"https:\/\/www.huelvaysusfotografos.com\/wp-content\/uploads\/2017\/05\/IMG_8294-300x225.jpg 300w, https:\/\/www.huelvaysusfotografos.com\/wp-content\/uploads\/2017\/05\/IMG_8294-1024x768.jpg 1024w, https:\/\/www.huelvaysusfotografos.com\/wp-content\/uploads\/2017\/05\/IMG_8294-768x576.jpg 768w, https:\/\/www.huelvaysusfotografos.com\/wp-content\/uploads\/2017\/05\/IMG_8294-1536x1152.jpg 1536w, https:\/\/www.huelvaysusfotografos.com\/wp-content\/uploads\/2017\/05\/IMG_8294-2048x1536.jpg 2048w, https:\/\/www.huelvaysusfotografos.com\/wp-content\/uploads\/2017\/05\/IMG_8294-160x120.jpg 160w\" sizes=\"auto, (max-width: 300px) 100vw, 300px\" \/><\/a><\/p>\n<p style=\"text-align: center;\">Fotos: Juana Mart\u00edn<\/p>\n","protected":false},"excerpt":{"rendered":"<p>En la pasada Tertulia Fotogr\u00e1fica tuvimos a Valent\u00edn, regenta junto con su familia FOTODOZE (www.fotodoze.es). Se nos ocurri\u00f3 invitarlo como tertuliano el jueves primero de mayo, y fue un encuentro estupendo. Trabaja fotograf\u00eda de estudio, reportaje social, industrial, fotograf\u00eda a\u00e9rea y esf\u00e9rica. Sus inicios fueron autodidactas aunque con el tiempo se ha ido formando y adaptando a los nuevos tiempos de la era digital. \u00c9l viv\u00eda en Catalu\u00f1a y disfrutaba<\/p>\n<div class=\"belowpost\"><a class=\"btnmore\" href=\"https:\/\/www.huelvaysusfotografos.com\/?p=5198\">Seguir leyendo<\/a><\/div>\n","protected":false},"author":41,"featured_media":5202,"comment_status":"open","ping_status":"open","sticky":false,"template":"","format":"standard","meta":{"footnotes":"","_links_to":"","_links_to_target":""},"categories":[32],"tags":[],"class_list":["post-5198","post","type-post","status-publish","format-standard","has-post-thumbnail","hentry","category-tertulias"],"_links":{"self":[{"href":"https:\/\/www.huelvaysusfotografos.com\/index.php?rest_route=\/wp\/v2\/posts\/5198","targetHints":{"allow":["GET"]}}],"collection":[{"href":"https:\/\/www.huelvaysusfotografos.com\/index.php?rest_route=\/wp\/v2\/posts"}],"about":[{"href":"https:\/\/www.huelvaysusfotografos.com\/index.php?rest_route=\/wp\/v2\/types\/post"}],"author":[{"embeddable":true,"href":"https:\/\/www.huelvaysusfotografos.com\/index.php?rest_route=\/wp\/v2\/users\/41"}],"replies":[{"embeddable":true,"href":"https:\/\/www.huelvaysusfotografos.com\/index.php?rest_route=%2Fwp%2Fv2%2Fcomments&post=5198"}],"version-history":[{"count":1,"href":"https:\/\/www.huelvaysusfotografos.com\/index.php?rest_route=\/wp\/v2\/posts\/5198\/revisions"}],"predecessor-version":[{"id":5203,"href":"https:\/\/www.huelvaysusfotografos.com\/index.php?rest_route=\/wp\/v2\/posts\/5198\/revisions\/5203"}],"wp:featuredmedia":[{"embeddable":true,"href":"https:\/\/www.huelvaysusfotografos.com\/index.php?rest_route=\/wp\/v2\/media\/5202"}],"wp:attachment":[{"href":"https:\/\/www.huelvaysusfotografos.com\/index.php?rest_route=%2Fwp%2Fv2%2Fmedia&parent=5198"}],"wp:term":[{"taxonomy":"category","embeddable":true,"href":"https:\/\/www.huelvaysusfotografos.com\/index.php?rest_route=%2Fwp%2Fv2%2Fcategories&post=5198"},{"taxonomy":"post_tag","embeddable":true,"href":"https:\/\/www.huelvaysusfotografos.com\/index.php?rest_route=%2Fwp%2Fv2%2Ftags&post=5198"}],"curies":[{"name":"wp","href":"https:\/\/api.w.org\/{rel}","templated":true}]}}