{"id":5191,"date":"2017-04-23T11:25:02","date_gmt":"2017-04-23T10:25:02","guid":{"rendered":"http:\/\/www.huelvaysusfotografos.com\/?p=5191"},"modified":"2017-04-23T11:25:02","modified_gmt":"2017-04-23T10:25:02","slug":"5191","status":"publish","type":"post","link":"https:\/\/www.huelvaysusfotografos.com\/?p=5191","title":{"rendered":""},"content":{"rendered":"<div class=\"gmail-\">\n<div class=\"gmail-_1mf gmail-_1mj\">Seguimos con nuestras actividades, en esta ocasi\u00f3n \u00abHuelva y sus Fot\u00f3grafos\u00bb colabora con la \u00abConcejal\u00eda de Cultura, Turismo y Promoci\u00f3n de Huelva en el Exterior\u00bb con la creaci\u00f3n de un Concurso Fotogr\u00e1fico sobre \u00abHuelva y su Gastronom\u00eda\u00bb.<\/div>\n<\/div>\n<div class=\"gmail-_1mf gmail-_1mj\"><\/div>\n<div class=\"gmail-_1mf gmail-_1mj\"><img loading=\"lazy\" decoding=\"async\" width=\"213\" height=\"300\" class=\"aligncenter size-medium wp-image-5192\" src=\"https:\/\/www.huelvaysusfotografos.com\/wp-content\/uploads\/2017\/04\/Captura-de-pantalla-2017-04-23-a-las-12.10.14-213x300.png\" alt=\"Captura de pantalla 2017-04-23 a la(s) 12.10.14\" srcset=\"https:\/\/www.huelvaysusfotografos.com\/wp-content\/uploads\/2017\/04\/Captura-de-pantalla-2017-04-23-a-las-12.10.14-213x300.png 213w, https:\/\/www.huelvaysusfotografos.com\/wp-content\/uploads\/2017\/04\/Captura-de-pantalla-2017-04-23-a-las-12.10.14.png 285w\" sizes=\"auto, (max-width: 213px) 100vw, 213px\" \/><\/div>\n<div class=\"gmail-_1mf gmail-_1mj\">BASES<\/div>\n<div class=\"gmail-_1mf gmail-_1mj\">\n<div class=\"page\" title=\"Page 1\">\n<div class=\"section\">\n<div class=\"layoutArea\">\n<div class=\"column\">\n<p>BASES DEL CONCURSO DE FOTOGRAF\u00cdA \u201cTASTING HUELVA\u201d<\/p>\n<p>El concurso de Fotograf\u00eda es una iniciativa del Excmo. Ayuntamiento de Huelva a trav\u00e9s de la Concejal\u00eda de Cultura, Turismo y Promoci\u00f3n de Huelva en el Exterior del Ayuntamiento de Huelva; con la colaboraci\u00f3n de la Asociaci\u00f3n Huelva y sus Fot\u00f3grafos, y se enmarca dentro de los actos relacionados con el nombramiento de Huelva como Capital Gastron\u00f3mica en 2017.<\/p>\n<p>El presente concurso de fotograf\u00eda constar\u00e1 de dos modalidades seg\u00fan el formato y el medio de presentaci\u00f3n de las im\u00e1genes \u2013 modalidad \u201coficial\u201d y modalidad \u00abInstagram\u201d \u2013 y ambas se desarrollar\u00e1n seg\u00fan las bases que se detallan a continuaci\u00f3n:<\/p>\n<p><span style=\"color: #0000ff;\">MODALIDAD \u201cOFICIAL<\/span>\u201d<\/p>\n<ol>\n<li>El Certamen se desarrollar\u00e1 desde el d\u00eda 21 de abril, momento en el que se publican las presentes bases hasta el d\u00eda 9 de junio del presente a\u00f1o, fecha en la que se har\u00e1n p\u00fablicas las im\u00e1genes ganadoras.<\/li>\n<li>Podr\u00e1n participar todos los fot\u00f3grafos profesionales y aficionados que lo deseen, con un m\u00e1ximo de 5 obras de \u200bformato y t\u00e9cnica libre. \u200bNo se aceptar\u00e1n fotomontajes ni t\u00e9cnicas de pintura sobre imagen.<\/li>\n<li>El tema a concurso es: \u201cHuelva y su Gastronom\u00eda\u201d. (productos, su origen, su elaboraci\u00f3n, establecimientos, etc.)<\/li>\n<li>Las fotograf\u00edas se presentar\u00e1n a trav\u00e9s del correo huelvacapitalgastronomica@huelva.es\u200b. El tama\u00f1o de cada foto estar\u00e1 entre 1 y 3 Mg a 300ppp y formato JPG.<\/li>\n<li>Las fotograf\u00edas deben ser in\u00e9ditas y originales, no admiti\u00e9ndose ninguna fotograf\u00eda cuyos derechos de propiedad intelectual, no pertenezcan \u00edntegramente y sin excepci\u00f3n, al propio participante del concurso.<\/li>\n<li>Pueden enviarse directamente adjuntas al correo o usando un servicio de env\u00edo de archivos digital. Los archivos tendr\u00e1n la extensi\u00f3n: xxxxxxtitulo.jpg (fecha de env\u00edo)<\/li>\n<li><span style=\"color: #ff0000;\">El plazo de presentaci\u00f3n comienza el d\u00eda 27 de abril desde las 00.01h y acaba el d\u00eda 26 de mayo a las 23.59h.<\/span> Cualquier obra recibida fuera de plazo o que no se ajuste a la tem\u00e1tica, ser\u00e1 descartada del certamen.<\/li>\n<li>\n<div class=\"page\" title=\"Page 2\">\n<div class=\"section\">\n<div class=\"layoutArea\">\n<div class=\"column\">\n<ol start=\"8\">\n<li>El fallo del jurado se har\u00e1 p\u00fablico el d\u00eda 9 de junio. La decisi\u00f3n del jurado ser\u00e1 inapelable, pudiendo quedar el premio desierto.<\/li>\n<li>Se establecen tres premios valorados en 1.000,00 \u20ac, 500,00 \u20ac y 300,00 \u20ac para el primero, segundo y tercer puestos respectivamente:\n<ol>\n<li><strong><span style=\"color: #ff0000;\">Primer Premio: Olympus OMD-M1 mark II<\/span><\/strong><\/li>\n<li><strong><span style=\"color: #ff0000;\">Segundo Premio: Olympus M10 mark II<\/span><\/strong><\/li>\n<li><strong><span style=\"color: #ff0000;\">Tercer Premio: Canon M10<\/span><\/strong><\/li>\n<\/ol>\n<\/li>\n<li>Las obras premiadas quedar\u00e1n en propiedad del Ayuntamiento de Huelva. La\n<p>participaci\u00f3n \u200ben este certamen supone la aceptaci\u00f3n total de estas bases y del premio, cualquier caso no contemplado en las presentes bases ser\u00e1 resuelto por el Jurado establecido, que estar\u00e1 compuesto por artistas de reconocido prestigio y que se har\u00e1 p\u00fablico, una vez emitido el fallo.<\/p>\n<p>Derechos de autor: Los derechos morales de las fotograf\u00edas son intransferibles e irrenunciables. Tal y como establece el art\u00edculo 1 de la LPI (Ley de Propiedad Intelectual), \u201cla propiedad intelectual de una obra literaria, art\u00edstica o cient\u00edfica corresponde al autor por el solo hecho de su creaci\u00f3n\u201d. Los participantes, ceder\u00e1n, con la mera presentaci\u00f3n de su fotograf\u00eda al concurso, los derechos de reproducci\u00f3n, comunicaci\u00f3n, distribuci\u00f3n y divulgaci\u00f3n publica a efectos de exposici\u00f3n y divulgaci\u00f3n, mediante los soportes que edite la Concejal\u00eda de Cultura, Turismo y Promoci\u00f3n de Huelva en el exterior o terceras personas a sus instancias, mencionando siempre el nombre del autor, durante un a\u00f1o a partir de la fecha en la que est\u00e1 estipulado el fallo del jurado, esto es, desde el d\u00eda 9 de junio de 2017 al d\u00eda 9 de junio de 2018.<\/li>\n<\/ol>\n<p>11. La \u200binscripci\u00f3n \u200badjunta, deber\u00e1 presentarse cumplimentada, junto a las fotograf\u00edas en el correo \u200bhuelvacapitalgastronomica@huelva.es\u200b.<\/p>\n<p>12. La Organizaci\u00f3n se reserva todos los derechos de modificaci\u00f3n de las bases por causa mayor o en beneficio del Certamen.<\/p>\n<p><a href=\"https:\/\/www.huelvaysusfotografos.com\/wp-content\/uploads\/2017\/04\/Captura-de-pantalla-2017-04-23-a-las-12.18.30.png\" rel=\"attachment wp-att-5193\"><img loading=\"lazy\" decoding=\"async\" width=\"187\" height=\"300\" class=\"aligncenter size-medium wp-image-5193\" src=\"https:\/\/www.huelvaysusfotografos.com\/wp-content\/uploads\/2017\/04\/Captura-de-pantalla-2017-04-23-a-las-12.18.30-187x300.png\" alt=\"Captura de pantalla 2017-04-23 a la(s) 12.18.30\" srcset=\"https:\/\/www.huelvaysusfotografos.com\/wp-content\/uploads\/2017\/04\/Captura-de-pantalla-2017-04-23-a-las-12.18.30-187x300.png 187w, https:\/\/www.huelvaysusfotografos.com\/wp-content\/uploads\/2017\/04\/Captura-de-pantalla-2017-04-23-a-las-12.18.30-639x1024.png 639w, https:\/\/www.huelvaysusfotografos.com\/wp-content\/uploads\/2017\/04\/Captura-de-pantalla-2017-04-23-a-las-12.18.30.png 657w\" sizes=\"auto, (max-width: 187px) 100vw, 187px\" \/><\/a><\/p>\n<\/div>\n<div class=\"page\" title=\"Page 4\">\n<div class=\"section\">\n<div class=\"layoutArea\">\n<div class=\"column\">\n<p><span style=\"color: #0000ff;\">MODALIDAD \u201cINSTAGRAM\u201d<\/span><\/p>\n<ol>\n<li>El Certamen se desarrollar\u00e1 <span style=\"color: #ff0000;\">desde el d\u00eda 19 de abril,<\/span> momento en el que se publican las presentes bases <span style=\"color: #ff0000;\">hasta el d\u00eda 9 de junio<\/span> del presente a\u00f1o, fecha en la que se har\u00e1 p\u00fablica la imagen ganadora.<\/li>\n<li>La inscripci\u00f3n en el concurso implica que el participante tenga una cuenta en Instagram y que respeta las condiciones de esta red (\u200bhttp:\/\/instagram.com\/legal\/terms\/\u200b). Adem\u00e1s, para que la participaci\u00f3n pueda ser validada, este perfil tiene que ser p\u00fablico.<\/li>\n<li>Para participar y tratar de conseguir el premio bastar\u00e1 con hacer una foto con el m\u00f3vil relacionada con la gastronom\u00eda de Huelva y subirla a la cuenta de Instagram etiquet\u00e1ndola del siguiente modo: #huelvacapitalgastronomica17<\/li>\n<li>Las fotograf\u00edas deben ser in\u00e9ditas y originales, no admiti\u00e9ndose ninguna fotograf\u00eda cuyos derechos de propiedad intelectual, no pertenezcan \u00edntegramente y sin excepci\u00f3n, al propio participante del concurso.<\/li>\n<li>Se tendr\u00e1 en cuenta la originalidad de la fotograf\u00eda y su capacidad para transmitir los valores sociales y culturales en torno a la gastronom\u00eda onubense.<\/li>\n<li>S\u00f3lo se aceptar\u00e1n im\u00e1genes publicadas desde Instagram, que hayan sido etiquetadas correctamente.<\/li>\n<li>Cada participante podr\u00e1 subir tantas fotos como desee.<\/li>\n<li>Tras la finalizaci\u00f3n del plazo de presentaci\u00f3n de im\u00e1genes, el jurado seleccionar\u00e1 10 im\u00e1genes que se compartir\u00e1n en d\u00edas consecutivos en la cuenta oficial de &#8216;Huelva, Capital Espa\u00f1ola de la Gastronom\u00eda&#8217;; @huelvagastronomica y la imagen que reciba m\u00e1s &#8216;Likes&#8217; del resto de usuarios ser\u00e1 la ganadora del concurso.<\/li>\n<li>El plazo de presentaci\u00f3n comienza el d\u00eda 27 de abril desde las 00.01h y acaba el d\u00eda 26 de mayo a las 23.59h. Cualquier obra recibida fuera de plazo, que no se ajuste a la tem\u00e1tica o cuyo contenido sea considerado por la organizaci\u00f3n, a su solo criterio, no adecuado, inapropiado u ofensivo, ser\u00e1 descartada del certamen.<\/li>\n<li>El fallo popular se har\u00e1 p\u00fablico el d\u00eda 9 de junio.<\/li>\n<\/ol>\n<\/div>\n<\/div>\n<\/div>\n<\/div>\n<\/div>\n<\/div>\n<\/div>\n<\/li>\n<\/ol>\n<\/div>\n<\/div>\n<\/div>\n<\/div>\n<\/div>\n<div class=\"gmail-_1mf gmail-_1mj\"><\/div>\n<div class=\"gmail-\">\n<div class=\"gmail-_1mf gmail-_1mj\">\nOs dejamos el enlace tambi\u00e9n de descarga de las bases:<\/div>\n<\/div>\n<div class=\"gmail-\">\n<div class=\"gmail-_1mf gmail-_1mj\"><a href=\"http:\/\/www.huelvacapitalgastronomica.com\/images\/BASES_CONCURSO_TASTING_HUELVA.pdf\">http:\/\/www.huelvacapitalgastronomica.com\/images\/BASES_CONCURSO_TASTING_HUELVA.pdf<\/a><\/div>\n<\/div>\n<div class=\"gmail-_1mf gmail-_1mj\"><\/div>\n<div class=\"gmail-_1mf gmail-_1mj\">Participa para apoyar este tipo de iniciativas&#8230; adem\u00e1s los premios son una pasada!!!<\/div>\n<div class=\"gmail-_1mf gmail-_1mj\"><\/div>\n<div class=\"gmail-_1mf gmail-_1mj\">Agradecer\u00edamos que compartieras esta informaci\u00f3n entre fot\u00f3grafos\/as que conozcas que puedan estar interesados.<\/div>\n<div class=\"gmail-_1mf gmail-_1mj\"><\/div>\n","protected":false},"excerpt":{"rendered":"<p>Seguimos con nuestras actividades, en esta ocasi\u00f3n \u00abHuelva y sus Fot\u00f3grafos\u00bb colabora con la \u00abConcejal\u00eda de Cultura, Turismo y Promoci\u00f3n de Huelva en el Exterior\u00bb con la creaci\u00f3n de un Concurso Fotogr\u00e1fico sobre \u00abHuelva y su Gastronom\u00eda\u00bb. BASES BASES DEL CONCURSO DE FOTOGRAF\u00cdA \u201cTASTING HUELVA\u201d El concurso de Fotograf\u00eda es una iniciativa del Excmo. Ayuntamiento de Huelva a trav\u00e9s de la Concejal\u00eda de Cultura, Turismo y Promoci\u00f3n de Huelva en<\/p>\n<div class=\"belowpost\"><a class=\"btnmore\" href=\"https:\/\/www.huelvaysusfotografos.com\/?p=5191\">Seguir leyendo<\/a><\/div>\n","protected":false},"author":41,"featured_media":5194,"comment_status":"open","ping_status":"open","sticky":false,"template":"","format":"standard","meta":{"footnotes":"","_links_to":"","_links_to_target":""},"categories":[3],"tags":[],"class_list":["post-5191","post","type-post","status-publish","format-standard","has-post-thumbnail","hentry","category-noticias"],"_links":{"self":[{"href":"https:\/\/www.huelvaysusfotografos.com\/index.php?rest_route=\/wp\/v2\/posts\/5191","targetHints":{"allow":["GET"]}}],"collection":[{"href":"https:\/\/www.huelvaysusfotografos.com\/index.php?rest_route=\/wp\/v2\/posts"}],"about":[{"href":"https:\/\/www.huelvaysusfotografos.com\/index.php?rest_route=\/wp\/v2\/types\/post"}],"author":[{"embeddable":true,"href":"https:\/\/www.huelvaysusfotografos.com\/index.php?rest_route=\/wp\/v2\/users\/41"}],"replies":[{"embeddable":true,"href":"https:\/\/www.huelvaysusfotografos.com\/index.php?rest_route=%2Fwp%2Fv2%2Fcomments&post=5191"}],"version-history":[{"count":1,"href":"https:\/\/www.huelvaysusfotografos.com\/index.php?rest_route=\/wp\/v2\/posts\/5191\/revisions"}],"predecessor-version":[{"id":5195,"href":"https:\/\/www.huelvaysusfotografos.com\/index.php?rest_route=\/wp\/v2\/posts\/5191\/revisions\/5195"}],"wp:featuredmedia":[{"embeddable":true,"href":"https:\/\/www.huelvaysusfotografos.com\/index.php?rest_route=\/wp\/v2\/media\/5194"}],"wp:attachment":[{"href":"https:\/\/www.huelvaysusfotografos.com\/index.php?rest_route=%2Fwp%2Fv2%2Fmedia&parent=5191"}],"wp:term":[{"taxonomy":"category","embeddable":true,"href":"https:\/\/www.huelvaysusfotografos.com\/index.php?rest_route=%2Fwp%2Fv2%2Fcategories&post=5191"},{"taxonomy":"post_tag","embeddable":true,"href":"https:\/\/www.huelvaysusfotografos.com\/index.php?rest_route=%2Fwp%2Fv2%2Ftags&post=5191"}],"curies":[{"name":"wp","href":"https:\/\/api.w.org\/{rel}","templated":true}]}}