{"id":5184,"date":"2017-04-05T15:07:13","date_gmt":"2017-04-05T14:07:13","guid":{"rendered":"http:\/\/www.huelvaysusfotografos.com\/?p=5184"},"modified":"2017-04-06T20:45:09","modified_gmt":"2017-04-06T19:45:09","slug":"ayamonte-acogera-nuestros-7-pecados-capitales","status":"publish","type":"post","link":"https:\/\/www.huelvaysusfotografos.com\/?p=5184","title":{"rendered":"Ayamonte acoger\u00e1 nuestros \u00ab7 pecados capitales\u00bb"},"content":{"rendered":"<p>EXPOSICI\u00d3N FOTOGR\u00c1FICA \u201c7 PECADOS CAPITALES\u201d<br \/>\nColectiva de la \u201cAsociaci\u00f3n Huelva y sus Fot\u00f3grafos\u201d<br \/>\nCASA GRANDE, Sala de las Tinajas (Ayamonte)<br \/>\nDel 7 a 21 de abril de 2017<br \/>\n<a href=\"https:\/\/www.huelvaysusfotografos.com\/wp-content\/uploads\/2017\/04\/Cartel-Pecados-Capitales-Casa-Grande-2.jpg\" rel=\"attachment wp-att-5185\"><img loading=\"lazy\" decoding=\"async\" width=\"212\" height=\"300\" class=\"aligncenter size-medium wp-image-5185\" src=\"https:\/\/www.huelvaysusfotografos.com\/wp-content\/uploads\/2017\/04\/Cartel-Pecados-Capitales-Casa-Grande-2-212x300.jpg\" alt=\"Cartel Pecados Capitales Casa Grande-2\" srcset=\"https:\/\/www.huelvaysusfotografos.com\/wp-content\/uploads\/2017\/04\/Cartel-Pecados-Capitales-Casa-Grande-2-212x300.jpg 212w, https:\/\/www.huelvaysusfotografos.com\/wp-content\/uploads\/2017\/04\/Cartel-Pecados-Capitales-Casa-Grande-2-724x1024.jpg 724w, https:\/\/www.huelvaysusfotografos.com\/wp-content\/uploads\/2017\/04\/Cartel-Pecados-Capitales-Casa-Grande-2-768x1086.jpg 768w, https:\/\/www.huelvaysusfotografos.com\/wp-content\/uploads\/2017\/04\/Cartel-Pecados-Capitales-Casa-Grande-2-1087x1536.jpg 1087w, https:\/\/www.huelvaysusfotografos.com\/wp-content\/uploads\/2017\/04\/Cartel-Pecados-Capitales-Casa-Grande-2-1449x2048.jpg 1449w, https:\/\/www.huelvaysusfotografos.com\/wp-content\/uploads\/2017\/04\/Cartel-Pecados-Capitales-Casa-Grande-2.jpg 1671w\" sizes=\"auto, (max-width: 212px) 100vw, 212px\" \/><\/a><\/p>\n<p style=\"text-align: justify;\">Pues para qu\u00e9 vamos a parar!!. Ahora nos trasladamos a Ayamonte. \u201c7 PECADOS CAPITALES\u201d es el t\u00edtulo del proyecto expositivo realizado por la Asociaci\u00f3n \u201cHuelva y sus fot\u00f3grafos\u201d. El proyecto surgi\u00f3 de las inquietudes de nuestros socios y socias, constituyendo un aut\u00e9ntico reto para la inventiva y la creatividad. El tema \u201cLos siete pecados capitales\u201d abarca todas aquellas representaciones objetivas o subjetivas con que los fot\u00f3grafos perciben las emociones y comportamientos humanos conocidos como Ira, Envidia, Gula, Pereza, Lujuria, Soberbia y Avaricia. La interpretaci\u00f3n, por tanto, es libre de cada autor y enriquece de esa manera la muestra. Se trata de fotograf\u00edas digitales en blanco y negro, o color, con t\u00e9cnicas libres de ejecuci\u00f3n.<\/p>\n<p style=\"text-align: justify;\">La exposici\u00f3n se ha convertido en un conjunto itinerante, ya que parte de esta exposici\u00f3n fue expuesta hace 3 a\u00f1os en la Sala V\u00e1zquez D\u00edaz de la Casa Col\u00f3n (Huelva), y el pasado a\u00f1o en el Centro Olontense de Arte Contempor\u00e1neo (CODAC) de Gibrale\u00f3n.<\/p>\n<p style=\"text-align: justify;\">Del 7 al 21 abril se abrir\u00e1 al p\u00fablico en la Sala de las Tinajas de la Casa Grande de Ayamonte, en horario de lunes a viernes de 9:00 a 14:00 h. y de 16:30 a 20:30 h. y los s\u00e1bados de 10:00 a 14:00 h. El acto inaugural ser\u00e1 el d\u00eda 7 de abril a las 20:00 h. 24 socios de \u00abHuelva y sus Fot\u00f3grafos\u00bb son los que nos presentan sus trabajos en esta ocasi\u00f3n: Pedro J. Ruiz-Constantino P\u00e9rez, Carmen Torres Chaguaceda, Pilar Rodr\u00edguez Barranco, Carmelo Sim\u00f3n Noriega, Roc\u00edo Escudero Alfonso, Mar\u00eda Jos\u00e9 Cabello D\u00edaz, Elena S\u00e1nchez Balonga, Mari Carmen Mac\u00edas, Carmelo V\u00e1zquez, Carolina Luengo, Alejandro Pic\u00f3n, Alicia Clerencia, Cecilia Gilabert, Aurora Mart\u00edn, Joaqu\u00edn P\u00e9rez, Caye Santana, Juana Mart\u00edn, Manolo Silva, Fran Borges, Mat\u00edas Brea, Flor N\u00fa\u00f1ez, Juan Lobo, Amaya S. y Paco Gil<\/p>\n<p style=\"text-align: justify;\">Huelva y sus Fot\u00f3grafos, est\u00e1 conformada hoy en d\u00eda por 100 socios\/as, tanto de Huelva capital como de la provincia. Se constituye legalmente en mayo de 2012, aunque el grupo funciona desde 2008 a trav\u00e9s de la red social Flickr. Desde sus inicios hasta hoy se ha convertido en una entidad onubense que fomenta la afici\u00f3n por la fotograf\u00eda y organiza multitud de actividades destinadas al conocimiento y difusi\u00f3n de la fotograf\u00eda (talleres, tertulias, quedadas, exposiciones, concursos, colaboraciones con otras entidades\u2026).<\/p>\n<p style=\"text-align: justify;\">Os esperamos\u00bb\u00bb<\/p>\n","protected":false},"excerpt":{"rendered":"<p>EXPOSICI\u00d3N FOTOGR\u00c1FICA \u201c7 PECADOS CAPITALES\u201d Colectiva de la \u201cAsociaci\u00f3n Huelva y sus Fot\u00f3grafos\u201d CASA GRANDE, Sala de las Tinajas (Ayamonte) Del 7 a 21 de abril de 2017 Pues para qu\u00e9 vamos a parar!!. Ahora nos trasladamos a Ayamonte. \u201c7 PECADOS CAPITALES\u201d es el t\u00edtulo del proyecto expositivo realizado por la Asociaci\u00f3n \u201cHuelva y sus fot\u00f3grafos\u201d. El proyecto surgi\u00f3 de las inquietudes de nuestros socios y socias, constituyendo un aut\u00e9ntico<\/p>\n<div class=\"belowpost\"><a class=\"btnmore\" href=\"https:\/\/www.huelvaysusfotografos.com\/?p=5184\">Seguir leyendo<\/a><\/div>\n","protected":false},"author":41,"featured_media":5186,"comment_status":"open","ping_status":"open","sticky":false,"template":"","format":"standard","meta":{"footnotes":"","_links_to":"","_links_to_target":""},"categories":[23],"tags":[],"class_list":["post-5184","post","type-post","status-publish","format-standard","has-post-thumbnail","hentry","category-exposiciones"],"_links":{"self":[{"href":"https:\/\/www.huelvaysusfotografos.com\/index.php?rest_route=\/wp\/v2\/posts\/5184","targetHints":{"allow":["GET"]}}],"collection":[{"href":"https:\/\/www.huelvaysusfotografos.com\/index.php?rest_route=\/wp\/v2\/posts"}],"about":[{"href":"https:\/\/www.huelvaysusfotografos.com\/index.php?rest_route=\/wp\/v2\/types\/post"}],"author":[{"embeddable":true,"href":"https:\/\/www.huelvaysusfotografos.com\/index.php?rest_route=\/wp\/v2\/users\/41"}],"replies":[{"embeddable":true,"href":"https:\/\/www.huelvaysusfotografos.com\/index.php?rest_route=%2Fwp%2Fv2%2Fcomments&post=5184"}],"version-history":[{"count":3,"href":"https:\/\/www.huelvaysusfotografos.com\/index.php?rest_route=\/wp\/v2\/posts\/5184\/revisions"}],"predecessor-version":[{"id":5189,"href":"https:\/\/www.huelvaysusfotografos.com\/index.php?rest_route=\/wp\/v2\/posts\/5184\/revisions\/5189"}],"wp:featuredmedia":[{"embeddable":true,"href":"https:\/\/www.huelvaysusfotografos.com\/index.php?rest_route=\/wp\/v2\/media\/5186"}],"wp:attachment":[{"href":"https:\/\/www.huelvaysusfotografos.com\/index.php?rest_route=%2Fwp%2Fv2%2Fmedia&parent=5184"}],"wp:term":[{"taxonomy":"category","embeddable":true,"href":"https:\/\/www.huelvaysusfotografos.com\/index.php?rest_route=%2Fwp%2Fv2%2Fcategories&post=5184"},{"taxonomy":"post_tag","embeddable":true,"href":"https:\/\/www.huelvaysusfotografos.com\/index.php?rest_route=%2Fwp%2Fv2%2Ftags&post=5184"}],"curies":[{"name":"wp","href":"https:\/\/api.w.org\/{rel}","templated":true}]}}