{"id":5164,"date":"2017-04-02T22:27:07","date_gmt":"2017-04-02T21:27:07","guid":{"rendered":"http:\/\/www.huelvaysusfotografos.com\/?p=5164"},"modified":"2017-04-02T22:30:15","modified_gmt":"2017-04-02T21:30:15","slug":"abril-huelva-y-actividades-fotograficas","status":"publish","type":"post","link":"https:\/\/www.huelvaysusfotografos.com\/?p=5164","title":{"rendered":"Abril&#8230; Huelva&#8230; y actividades fotogr\u00e1ficas"},"content":{"rendered":"<p>Para los aficionados a la fotograf\u00eda abril es una oportunidad de disfrutar de im\u00e1genes muy variadas:<\/p>\n<p>&nbsp;<\/p>\n<p>Hasta el 5 (se recorta d\u00edas) tendremos en la Casa de la Juventud La Ruta (C\/Salamanca s\/n) la exposici\u00f3n \u00abEL VERBO CONVERTIDO EN IM\u00c1GEN\u00bb, es un proyecto de nuestra Asociaci\u00f3n \u00abHuelva y sus Fot\u00f3grafos\u00bb.<\/p>\n<p><a href=\"https:\/\/www.huelvaysusfotografos.com\/wp-content\/uploads\/2017\/02\/Cartel-DEFINITIVO-Expo-El-Verbo-LA-RUTA.jpg\" rel=\"attachment wp-att-5085\"><img loading=\"lazy\" decoding=\"async\" width=\"207\" height=\"300\" class=\"aligncenter size-medium wp-image-5085\" src=\"https:\/\/www.huelvaysusfotografos.com\/wp-content\/uploads\/2017\/02\/Cartel-DEFINITIVO-Expo-El-Verbo-LA-RUTA-207x300.jpg\" alt=\"Cartel DEFINITIVO Expo El Verbo LA RUTA\" srcset=\"https:\/\/www.huelvaysusfotografos.com\/wp-content\/uploads\/2017\/02\/Cartel-DEFINITIVO-Expo-El-Verbo-LA-RUTA-207x300.jpg 207w, https:\/\/www.huelvaysusfotografos.com\/wp-content\/uploads\/2017\/02\/Cartel-DEFINITIVO-Expo-El-Verbo-LA-RUTA-707x1024.jpg 707w, https:\/\/www.huelvaysusfotografos.com\/wp-content\/uploads\/2017\/02\/Cartel-DEFINITIVO-Expo-El-Verbo-LA-RUTA-768x1112.jpg 768w, https:\/\/www.huelvaysusfotografos.com\/wp-content\/uploads\/2017\/02\/Cartel-DEFINITIVO-Expo-El-Verbo-LA-RUTA-1061x1536.jpg 1061w, https:\/\/www.huelvaysusfotografos.com\/wp-content\/uploads\/2017\/02\/Cartel-DEFINITIVO-Expo-El-Verbo-LA-RUTA-1414x2048.jpg 1414w, https:\/\/www.huelvaysusfotografos.com\/wp-content\/uploads\/2017\/02\/Cartel-DEFINITIVO-Expo-El-Verbo-LA-RUTA-scaled.jpg 1768w\" sizes=\"auto, (max-width: 207px) 100vw, 207px\" \/><\/a><\/p>\n<p>Del 3 al 16 en el Hotel NH Luz Huelva, nuestra Asociaci\u00f3n Huelva y sus Fot\u00f3grafos expone \u00abSemana Santa\u00bb<\/p>\n<p><a href=\"https:\/\/www.huelvaysusfotografos.com\/wp-content\/uploads\/2017\/04\/Expo-Huelva.jpg\" rel=\"attachment wp-att-5166\"><img loading=\"lazy\" decoding=\"async\" width=\"200\" height=\"300\" class=\"aligncenter size-medium wp-image-5166\" src=\"https:\/\/www.huelvaysusfotografos.com\/wp-content\/uploads\/2017\/04\/Expo-Huelva-200x300.jpg\" alt=\"Expo Huelva\" srcset=\"https:\/\/www.huelvaysusfotografos.com\/wp-content\/uploads\/2017\/04\/Expo-Huelva-200x300.jpg 200w, https:\/\/www.huelvaysusfotografos.com\/wp-content\/uploads\/2017\/04\/Expo-Huelva.jpg 480w\" sizes=\"auto, (max-width: 200px) 100vw, 200px\" \/><\/a><\/p>\n<p>Tambi\u00e9n el 6, a las 19.30 h. Huelva y sus Fot\u00f3grafos, trae a la Casa de la Juventud \u00abLa Ruta\u00bb al fot\u00f3grafo To\u00f1o M\u00e9ndez en su habitual Tertulia Fotogr\u00e1fica del primer jueves del mes, es una actividad de entrada libre y gratuita.<\/p>\n<p><a href=\"https:\/\/www.huelvaysusfotografos.com\/wp-content\/uploads\/2017\/03\/Cartel-Tertulia-To\u00f1o-M\u00e9ndez.jpg\" rel=\"attachment wp-att-5153\"><img loading=\"lazy\" decoding=\"async\" width=\"212\" height=\"300\" class=\"aligncenter size-medium wp-image-5153\" src=\"https:\/\/www.huelvaysusfotografos.com\/wp-content\/uploads\/2017\/03\/Cartel-Tertulia-To\u00f1o-M\u00e9ndez-212x300.jpg\" alt=\"Cartel Tertulia To\u00f1o M\u00e9ndez\" srcset=\"https:\/\/www.huelvaysusfotografos.com\/wp-content\/uploads\/2017\/03\/Cartel-Tertulia-To\u00f1o-M\u00e9ndez-212x300.jpg 212w, https:\/\/www.huelvaysusfotografos.com\/wp-content\/uploads\/2017\/03\/Cartel-Tertulia-To\u00f1o-M\u00e9ndez-724x1024.jpg 724w, https:\/\/www.huelvaysusfotografos.com\/wp-content\/uploads\/2017\/03\/Cartel-Tertulia-To\u00f1o-M\u00e9ndez-768x1086.jpg 768w, https:\/\/www.huelvaysusfotografos.com\/wp-content\/uploads\/2017\/03\/Cartel-Tertulia-To\u00f1o-M\u00e9ndez-1086x1536.jpg 1086w, https:\/\/www.huelvaysusfotografos.com\/wp-content\/uploads\/2017\/03\/Cartel-Tertulia-To\u00f1o-M\u00e9ndez.jpg 1448w\" sizes=\"auto, (max-width: 212px) 100vw, 212px\" \/><\/a><\/p>\n<p>Del 6 al 12 estar\u00e1 expuesta la Exposici\u00f3n GITANAS TRABAJADORAS, de Juana Mart\u00edn, en el Centro Social El Torrej\u00f3n (Avda. de las Flores s\/n) , y dentro de los actos del D\u00eda Internacional del Pueblo Gitano.<a href=\"https:\/\/www.huelvaysusfotografos.com\/wp-content\/uploads\/2017\/04\/EXPO-TORREJ\u00d3N.jpg\" rel=\"attachment wp-att-5168\"><img loading=\"lazy\" decoding=\"async\" width=\"212\" height=\"300\" class=\"aligncenter size-medium wp-image-5168\" src=\"https:\/\/www.huelvaysusfotografos.com\/wp-content\/uploads\/2017\/04\/EXPO-TORREJ\u00d3N-212x300.jpg\" alt=\"EXPO TORREJ\u00d3N\" srcset=\"https:\/\/www.huelvaysusfotografos.com\/wp-content\/uploads\/2017\/04\/EXPO-TORREJ\u00d3N-212x300.jpg 212w, https:\/\/www.huelvaysusfotografos.com\/wp-content\/uploads\/2017\/04\/EXPO-TORREJ\u00d3N.jpg 480w\" sizes=\"auto, (max-width: 212px) 100vw, 212px\" \/><\/a><\/p>\n<p>Los amigo de Zalamea tambi\u00e9n se lanzan con una exposici\u00f3n cofrade bajo el t\u00edtulo \u00abNuestra actual Semana Santa\u00bb , del 2 al 8 de abril, en la Sala de Exposiciones de la Casa Cilla en Zalamea.<\/p>\n<p><a href=\"https:\/\/www.huelvaysusfotografos.com\/wp-content\/uploads\/2017\/04\/expo-zalamea.jpg\" rel=\"attachment wp-att-5169\"><img loading=\"lazy\" decoding=\"async\" width=\"212\" height=\"300\" class=\"aligncenter size-medium wp-image-5169\" src=\"https:\/\/www.huelvaysusfotografos.com\/wp-content\/uploads\/2017\/04\/expo-zalamea-212x300.jpg\" alt=\"expo zalamea\" srcset=\"https:\/\/www.huelvaysusfotografos.com\/wp-content\/uploads\/2017\/04\/expo-zalamea-212x300.jpg 212w, https:\/\/www.huelvaysusfotografos.com\/wp-content\/uploads\/2017\/04\/expo-zalamea.jpg 600w\" sizes=\"auto, (max-width: 212px) 100vw, 212px\" \/><\/a><\/p>\n<p>Nuestros compa\u00f1eros de Ayamonte, exponen en el Patio del Ayuntamiento, durante la Semana Santa, una muestra cofrade.<\/p>\n<p><a href=\"https:\/\/www.huelvaysusfotografos.com\/wp-content\/uploads\/2017\/04\/expo-ayamonte.jpg\" rel=\"attachment wp-att-5165\"><img loading=\"lazy\" decoding=\"async\" width=\"214\" height=\"300\" class=\"aligncenter size-medium wp-image-5165\" src=\"https:\/\/www.huelvaysusfotografos.com\/wp-content\/uploads\/2017\/04\/expo-ayamonte-214x300.jpg\" alt=\"expo ayamonte\" srcset=\"https:\/\/www.huelvaysusfotografos.com\/wp-content\/uploads\/2017\/04\/expo-ayamonte-214x300.jpg 214w, https:\/\/www.huelvaysusfotografos.com\/wp-content\/uploads\/2017\/04\/expo-ayamonte-732x1024.jpg 732w, https:\/\/www.huelvaysusfotografos.com\/wp-content\/uploads\/2017\/04\/expo-ayamonte-768x1075.jpg 768w, https:\/\/www.huelvaysusfotografos.com\/wp-content\/uploads\/2017\/04\/expo-ayamonte.jpg 1029w\" sizes=\"auto, (max-width: 214px) 100vw, 214px\" \/><\/a><\/p>\n<p>&nbsp;<\/p>\n<p>Del 1 de abril al 1 de mayo, Juan Sande expone INCIDENCIAS en el Centro de Arte \u00abHarina de otro costal\u00bb en Trigueros (C\/Bojeo 90).<\/p>\n<p><img loading=\"lazy\" decoding=\"async\" width=\"136\" height=\"300\" class=\"aligncenter size-medium wp-image-5167\" src=\"https:\/\/www.huelvaysusfotografos.com\/wp-content\/uploads\/2017\/04\/Expo-Sande-136x300.jpg\" alt=\"Expo Sande\" srcset=\"https:\/\/www.huelvaysusfotografos.com\/wp-content\/uploads\/2017\/04\/Expo-Sande-136x300.jpg 136w, https:\/\/www.huelvaysusfotografos.com\/wp-content\/uploads\/2017\/04\/Expo-Sande-466x1024.jpg 466w, https:\/\/www.huelvaysusfotografos.com\/wp-content\/uploads\/2017\/04\/Expo-Sande.jpg 526w\" sizes=\"auto, (max-width: 136px) 100vw, 136px\" \/><\/p>\n<p>&nbsp;<\/p>\n<p>Te dejamos estas propuestas para que disfrutes en tu tiempo libre y de ocio!!<\/p>\n","protected":false},"excerpt":{"rendered":"<p>Para los aficionados a la fotograf\u00eda abril es una oportunidad de disfrutar de im\u00e1genes muy variadas: &nbsp; Hasta el 5 (se recorta d\u00edas) tendremos en la Casa de la Juventud La Ruta (C\/Salamanca s\/n) la exposici\u00f3n \u00abEL VERBO CONVERTIDO EN IM\u00c1GEN\u00bb, es un proyecto de nuestra Asociaci\u00f3n \u00abHuelva y sus Fot\u00f3grafos\u00bb. Del 3 al 16 en el Hotel NH Luz Huelva, nuestra Asociaci\u00f3n Huelva y sus Fot\u00f3grafos expone \u00abSemana Santa\u00bb<\/p>\n<div class=\"belowpost\"><a class=\"btnmore\" href=\"https:\/\/www.huelvaysusfotografos.com\/?p=5164\">Seguir leyendo<\/a><\/div>\n","protected":false},"author":41,"featured_media":5168,"comment_status":"open","ping_status":"open","sticky":false,"template":"","format":"standard","meta":{"footnotes":"","_links_to":"","_links_to_target":""},"categories":[3],"tags":[],"class_list":["post-5164","post","type-post","status-publish","format-standard","has-post-thumbnail","hentry","category-noticias"],"_links":{"self":[{"href":"https:\/\/www.huelvaysusfotografos.com\/index.php?rest_route=\/wp\/v2\/posts\/5164","targetHints":{"allow":["GET"]}}],"collection":[{"href":"https:\/\/www.huelvaysusfotografos.com\/index.php?rest_route=\/wp\/v2\/posts"}],"about":[{"href":"https:\/\/www.huelvaysusfotografos.com\/index.php?rest_route=\/wp\/v2\/types\/post"}],"author":[{"embeddable":true,"href":"https:\/\/www.huelvaysusfotografos.com\/index.php?rest_route=\/wp\/v2\/users\/41"}],"replies":[{"embeddable":true,"href":"https:\/\/www.huelvaysusfotografos.com\/index.php?rest_route=%2Fwp%2Fv2%2Fcomments&post=5164"}],"version-history":[{"count":3,"href":"https:\/\/www.huelvaysusfotografos.com\/index.php?rest_route=\/wp\/v2\/posts\/5164\/revisions"}],"predecessor-version":[{"id":5172,"href":"https:\/\/www.huelvaysusfotografos.com\/index.php?rest_route=\/wp\/v2\/posts\/5164\/revisions\/5172"}],"wp:featuredmedia":[{"embeddable":true,"href":"https:\/\/www.huelvaysusfotografos.com\/index.php?rest_route=\/wp\/v2\/media\/5168"}],"wp:attachment":[{"href":"https:\/\/www.huelvaysusfotografos.com\/index.php?rest_route=%2Fwp%2Fv2%2Fmedia&parent=5164"}],"wp:term":[{"taxonomy":"category","embeddable":true,"href":"https:\/\/www.huelvaysusfotografos.com\/index.php?rest_route=%2Fwp%2Fv2%2Fcategories&post=5164"},{"taxonomy":"post_tag","embeddable":true,"href":"https:\/\/www.huelvaysusfotografos.com\/index.php?rest_route=%2Fwp%2Fv2%2Ftags&post=5164"}],"curies":[{"name":"wp","href":"https:\/\/api.w.org\/{rel}","templated":true}]}}