{"id":5152,"date":"2017-04-04T20:35:47","date_gmt":"2017-04-04T19:35:47","guid":{"rendered":"http:\/\/www.huelvaysusfotografos.com\/?p=5152"},"modified":"2017-04-04T20:35:47","modified_gmt":"2017-04-04T19:35:47","slug":"tono-mendez-en-nuestra-tertulia-del-6-de-abril","status":"publish","type":"post","link":"https:\/\/www.huelvaysusfotografos.com\/?p=5152","title":{"rendered":"To\u00f1o M\u00e9ndez en nuestra tertulia del 6 de abril"},"content":{"rendered":"<p>Como viene siendo habitual, el pr\u00f3ximo jueves 6 de abril os esperamos a las 19.00 h. en la Casa de la Juventud \u00abLa Ruta\u00bb para disfrutar de la nueva tertulia, un espacio abierto al p\u00fablico interesado en la fotograf\u00eda en general.<\/p>\n<p>Nuestro pr\u00f3ximo tertuliano es un fot\u00f3grafo que crea un mundo diferente\u00a0a lo habitualmente visto desde la fotograf\u00eda m\u00e1s \u00abtradicional\u00bb. Sus creaciones sorprenden tanto por el punto de vista de la toma, como por la propia toma.<\/p>\n<p><a href=\"https:\/\/www.huelvaysusfotografos.com\/wp-content\/uploads\/2017\/03\/Cartel-Tertulia-To\u00f1o-M\u00e9ndez.jpg\" rel=\"attachment wp-att-5153\"><img loading=\"lazy\" decoding=\"async\" width=\"212\" height=\"300\" class=\"aligncenter size-medium wp-image-5153\" src=\"https:\/\/www.huelvaysusfotografos.com\/wp-content\/uploads\/2017\/03\/Cartel-Tertulia-To\u00f1o-M\u00e9ndez-212x300.jpg\" alt=\"Cartel Tertulia To\u00f1o M\u00e9ndez\" srcset=\"https:\/\/www.huelvaysusfotografos.com\/wp-content\/uploads\/2017\/03\/Cartel-Tertulia-To\u00f1o-M\u00e9ndez-212x300.jpg 212w, https:\/\/www.huelvaysusfotografos.com\/wp-content\/uploads\/2017\/03\/Cartel-Tertulia-To\u00f1o-M\u00e9ndez-724x1024.jpg 724w, https:\/\/www.huelvaysusfotografos.com\/wp-content\/uploads\/2017\/03\/Cartel-Tertulia-To\u00f1o-M\u00e9ndez-768x1086.jpg 768w, https:\/\/www.huelvaysusfotografos.com\/wp-content\/uploads\/2017\/03\/Cartel-Tertulia-To\u00f1o-M\u00e9ndez-1086x1536.jpg 1086w, https:\/\/www.huelvaysusfotografos.com\/wp-content\/uploads\/2017\/03\/Cartel-Tertulia-To\u00f1o-M\u00e9ndez.jpg 1448w\" sizes=\"auto, (max-width: 212px) 100vw, 212px\" \/><\/a><\/p>\n<p>Su nombre es Antonio M\u00e9ndez Carro, aunque se le conoce en el mundo de la imagen como To\u00f1o M\u00e8ndez. Es fot\u00f3grafo de profesi\u00f3n (aunque no quiera) y abarca las tem\u00e1ticas de Naturaleza, Urbano y A\u00e9rea. Su formaci\u00f3n es autodidacta y se introduce en el mundo de la fotograf\u00eda por propia, por demanda de su aut\u00e9ntica profesi\u00f3n que es el cine y el video. Los autores que le inspiran son Robert Capa, Miguel Morenatti o Edu Pereiro.<\/p>\n<p>En cuanto a trayectoria fotogr\u00e1fica, sobre todo en el mundo de las exposiciones, destaca:<\/p>\n<p>&#8211; Expo Galer\u00eda Passage Colectiva Asociaci\u00f3n Periferias<\/p>\n<p>&#8211; #Guadianalavidadeunrio.\u00a0Miradas Imposibles (no participa en concursos)<\/p>\n<p>&#8211; Y tiene como proyecto futuro #Cenitales<\/p>\n<p><em>\u00a0<\/em><em><a href=\"https:\/\/www.huelvaysusfotografos.com\/wp-content\/uploads\/2017\/04\/tm-3.jpg\" rel=\"attachment wp-att-5159\"><img loading=\"lazy\" decoding=\"async\" width=\"300\" height=\"180\" class=\"aligncenter size-medium wp-image-5159\" src=\"https:\/\/www.huelvaysusfotografos.com\/wp-content\/uploads\/2017\/04\/tm-3-300x180.jpg\" alt=\"tm 3\" srcset=\"https:\/\/www.huelvaysusfotografos.com\/wp-content\/uploads\/2017\/04\/tm-3-300x180.jpg 300w, https:\/\/www.huelvaysusfotografos.com\/wp-content\/uploads\/2017\/04\/tm-3-1024x616.jpg 1024w, https:\/\/www.huelvaysusfotografos.com\/wp-content\/uploads\/2017\/04\/tm-3-768x462.jpg 768w, https:\/\/www.huelvaysusfotografos.com\/wp-content\/uploads\/2017\/04\/tm-3-1536x924.jpg 1536w, https:\/\/www.huelvaysusfotografos.com\/wp-content\/uploads\/2017\/04\/tm-3.jpg 1772w\" sizes=\"auto, (max-width: 300px) 100vw, 300px\" \/><\/a><\/em><\/p>\n<p><em> <a href=\"https:\/\/www.huelvaysusfotografos.com\/wp-content\/uploads\/2017\/04\/tm-7.jpg\" rel=\"attachment wp-att-5160\"><img loading=\"lazy\" decoding=\"async\" width=\"300\" height=\"164\" class=\"aligncenter size-medium wp-image-5160\" src=\"https:\/\/www.huelvaysusfotografos.com\/wp-content\/uploads\/2017\/04\/tm-7-300x164.jpg\" alt=\"tm 7\" srcset=\"https:\/\/www.huelvaysusfotografos.com\/wp-content\/uploads\/2017\/04\/tm-7-300x164.jpg 300w, https:\/\/www.huelvaysusfotografos.com\/wp-content\/uploads\/2017\/04\/tm-7-1024x560.jpg 1024w, https:\/\/www.huelvaysusfotografos.com\/wp-content\/uploads\/2017\/04\/tm-7-768x420.jpg 768w, https:\/\/www.huelvaysusfotografos.com\/wp-content\/uploads\/2017\/04\/tm-7-1536x840.jpg 1536w, https:\/\/www.huelvaysusfotografos.com\/wp-content\/uploads\/2017\/04\/tm-7.jpg 1889w\" sizes=\"auto, (max-width: 300px) 100vw, 300px\" \/><\/a><\/em><\/p>\n<p><em> <a href=\"https:\/\/www.huelvaysusfotografos.com\/wp-content\/uploads\/2017\/04\/tm-9.jpg\" rel=\"attachment wp-att-5161\"><img loading=\"lazy\" decoding=\"async\" width=\"300\" height=\"150\" class=\"aligncenter size-medium wp-image-5161\" src=\"https:\/\/www.huelvaysusfotografos.com\/wp-content\/uploads\/2017\/04\/tm-9-300x150.jpg\" alt=\"tm 9\" srcset=\"https:\/\/www.huelvaysusfotografos.com\/wp-content\/uploads\/2017\/04\/tm-9-300x150.jpg 300w, https:\/\/www.huelvaysusfotografos.com\/wp-content\/uploads\/2017\/04\/tm-9-1024x512.jpg 1024w, https:\/\/www.huelvaysusfotografos.com\/wp-content\/uploads\/2017\/04\/tm-9-768x384.jpg 768w, https:\/\/www.huelvaysusfotografos.com\/wp-content\/uploads\/2017\/04\/tm-9-1536x768.jpg 1536w, https:\/\/www.huelvaysusfotografos.com\/wp-content\/uploads\/2017\/04\/tm-9-2048x1024.jpg 2048w\" sizes=\"auto, (max-width: 300px) 100vw, 300px\" \/><\/a><\/em><\/p>\n<p><em> <a href=\"https:\/\/www.huelvaysusfotografos.com\/wp-content\/uploads\/2017\/04\/tm-12.jpg\" rel=\"attachment wp-att-5162\"><img loading=\"lazy\" decoding=\"async\" width=\"300\" height=\"160\" class=\"aligncenter size-medium wp-image-5162\" src=\"https:\/\/www.huelvaysusfotografos.com\/wp-content\/uploads\/2017\/04\/tm-12-300x160.jpg\" alt=\"tm 12\" srcset=\"https:\/\/www.huelvaysusfotografos.com\/wp-content\/uploads\/2017\/04\/tm-12-300x160.jpg 300w, https:\/\/www.huelvaysusfotografos.com\/wp-content\/uploads\/2017\/04\/tm-12-1024x547.jpg 1024w, https:\/\/www.huelvaysusfotografos.com\/wp-content\/uploads\/2017\/04\/tm-12-768x410.jpg 768w, https:\/\/www.huelvaysusfotografos.com\/wp-content\/uploads\/2017\/04\/tm-12-1536x820.jpg 1536w, https:\/\/www.huelvaysusfotografos.com\/wp-content\/uploads\/2017\/04\/tm-12-2048x1094.jpg 2048w\" sizes=\"auto, (max-width: 300px) 100vw, 300px\" \/><\/a><\/em><\/p>\n<p>Piensa, que el tipo de fotograf\u00eda que realiza puede tener salidas en Ong\u00b4s, asociaciones, particulares, etc.<\/p>\n<p>Trabaja sobre todo con Canon, Drones\u2026.<\/p>\n<p>Podemos seguir su trabajo en facebook.com\/tono.mendez.9 twitter.com\/tognomendez tognomendez.tumblr.com instagram.com\/tognomendez\/ tognomendez.tumblr.com<\/p>\n<p>&nbsp;<\/p>\n<p>Contacto:<\/p>\n<p>TO\u00d1O MENDEZ<\/p>\n<p>Dj\/Vj, Realizador, Productor, Remixer, Filmmaker&#8230; Artesano digital multidisciplinar&#8230;<\/p>\n<p>Tfno: (+34) 619 745 278<\/p>\n<p>&nbsp;<\/p>\n","protected":false},"excerpt":{"rendered":"<p>Como viene siendo habitual, el pr\u00f3ximo jueves 6 de abril os esperamos a las 19.00 h. en la Casa de la Juventud \u00abLa Ruta\u00bb para disfrutar de la nueva tertulia, un espacio abierto al p\u00fablico interesado en la fotograf\u00eda en general. Nuestro pr\u00f3ximo tertuliano es un fot\u00f3grafo que crea un mundo diferente\u00a0a lo habitualmente visto desde la fotograf\u00eda m\u00e1s \u00abtradicional\u00bb. Sus creaciones sorprenden tanto por el punto de vista de<\/p>\n<div class=\"belowpost\"><a class=\"btnmore\" href=\"https:\/\/www.huelvaysusfotografos.com\/?p=5152\">Seguir leyendo<\/a><\/div>\n","protected":false},"author":41,"featured_media":5158,"comment_status":"open","ping_status":"open","sticky":false,"template":"","format":"standard","meta":{"footnotes":"","_links_to":"","_links_to_target":""},"categories":[3],"tags":[],"class_list":["post-5152","post","type-post","status-publish","format-standard","has-post-thumbnail","hentry","category-noticias"],"_links":{"self":[{"href":"https:\/\/www.huelvaysusfotografos.com\/index.php?rest_route=\/wp\/v2\/posts\/5152","targetHints":{"allow":["GET"]}}],"collection":[{"href":"https:\/\/www.huelvaysusfotografos.com\/index.php?rest_route=\/wp\/v2\/posts"}],"about":[{"href":"https:\/\/www.huelvaysusfotografos.com\/index.php?rest_route=\/wp\/v2\/types\/post"}],"author":[{"embeddable":true,"href":"https:\/\/www.huelvaysusfotografos.com\/index.php?rest_route=\/wp\/v2\/users\/41"}],"replies":[{"embeddable":true,"href":"https:\/\/www.huelvaysusfotografos.com\/index.php?rest_route=%2Fwp%2Fv2%2Fcomments&post=5152"}],"version-history":[{"count":5,"href":"https:\/\/www.huelvaysusfotografos.com\/index.php?rest_route=\/wp\/v2\/posts\/5152\/revisions"}],"predecessor-version":[{"id":5182,"href":"https:\/\/www.huelvaysusfotografos.com\/index.php?rest_route=\/wp\/v2\/posts\/5152\/revisions\/5182"}],"wp:featuredmedia":[{"embeddable":true,"href":"https:\/\/www.huelvaysusfotografos.com\/index.php?rest_route=\/wp\/v2\/media\/5158"}],"wp:attachment":[{"href":"https:\/\/www.huelvaysusfotografos.com\/index.php?rest_route=%2Fwp%2Fv2%2Fmedia&parent=5152"}],"wp:term":[{"taxonomy":"category","embeddable":true,"href":"https:\/\/www.huelvaysusfotografos.com\/index.php?rest_route=%2Fwp%2Fv2%2Fcategories&post=5152"},{"taxonomy":"post_tag","embeddable":true,"href":"https:\/\/www.huelvaysusfotografos.com\/index.php?rest_route=%2Fwp%2Fv2%2Ftags&post=5152"}],"curies":[{"name":"wp","href":"https:\/\/api.w.org\/{rel}","templated":true}]}}