{"id":5147,"date":"2017-03-29T21:55:31","date_gmt":"2017-03-29T20:55:31","guid":{"rendered":"http:\/\/www.huelvaysusfotografos.com\/?p=5147"},"modified":"2017-04-04T20:34:21","modified_gmt":"2017-04-04T19:34:21","slug":"exponemos-en-hotel-nh-luz-huelva","status":"publish","type":"post","link":"https:\/\/www.huelvaysusfotografos.com\/?p=5147","title":{"rendered":"Exponemos en Hotel NH LUZ Huelva"},"content":{"rendered":"<p style=\"text-align: justify;\">Entre las m\u00faltiples\u00a0actividades que m\u00e1s nos gusta a los fot\u00f3grafos indudablemente es hacer fotos, aprender y compartir el trabajo realizado. En esta ocasi\u00f3n os presentamos el pr\u00f3ximo d\u00eda 3 de abril (<strong>inauguraci\u00f3n d\u00eda 3 de abril a las 19.30 h<\/strong>.)una nueva exposici\u00f3n bajo la tem\u00e1tica Semana Santa en Huelva. La direcci\u00f3n del <strong>Hotel NH Luz Huelva,<\/strong> ha tenido a bien contar con nuestra colaboraci\u00f3n para hacer posible esta propuesta cofrade que estar\u00e1 visitable en el propio hotel hasta el 16 de abril.<\/p>\n<p style=\"text-align: justify;\">La muestra est\u00e1 compuesta por 45 fotograf\u00edas que han aportado 12 socios\/as de \u00abHuelva y sus Fot\u00f3grafos\u00bb y a la que se suma el fot\u00f3grafo Javier Mesa. Est\u00e1n representadas todas las hermandades que sacan sus pasos en procesi\u00f3n por la ciudad en Semana Santa, desde la \u00f3ptica particular de cada autor.<\/p>\n<p><a href=\"https:\/\/www.huelvaysusfotografos.com\/wp-content\/uploads\/2017\/03\/1Cartel-Exposici\u00f3n-Hotel-NH-Luz-Huelva.jpg\" rel=\"attachment wp-att-5148\"><img loading=\"lazy\" decoding=\"async\" width=\"200\" height=\"300\" class=\"aligncenter size-medium wp-image-5148\" src=\"https:\/\/www.huelvaysusfotografos.com\/wp-content\/uploads\/2017\/03\/1Cartel-Exposici\u00f3n-Hotel-NH-Luz-Huelva-200x300.jpg\" alt=\"1Cartel Exposici\u00f3n Hotel NH Luz Huelva\" srcset=\"https:\/\/www.huelvaysusfotografos.com\/wp-content\/uploads\/2017\/03\/1Cartel-Exposici\u00f3n-Hotel-NH-Luz-Huelva-200x300.jpg 200w, https:\/\/www.huelvaysusfotografos.com\/wp-content\/uploads\/2017\/03\/1Cartel-Exposici\u00f3n-Hotel-NH-Luz-Huelva-683x1024.jpg 683w, https:\/\/www.huelvaysusfotografos.com\/wp-content\/uploads\/2017\/03\/1Cartel-Exposici\u00f3n-Hotel-NH-Luz-Huelva-768x1152.jpg 768w, https:\/\/www.huelvaysusfotografos.com\/wp-content\/uploads\/2017\/03\/1Cartel-Exposici\u00f3n-Hotel-NH-Luz-Huelva-1024x1536.jpg 1024w, https:\/\/www.huelvaysusfotografos.com\/wp-content\/uploads\/2017\/03\/1Cartel-Exposici\u00f3n-Hotel-NH-Luz-Huelva-1365x2048.jpg 1365w, https:\/\/www.huelvaysusfotografos.com\/wp-content\/uploads\/2017\/03\/1Cartel-Exposici\u00f3n-Hotel-NH-Luz-Huelva-scaled.jpg 1707w\" sizes=\"auto, (max-width: 200px) 100vw, 200px\" \/><\/a><\/p>\n<h6 style=\"text-align: center;\">Cartel imagen de Roc\u00edo Escudero<\/h6>\n<p>Desde la Directiva de Huelva y sus Fot\u00f3grafos, queremos dar las gracias tanto al Hotel, y en particular a Eli, por confiar en nosotros y hacer posible esta iniciativa, y a los socios\/as que han aportado sus im\u00e1genes de manera desinteresada para hacer posible la idea:<\/p>\n<p>Carmelo Garc\u00eda<br \/>\nCaye Santana<br \/>\nJer\u00f3nimo Ca<span class=\"text_exposed_show\">rrasco Brejano<br \/>\nJuana Mar\u00eda Mart\u00edn Infantes<br \/>\nManolo Silva<br \/>\nJose Luis Arizmendi Llanes<br \/>\nPedro J. Ruiz-Constantino P\u00e9rez<br \/>\nPilar Rodr\u00edguez Barranco<br \/>\nRoc\u00edo Escudero Alfonso<br \/>\nAurora Martin Mar\u00edn<br \/>\nFlor N\u00fa\u00f1ez Nieto<br \/>\nDavid Guerra<\/span><\/p>\n<p>Os dejamos algunas fotograf\u00edas de la inauguraci\u00f3n<\/p>\n<p><a href=\"https:\/\/www.huelvaysusfotografos.com\/wp-content\/uploads\/2017\/03\/De-Luis-Fernandez-Expo-hn-luz-huelva-3.jpg\" rel=\"attachment wp-att-5173\"><img loading=\"lazy\" decoding=\"async\" width=\"300\" height=\"169\" class=\"aligncenter size-medium wp-image-5173\" src=\"https:\/\/www.huelvaysusfotografos.com\/wp-content\/uploads\/2017\/03\/De-Luis-Fernandez-Expo-hn-luz-huelva-3-300x169.jpg\" alt=\"De Luis Fernandez Expo hn luz huelva 3\" srcset=\"https:\/\/www.huelvaysusfotografos.com\/wp-content\/uploads\/2017\/03\/De-Luis-Fernandez-Expo-hn-luz-huelva-3-300x169.jpg 300w, https:\/\/www.huelvaysusfotografos.com\/wp-content\/uploads\/2017\/03\/De-Luis-Fernandez-Expo-hn-luz-huelva-3-768x432.jpg 768w, https:\/\/www.huelvaysusfotografos.com\/wp-content\/uploads\/2017\/03\/De-Luis-Fernandez-Expo-hn-luz-huelva-3-620x350.jpg 620w, https:\/\/www.huelvaysusfotografos.com\/wp-content\/uploads\/2017\/03\/De-Luis-Fernandez-Expo-hn-luz-huelva-3.jpg 960w\" sizes=\"auto, (max-width: 300px) 100vw, 300px\" \/><\/a><\/p>\n<p style=\"text-align: center;\">Foto: Jos\u00e9 Luis Arizmendi<a href=\"https:\/\/www.huelvaysusfotografos.com\/wp-content\/uploads\/2017\/03\/De-Luis-Fern\u00e1ndez-Inauguraci\u00f3n-expo-NH-LUZ-HUELVA.jpg\" rel=\"attachment wp-att-5174\"><img loading=\"lazy\" decoding=\"async\" width=\"300\" height=\"169\" class=\"aligncenter size-medium wp-image-5174\" src=\"https:\/\/www.huelvaysusfotografos.com\/wp-content\/uploads\/2017\/03\/De-Luis-Fern\u00e1ndez-Inauguraci\u00f3n-expo-NH-LUZ-HUELVA-300x169.jpg\" alt=\"De Luis Fern\u00e1ndez Inauguraci\u00f3n expo NH LUZ HUELVA\" srcset=\"https:\/\/www.huelvaysusfotografos.com\/wp-content\/uploads\/2017\/03\/De-Luis-Fern\u00e1ndez-Inauguraci\u00f3n-expo-NH-LUZ-HUELVA-300x169.jpg 300w, https:\/\/www.huelvaysusfotografos.com\/wp-content\/uploads\/2017\/03\/De-Luis-Fern\u00e1ndez-Inauguraci\u00f3n-expo-NH-LUZ-HUELVA-768x432.jpg 768w, https:\/\/www.huelvaysusfotografos.com\/wp-content\/uploads\/2017\/03\/De-Luis-Fern\u00e1ndez-Inauguraci\u00f3n-expo-NH-LUZ-HUELVA-620x350.jpg 620w, https:\/\/www.huelvaysusfotografos.com\/wp-content\/uploads\/2017\/03\/De-Luis-Fern\u00e1ndez-Inauguraci\u00f3n-expo-NH-LUZ-HUELVA.jpg 960w\" sizes=\"auto, (max-width: 300px) 100vw, 300px\" \/><\/a><\/p>\n<p style=\"text-align: center;\">Foto: Jos\u00e9 Luis Arizmendi <a href=\"https:\/\/www.huelvaysusfotografos.com\/wp-content\/uploads\/2017\/03\/De-Luis-Fern\u00e1ndez-NH-LUZ-HUELVA-2.jpg\" rel=\"attachment wp-att-5175\"><img loading=\"lazy\" decoding=\"async\" width=\"300\" height=\"169\" class=\"aligncenter size-medium wp-image-5175\" src=\"https:\/\/www.huelvaysusfotografos.com\/wp-content\/uploads\/2017\/03\/De-Luis-Fern\u00e1ndez-NH-LUZ-HUELVA-2-300x169.jpg\" alt=\"De Luis Fern\u00e1ndez NH LUZ HUELVA 2\" srcset=\"https:\/\/www.huelvaysusfotografos.com\/wp-content\/uploads\/2017\/03\/De-Luis-Fern\u00e1ndez-NH-LUZ-HUELVA-2-300x169.jpg 300w, https:\/\/www.huelvaysusfotografos.com\/wp-content\/uploads\/2017\/03\/De-Luis-Fern\u00e1ndez-NH-LUZ-HUELVA-2-768x432.jpg 768w, https:\/\/www.huelvaysusfotografos.com\/wp-content\/uploads\/2017\/03\/De-Luis-Fern\u00e1ndez-NH-LUZ-HUELVA-2-620x350.jpg 620w, https:\/\/www.huelvaysusfotografos.com\/wp-content\/uploads\/2017\/03\/De-Luis-Fern\u00e1ndez-NH-LUZ-HUELVA-2.jpg 960w\" sizes=\"auto, (max-width: 300px) 100vw, 300px\" \/><\/a><\/p>\n<p style=\"text-align: center;\">Foto: Jos\u00e9 Luis Arizmendi<\/p>\n<p style=\"text-align: center;\"><a href=\"https:\/\/www.huelvaysusfotografos.com\/wp-content\/uploads\/2017\/03\/De-Caye.jpg\" rel=\"attachment wp-att-5177\"><img loading=\"lazy\" decoding=\"async\" width=\"300\" height=\"249\" class=\"aligncenter size-medium wp-image-5177\" src=\"https:\/\/www.huelvaysusfotografos.com\/wp-content\/uploads\/2017\/03\/De-Caye-300x249.jpg\" alt=\"De Caye\" srcset=\"https:\/\/www.huelvaysusfotografos.com\/wp-content\/uploads\/2017\/03\/De-Caye-300x249.jpg 300w, https:\/\/www.huelvaysusfotografos.com\/wp-content\/uploads\/2017\/03\/De-Caye-1024x850.jpg 1024w, https:\/\/www.huelvaysusfotografos.com\/wp-content\/uploads\/2017\/03\/De-Caye-768x637.jpg 768w, https:\/\/www.huelvaysusfotografos.com\/wp-content\/uploads\/2017\/03\/De-Caye-1536x1274.jpg 1536w, https:\/\/www.huelvaysusfotografos.com\/wp-content\/uploads\/2017\/03\/De-Caye.jpg 2048w\" sizes=\"auto, (max-width: 300px) 100vw, 300px\" \/><\/a><\/p>\n<p style=\"text-align: center;\">Foto: Caye Santana<br \/>\n<a href=\"https:\/\/www.huelvaysusfotografos.com\/wp-content\/uploads\/2017\/03\/De-caye-2.jpg\" rel=\"attachment wp-att-5178\"><img loading=\"lazy\" decoding=\"async\" width=\"225\" height=\"300\" class=\"aligncenter size-medium wp-image-5178\" src=\"https:\/\/www.huelvaysusfotografos.com\/wp-content\/uploads\/2017\/03\/De-caye-2-225x300.jpg\" alt=\"De caye 2\" srcset=\"https:\/\/www.huelvaysusfotografos.com\/wp-content\/uploads\/2017\/03\/De-caye-2-225x300.jpg 225w, https:\/\/www.huelvaysusfotografos.com\/wp-content\/uploads\/2017\/03\/De-caye-2-768x1024.jpg 768w, https:\/\/www.huelvaysusfotografos.com\/wp-content\/uploads\/2017\/03\/De-caye-2-1152x1536.jpg 1152w, https:\/\/www.huelvaysusfotografos.com\/wp-content\/uploads\/2017\/03\/De-caye-2.jpg 1536w\" sizes=\"auto, (max-width: 225px) 100vw, 225px\" \/><\/a><\/p>\n<p style=\"text-align: center;\">Foto: Caye Santata<br \/>\n<a href=\"https:\/\/www.huelvaysusfotografos.com\/wp-content\/uploads\/2017\/03\/De-Caye-3.jpg\" rel=\"attachment wp-att-5179\"><img loading=\"lazy\" decoding=\"async\" width=\"225\" height=\"300\" class=\"aligncenter size-medium wp-image-5179\" src=\"https:\/\/www.huelvaysusfotografos.com\/wp-content\/uploads\/2017\/03\/De-Caye-3-225x300.jpg\" alt=\"De Caye 3\" srcset=\"https:\/\/www.huelvaysusfotografos.com\/wp-content\/uploads\/2017\/03\/De-Caye-3-225x300.jpg 225w, https:\/\/www.huelvaysusfotografos.com\/wp-content\/uploads\/2017\/03\/De-Caye-3-768x1024.jpg 768w, https:\/\/www.huelvaysusfotografos.com\/wp-content\/uploads\/2017\/03\/De-Caye-3-1152x1536.jpg 1152w, https:\/\/www.huelvaysusfotografos.com\/wp-content\/uploads\/2017\/03\/De-Caye-3.jpg 1536w\" sizes=\"auto, (max-width: 225px) 100vw, 225px\" \/><\/a><\/p>\n<p style=\"text-align: center;\">Foto: Caye Santana<\/p>\n<p>Os esperamos!!<\/p>\n","protected":false},"excerpt":{"rendered":"<p>Entre las m\u00faltiples\u00a0actividades que m\u00e1s nos gusta a los fot\u00f3grafos indudablemente es hacer fotos, aprender y compartir el trabajo realizado. En esta ocasi\u00f3n os presentamos el pr\u00f3ximo d\u00eda 3 de abril (inauguraci\u00f3n d\u00eda 3 de abril a las 19.30 h.)una nueva exposici\u00f3n bajo la tem\u00e1tica Semana Santa en Huelva. La direcci\u00f3n del Hotel NH Luz Huelva, ha tenido a bien contar con nuestra colaboraci\u00f3n para hacer posible esta propuesta cofrade<\/p>\n<div class=\"belowpost\"><a class=\"btnmore\" href=\"https:\/\/www.huelvaysusfotografos.com\/?p=5147\">Seguir leyendo<\/a><\/div>\n","protected":false},"author":41,"featured_media":5149,"comment_status":"open","ping_status":"open","sticky":false,"template":"","format":"standard","meta":{"footnotes":"","_links_to":"","_links_to_target":""},"categories":[23],"tags":[],"class_list":["post-5147","post","type-post","status-publish","format-standard","has-post-thumbnail","hentry","category-exposiciones"],"_links":{"self":[{"href":"https:\/\/www.huelvaysusfotografos.com\/index.php?rest_route=\/wp\/v2\/posts\/5147","targetHints":{"allow":["GET"]}}],"collection":[{"href":"https:\/\/www.huelvaysusfotografos.com\/index.php?rest_route=\/wp\/v2\/posts"}],"about":[{"href":"https:\/\/www.huelvaysusfotografos.com\/index.php?rest_route=\/wp\/v2\/types\/post"}],"author":[{"embeddable":true,"href":"https:\/\/www.huelvaysusfotografos.com\/index.php?rest_route=\/wp\/v2\/users\/41"}],"replies":[{"embeddable":true,"href":"https:\/\/www.huelvaysusfotografos.com\/index.php?rest_route=%2Fwp%2Fv2%2Fcomments&post=5147"}],"version-history":[{"count":4,"href":"https:\/\/www.huelvaysusfotografos.com\/index.php?rest_route=\/wp\/v2\/posts\/5147\/revisions"}],"predecessor-version":[{"id":5180,"href":"https:\/\/www.huelvaysusfotografos.com\/index.php?rest_route=\/wp\/v2\/posts\/5147\/revisions\/5180"}],"wp:featuredmedia":[{"embeddable":true,"href":"https:\/\/www.huelvaysusfotografos.com\/index.php?rest_route=\/wp\/v2\/media\/5149"}],"wp:attachment":[{"href":"https:\/\/www.huelvaysusfotografos.com\/index.php?rest_route=%2Fwp%2Fv2%2Fmedia&parent=5147"}],"wp:term":[{"taxonomy":"category","embeddable":true,"href":"https:\/\/www.huelvaysusfotografos.com\/index.php?rest_route=%2Fwp%2Fv2%2Fcategories&post=5147"},{"taxonomy":"post_tag","embeddable":true,"href":"https:\/\/www.huelvaysusfotografos.com\/index.php?rest_route=%2Fwp%2Fv2%2Ftags&post=5147"}],"curies":[{"name":"wp","href":"https:\/\/api.w.org\/{rel}","templated":true}]}}