{"id":5142,"date":"2017-03-29T21:35:31","date_gmt":"2017-03-29T20:35:31","guid":{"rendered":"http:\/\/www.huelvaysusfotografos.com\/?p=5142"},"modified":"2017-03-29T21:35:31","modified_gmt":"2017-03-29T20:35:31","slug":"manolo-silva-gana-nuestros-concursos-flickr","status":"publish","type":"post","link":"https:\/\/www.huelvaysusfotografos.com\/?p=5142","title":{"rendered":"Manolo Silva gana nuestros concursos Flickr"},"content":{"rendered":"<p>Este pasado mes ten\u00edamos dos concursos en marcha el de \u00abTu mejor fotograf\u00eda del mes\u00a0febrero\u00bb\u00a0y \u00abTema: barcas\/barcos\u00bb, pues nuestro compa\u00f1ero y socio Manolo Silva se ha llevado los dos premios con dos maravillosas fotograf\u00edas. Enhorabuena.<\/p>\n<p>Os dejamos aqu\u00ed las dos im\u00e1genes premiadas de Manolo Silva<br \/>\n<a href=\"https:\/\/www.huelvaysusfotografos.com\/wp-content\/uploads\/2017\/03\/Captura-de-pantalla-2017-03-29-a-las-16.05.34.png\" rel=\"attachment wp-att-5143\"><img loading=\"lazy\" decoding=\"async\" width=\"300\" height=\"209\" class=\"aligncenter size-medium wp-image-5143\" src=\"https:\/\/www.huelvaysusfotografos.com\/wp-content\/uploads\/2017\/03\/Captura-de-pantalla-2017-03-29-a-las-16.05.34-300x209.png\" alt=\"Captura de pantalla 2017-03-29 a la(s) 16.05.34\" srcset=\"https:\/\/www.huelvaysusfotografos.com\/wp-content\/uploads\/2017\/03\/Captura-de-pantalla-2017-03-29-a-las-16.05.34-300x209.png 300w, https:\/\/www.huelvaysusfotografos.com\/wp-content\/uploads\/2017\/03\/Captura-de-pantalla-2017-03-29-a-las-16.05.34.png 520w\" sizes=\"auto, (max-width: 300px) 100vw, 300px\" \/><\/a> <a href=\"https:\/\/www.huelvaysusfotografos.com\/wp-content\/uploads\/2017\/03\/Captura-de-pantalla-2017-03-29-a-las-16.05.48.png\" rel=\"attachment wp-att-5144\"><img loading=\"lazy\" decoding=\"async\" width=\"300\" height=\"228\" class=\"aligncenter size-medium wp-image-5144\" src=\"https:\/\/www.huelvaysusfotografos.com\/wp-content\/uploads\/2017\/03\/Captura-de-pantalla-2017-03-29-a-las-16.05.48-300x228.png\" alt=\"Captura de pantalla 2017-03-29 a la(s) 16.05.48\" srcset=\"https:\/\/www.huelvaysusfotografos.com\/wp-content\/uploads\/2017\/03\/Captura-de-pantalla-2017-03-29-a-las-16.05.48-300x228.png 300w, https:\/\/www.huelvaysusfotografos.com\/wp-content\/uploads\/2017\/03\/Captura-de-pantalla-2017-03-29-a-las-16.05.48.png 522w\" sizes=\"auto, (max-width: 300px) 100vw, 300px\" \/><\/a><\/p>\n<p>&nbsp;<\/p>\n<p>Pod\u00e9is visitar su Facebook:\u00a0<a href=\"https:\/\/www.facebook.com\/manolo.silva.71\">https:\/\/www.facebook.com\/manolo.silva.71\u00a0<\/a><\/p>\n<p>Pronto estar\u00e1n los nuevos concurso en\u00a0<a href=\"https:\/\/www.flickr.com\/groups\/huelva_y_sus_fotografos\/\">https:\/\/www.flickr.com\/groups\/huelva_y_sus_fotografos\/\u00a0<\/a><\/p>\n","protected":false},"excerpt":{"rendered":"<p>Este pasado mes ten\u00edamos dos concursos en marcha el de \u00abTu mejor fotograf\u00eda del mes\u00a0febrero\u00bb\u00a0y \u00abTema: barcas\/barcos\u00bb, pues nuestro compa\u00f1ero y socio Manolo Silva se ha llevado los dos premios con dos maravillosas fotograf\u00edas. Enhorabuena. Os dejamos aqu\u00ed las dos im\u00e1genes premiadas de Manolo Silva &nbsp; Pod\u00e9is visitar su Facebook:\u00a0https:\/\/www.facebook.com\/manolo.silva.71\u00a0 Pronto estar\u00e1n los nuevos concurso en\u00a0https:\/\/www.flickr.com\/groups\/huelva_y_sus_fotografos\/\u00a0<\/p>\n","protected":false},"author":41,"featured_media":5145,"comment_status":"open","ping_status":"open","sticky":false,"template":"","format":"standard","meta":{"footnotes":"","_links_to":"","_links_to_target":""},"categories":[53],"tags":[],"class_list":["post-5142","post","type-post","status-publish","format-standard","has-post-thumbnail","hentry","category-premios"],"_links":{"self":[{"href":"https:\/\/www.huelvaysusfotografos.com\/index.php?rest_route=\/wp\/v2\/posts\/5142","targetHints":{"allow":["GET"]}}],"collection":[{"href":"https:\/\/www.huelvaysusfotografos.com\/index.php?rest_route=\/wp\/v2\/posts"}],"about":[{"href":"https:\/\/www.huelvaysusfotografos.com\/index.php?rest_route=\/wp\/v2\/types\/post"}],"author":[{"embeddable":true,"href":"https:\/\/www.huelvaysusfotografos.com\/index.php?rest_route=\/wp\/v2\/users\/41"}],"replies":[{"embeddable":true,"href":"https:\/\/www.huelvaysusfotografos.com\/index.php?rest_route=%2Fwp%2Fv2%2Fcomments&post=5142"}],"version-history":[{"count":1,"href":"https:\/\/www.huelvaysusfotografos.com\/index.php?rest_route=\/wp\/v2\/posts\/5142\/revisions"}],"predecessor-version":[{"id":5146,"href":"https:\/\/www.huelvaysusfotografos.com\/index.php?rest_route=\/wp\/v2\/posts\/5142\/revisions\/5146"}],"wp:featuredmedia":[{"embeddable":true,"href":"https:\/\/www.huelvaysusfotografos.com\/index.php?rest_route=\/wp\/v2\/media\/5145"}],"wp:attachment":[{"href":"https:\/\/www.huelvaysusfotografos.com\/index.php?rest_route=%2Fwp%2Fv2%2Fmedia&parent=5142"}],"wp:term":[{"taxonomy":"category","embeddable":true,"href":"https:\/\/www.huelvaysusfotografos.com\/index.php?rest_route=%2Fwp%2Fv2%2Fcategories&post=5142"},{"taxonomy":"post_tag","embeddable":true,"href":"https:\/\/www.huelvaysusfotografos.com\/index.php?rest_route=%2Fwp%2Fv2%2Ftags&post=5142"}],"curies":[{"name":"wp","href":"https:\/\/api.w.org\/{rel}","templated":true}]}}