{"id":5132,"date":"2017-03-20T14:06:07","date_gmt":"2017-03-20T13:06:07","guid":{"rendered":"http:\/\/www.huelvaysusfotografos.com\/?p=5132"},"modified":"2017-03-20T14:08:28","modified_gmt":"2017-03-20T13:08:28","slug":"el-8-de-abril-visitamos-mina-concepcion-san-platon","status":"publish","type":"post","link":"https:\/\/www.huelvaysusfotografos.com\/?p=5132","title":{"rendered":"El 8 de abril visitamos MINA CONCEPCI\u00d3N- SAN PLAT\u00d3N"},"content":{"rendered":"<p>Pues para qu\u00e9 vamos a parar!!!<\/p>\n<p style=\"text-align: justify;\">El pr\u00f3ximo d\u00eda 8 de abril, organizamos junto con nuestro incondicional Emilio Romero, otra salida fotogr\u00e1fica, en esta ocasi\u00f3n a Mina Concepci\u00f3n- San Plat\u00f3n.<\/p>\n<p>Desde la N-435 se puede llegar al poblado de Mina Concepci\u00f3n, all\u00ed podemos visitar la Corta y sus reflejos, el monumento al minero, ciertas maquinarias expuestas al aire libre y la Casa Direcci\u00f3n, adem\u00e1s de la Iglesia y el cuartel.\u00a0Luego podemos acceder en coche hasta el Socav\u00f3n de La Parra, cargaderos y Mina San Plat\u00f3n hacia el r\u00edo Odiel<\/p>\n<p>Distancia andado. Unos 5 kms ida y vuelta (hay pendiente).\u00a0Dificultad,: Baja- media.\u00a0Tiempo empleado (recorrido y paradas): 3-4 horas aproximadamente.<\/p>\n<p style=\"text-align: justify;\">Se aconseja llevar veh\u00edculo alto, calzado c\u00f3modo, c\u00e1mara fotogr\u00e1fica (bater\u00eda cargada, tarjeta vac\u00eda, tr\u00edpode no es de mucha necesidad&#8230;.) , y ganas de pasar un buen rato.<\/p>\n<p style=\"text-align: justify;\">Inscripci\u00f3n gratuita huelvaysf@gmail.com.<\/p>\n<p style=\"text-align: justify;\">Almorzaremos a unos 3 km de la mina (quien se vaya a quedar a almorzar que avise para reservar)<\/p>\n<p><img loading=\"lazy\" decoding=\"async\" width=\"300\" height=\"237\" class=\"aligncenter size-medium wp-image-5136\" src=\"https:\/\/www.huelvaysusfotografos.com\/wp-content\/uploads\/2017\/03\/Cartel-Mina-Concepci\u00f3n-San-Plat\u00f3n-300x237.jpg\" alt=\"Cartel Mina Concepci\u00f3n San Plat\u00f3n\" srcset=\"https:\/\/www.huelvaysusfotografos.com\/wp-content\/uploads\/2017\/03\/Cartel-Mina-Concepci\u00f3n-San-Plat\u00f3n-300x237.jpg 300w, https:\/\/www.huelvaysusfotografos.com\/wp-content\/uploads\/2017\/03\/Cartel-Mina-Concepci\u00f3n-San-Plat\u00f3n-1024x808.jpg 1024w, https:\/\/www.huelvaysusfotografos.com\/wp-content\/uploads\/2017\/03\/Cartel-Mina-Concepci\u00f3n-San-Plat\u00f3n-768x606.jpg 768w, https:\/\/www.huelvaysusfotografos.com\/wp-content\/uploads\/2017\/03\/Cartel-Mina-Concepci\u00f3n-San-Plat\u00f3n-1536x1212.jpg 1536w, https:\/\/www.huelvaysusfotografos.com\/wp-content\/uploads\/2017\/03\/Cartel-Mina-Concepci\u00f3n-San-Plat\u00f3n.jpg 2048w\" sizes=\"auto, (max-width: 300px) 100vw, 300px\" \/><\/p>\n<p><a href=\"https:\/\/www.huelvaysusfotografos.com\/wp-content\/uploads\/2017\/03\/Captura-de-pantalla-2017-03-20-a-las-13.57.24.png\" rel=\"attachment wp-att-5135\"><img loading=\"lazy\" decoding=\"async\" width=\"300\" height=\"180\" class=\"aligncenter size-medium wp-image-5135\" src=\"https:\/\/www.huelvaysusfotografos.com\/wp-content\/uploads\/2017\/03\/Captura-de-pantalla-2017-03-20-a-las-13.57.24-300x180.png\" alt=\"Captura de pantalla 2017-03-20 a la(s) 13.57.24\" srcset=\"https:\/\/www.huelvaysusfotografos.com\/wp-content\/uploads\/2017\/03\/Captura-de-pantalla-2017-03-20-a-las-13.57.24-300x180.png 300w, https:\/\/www.huelvaysusfotografos.com\/wp-content\/uploads\/2017\/03\/Captura-de-pantalla-2017-03-20-a-las-13.57.24-1024x613.png 1024w, https:\/\/www.huelvaysusfotografos.com\/wp-content\/uploads\/2017\/03\/Captura-de-pantalla-2017-03-20-a-las-13.57.24-768x460.png 768w, https:\/\/www.huelvaysusfotografos.com\/wp-content\/uploads\/2017\/03\/Captura-de-pantalla-2017-03-20-a-las-13.57.24-1536x920.png 1536w, https:\/\/www.huelvaysusfotografos.com\/wp-content\/uploads\/2017\/03\/Captura-de-pantalla-2017-03-20-a-las-13.57.24.png 1612w\" sizes=\"auto, (max-width: 300px) 100vw, 300px\" \/><\/a><\/p>\n<p style=\"text-align: center;\">Mapa de la ruta<\/p>\n<p>&nbsp;<\/p>\n","protected":false},"excerpt":{"rendered":"<p>Pues para qu\u00e9 vamos a parar!!! El pr\u00f3ximo d\u00eda 8 de abril, organizamos junto con nuestro incondicional Emilio Romero, otra salida fotogr\u00e1fica, en esta ocasi\u00f3n a Mina Concepci\u00f3n- San Plat\u00f3n. Desde la N-435 se puede llegar al poblado de Mina Concepci\u00f3n, all\u00ed podemos visitar la Corta y sus reflejos, el monumento al minero, ciertas maquinarias expuestas al aire libre y la Casa Direcci\u00f3n, adem\u00e1s de la Iglesia y el cuartel.\u00a0Luego<\/p>\n<div class=\"belowpost\"><a class=\"btnmore\" href=\"https:\/\/www.huelvaysusfotografos.com\/?p=5132\">Seguir leyendo<\/a><\/div>\n","protected":false},"author":41,"featured_media":5134,"comment_status":"open","ping_status":"open","sticky":false,"template":"","format":"standard","meta":{"footnotes":"","_links_to":"","_links_to_target":""},"categories":[6],"tags":[],"class_list":["post-5132","post","type-post","status-publish","format-standard","has-post-thumbnail","hentry","category-quedadas"],"_links":{"self":[{"href":"https:\/\/www.huelvaysusfotografos.com\/index.php?rest_route=\/wp\/v2\/posts\/5132","targetHints":{"allow":["GET"]}}],"collection":[{"href":"https:\/\/www.huelvaysusfotografos.com\/index.php?rest_route=\/wp\/v2\/posts"}],"about":[{"href":"https:\/\/www.huelvaysusfotografos.com\/index.php?rest_route=\/wp\/v2\/types\/post"}],"author":[{"embeddable":true,"href":"https:\/\/www.huelvaysusfotografos.com\/index.php?rest_route=\/wp\/v2\/users\/41"}],"replies":[{"embeddable":true,"href":"https:\/\/www.huelvaysusfotografos.com\/index.php?rest_route=%2Fwp%2Fv2%2Fcomments&post=5132"}],"version-history":[{"count":1,"href":"https:\/\/www.huelvaysusfotografos.com\/index.php?rest_route=\/wp\/v2\/posts\/5132\/revisions"}],"predecessor-version":[{"id":5137,"href":"https:\/\/www.huelvaysusfotografos.com\/index.php?rest_route=\/wp\/v2\/posts\/5132\/revisions\/5137"}],"wp:featuredmedia":[{"embeddable":true,"href":"https:\/\/www.huelvaysusfotografos.com\/index.php?rest_route=\/wp\/v2\/media\/5134"}],"wp:attachment":[{"href":"https:\/\/www.huelvaysusfotografos.com\/index.php?rest_route=%2Fwp%2Fv2%2Fmedia&parent=5132"}],"wp:term":[{"taxonomy":"category","embeddable":true,"href":"https:\/\/www.huelvaysusfotografos.com\/index.php?rest_route=%2Fwp%2Fv2%2Fcategories&post=5132"},{"taxonomy":"post_tag","embeddable":true,"href":"https:\/\/www.huelvaysusfotografos.com\/index.php?rest_route=%2Fwp%2Fv2%2Ftags&post=5132"}],"curies":[{"name":"wp","href":"https:\/\/api.w.org\/{rel}","templated":true}]}}