{"id":5128,"date":"2017-03-19T21:58:30","date_gmt":"2017-03-19T20:58:30","guid":{"rendered":"http:\/\/www.huelvaysusfotografos.com\/?p=5128"},"modified":"2017-03-19T21:59:01","modified_gmt":"2017-03-19T20:59:01","slug":"en-el-dia-del-padre-nuestros-socios-se-muestran","status":"publish","type":"post","link":"https:\/\/www.huelvaysusfotografos.com\/?p=5128","title":{"rendered":"En el D\u00eda del Padre, nuestros socios se muestran"},"content":{"rendered":"<p style=\"text-align: justify;\"><strong>E<\/strong><strong>ste libreto se convierte en un lugar para homenajear al padre. Todos y todas tenemos a esa persona en nuestras vidas, unos de manera m\u00e1s presente, otros s\u00f3lo en el pensamiento, pero existe sin lugar a dudas. En Espa\u00f1a, el 19 de marzo se convierte en la fecha donde celebrarlo (1948), gracias al empe\u00f1o de una maestra, Manuela Vicente Ferrero, que daba clases en un barrio de Vallecas, que recibi\u00f3 las quejas de unos padres ya que solo se preparaba un regalo especial para las madres en su d\u00eda, pero no para la figura paterna.<\/strong><\/p>\n<p><strong>Al parecer el origen se remonta a la historia familiar de Henry Jackson Smart, veterano de la guerra civil estadounidense que tuvo que cuidar y sacar a su familia adelante tras el fallecimiento de su esposa en el parto de su sexto hijo. Fue una de sus hijas, Sonara Smart Dodd, la que quiso agradecer a su padre su entrega y coraje, y pens\u00f3 en celebrar el D\u00eda del Padre. Esta idea fue teniendo aceptaci\u00f3n a nivel nacional y se extendi\u00f3 a otros continentes como forma de homenajear a los padres y reconocer su papel en la crianza y la educaci\u00f3n de sus hijos e hijas.<\/strong><\/p>\n<p><strong>Desde nuestra Asociaci\u00f3n \u201cHuelva y sus Fot\u00f3grafos\u201d, aportamos este granito de arena, queremos que conozc\u00e1is el trabajo de algunos de nuestros socios y a sus referentes es esta disciplina art\u00edstica.<\/strong><\/p>\n<p>Juana Mart\u00edn<\/p>\n<p>&nbsp;<\/p>\n<p><iframe title=\"D\u00eda del Padre. Fot\u00f3grafos Huelva 2017\" src=\"https:\/\/e.issuu.com\/embed.html?u=juanamariamartininfantes&#038;d=hombres_fot__graf0s_huelva_2017\" style=\"border:none; width: 680px; height: 521px;\" allow=\"clipboard-write,allow-top-navigation,allow-top-navigation-by-user-activation,allow-downloads,allow-scripts,allow-same-origin,allow-popups,allow-modals,allow-popups-to-escape-sandbox,allow-forms\"  allowfullscreen=\"true\"><\/iframe><\/p>\n","protected":false},"excerpt":{"rendered":"<p>Este libreto se convierte en un lugar para homenajear al padre. Todos y todas tenemos a esa persona en nuestras vidas, unos de manera m\u00e1s presente, otros s\u00f3lo en el pensamiento, pero existe sin lugar a dudas. En Espa\u00f1a, el 19 de marzo se convierte en la fecha donde celebrarlo (1948), gracias al empe\u00f1o de una maestra, Manuela Vicente Ferrero, que daba clases en un barrio de Vallecas, que recibi\u00f3<\/p>\n<div class=\"belowpost\"><a class=\"btnmore\" href=\"https:\/\/www.huelvaysusfotografos.com\/?p=5128\">Seguir leyendo<\/a><\/div>\n","protected":false},"author":41,"featured_media":5129,"comment_status":"open","ping_status":"open","sticky":false,"template":"","format":"standard","meta":{"footnotes":"","_links_to":"","_links_to_target":""},"categories":[5],"tags":[],"class_list":["post-5128","post","type-post","status-publish","format-standard","has-post-thumbnail","hentry","category-socios"],"_links":{"self":[{"href":"https:\/\/www.huelvaysusfotografos.com\/index.php?rest_route=\/wp\/v2\/posts\/5128","targetHints":{"allow":["GET"]}}],"collection":[{"href":"https:\/\/www.huelvaysusfotografos.com\/index.php?rest_route=\/wp\/v2\/posts"}],"about":[{"href":"https:\/\/www.huelvaysusfotografos.com\/index.php?rest_route=\/wp\/v2\/types\/post"}],"author":[{"embeddable":true,"href":"https:\/\/www.huelvaysusfotografos.com\/index.php?rest_route=\/wp\/v2\/users\/41"}],"replies":[{"embeddable":true,"href":"https:\/\/www.huelvaysusfotografos.com\/index.php?rest_route=%2Fwp%2Fv2%2Fcomments&post=5128"}],"version-history":[{"count":1,"href":"https:\/\/www.huelvaysusfotografos.com\/index.php?rest_route=\/wp\/v2\/posts\/5128\/revisions"}],"predecessor-version":[{"id":5130,"href":"https:\/\/www.huelvaysusfotografos.com\/index.php?rest_route=\/wp\/v2\/posts\/5128\/revisions\/5130"}],"wp:featuredmedia":[{"embeddable":true,"href":"https:\/\/www.huelvaysusfotografos.com\/index.php?rest_route=\/wp\/v2\/media\/5129"}],"wp:attachment":[{"href":"https:\/\/www.huelvaysusfotografos.com\/index.php?rest_route=%2Fwp%2Fv2%2Fmedia&parent=5128"}],"wp:term":[{"taxonomy":"category","embeddable":true,"href":"https:\/\/www.huelvaysusfotografos.com\/index.php?rest_route=%2Fwp%2Fv2%2Fcategories&post=5128"},{"taxonomy":"post_tag","embeddable":true,"href":"https:\/\/www.huelvaysusfotografos.com\/index.php?rest_route=%2Fwp%2Fv2%2Ftags&post=5128"}],"curies":[{"name":"wp","href":"https:\/\/api.w.org\/{rel}","templated":true}]}}