{"id":5119,"date":"2017-03-07T22:18:45","date_gmt":"2017-03-07T21:18:45","guid":{"rendered":"http:\/\/www.huelvaysusfotografos.com\/?p=5119"},"modified":"2017-03-07T22:19:32","modified_gmt":"2017-03-07T21:19:32","slug":"nuestras-socias-en-el-dia-de-la-mujer","status":"publish","type":"post","link":"https:\/\/www.huelvaysusfotografos.com\/?p=5119","title":{"rendered":"Nuestras socias en el D\u00cdA DE LA MUJER"},"content":{"rendered":"<p style=\"text-align: justify;\"><span style=\"color: #000000;\"><strong>D\u00eda Internacional de la Mujer 2017<\/strong><\/span><\/p>\n<p style=\"text-align: justify;\"><span style=\"color: #000000;\"><strong>Socias de la Asociaci\u00f3n Huelva y sus Fot\u00f3grafos<\/strong><\/span><\/p>\n<p style=\"text-align: justify;\"><strong>\u00a0<\/strong><\/p>\n<p style=\"text-align: justify;\"><strong>E<\/strong><strong>l presente libreto, s\u00f3lo es una excusa para recordar la lucha de millones de personas por la equidad, la participaci\u00f3n y el desarrollo de la mujer en todos los \u00e1mbitos de la vida. Aunque el calendario nos marca el 8 de marzo como d\u00eda memorable, no deber\u00edamos olvidar que el d\u00eda a d\u00eda har\u00e1 que sea posible ese objetivo. <\/strong><\/p>\n<p style=\"text-align: justify;\"><strong>A lo largo de la historia de la humanidad, el papel de la mujer ha estado relegado a \u00e1mbitos muy determinados, y a\u00fan hoy d\u00eda el pensamiento arcaico impide un avance pleno que sit\u00fae a la mujer en un plano de paridad con el hombre.<\/strong><strong>A primeros de 1900 miles de mujeres salieron a la calle exigiendo y reivindicando mejoras laborales y sociales, desde entonces hasta ahora los cambios han sido significativos en muchos pa\u00edses, pero queda una gran labor por delante.<\/strong><\/p>\n<p style=\"text-align: justify;\"><strong>Desde nuestra humilde Asociaci\u00f3n \u201cHuelva y sus Fot\u00f3grafos\u201d, damos sitio a nuestras socias, queremos que conozc\u00e1is su trabajo y que ellas presenten a sus referentes femeninas es esta disciplina art\u00edstica.<\/strong><\/p>\n<p style=\"text-align: right;\">Juana Mart\u00edn<\/p>\n<p><iframe title=\"Mujeres fot\u00f3grafas Huelva 2017\" src=\"https:\/\/e.issuu.com\/embed.html?u=juanamariamartininfantes&#038;d=mujeres_fot__grafas_huelva_2017-2\" style=\"border:none; width: 680px; height: 521px;\" allow=\"clipboard-write,allow-top-navigation,allow-top-navigation-by-user-activation,allow-downloads,allow-scripts,allow-same-origin,allow-popups,allow-modals,allow-popups-to-escape-sandbox,allow-forms\"  allowfullscreen=\"true\"><\/iframe><\/p>\n","protected":false},"excerpt":{"rendered":"<p>D\u00eda Internacional de la Mujer 2017 Socias de la Asociaci\u00f3n Huelva y sus Fot\u00f3grafos \u00a0 El presente libreto, s\u00f3lo es una excusa para recordar la lucha de millones de personas por la equidad, la participaci\u00f3n y el desarrollo de la mujer en todos los \u00e1mbitos de la vida. Aunque el calendario nos marca el 8 de marzo como d\u00eda memorable, no deber\u00edamos olvidar que el d\u00eda a d\u00eda har\u00e1 que<\/p>\n<div class=\"belowpost\"><a class=\"btnmore\" href=\"https:\/\/www.huelvaysusfotografos.com\/?p=5119\">Seguir leyendo<\/a><\/div>\n","protected":false},"author":41,"featured_media":5120,"comment_status":"open","ping_status":"open","sticky":false,"template":"","format":"standard","meta":{"footnotes":"","_links_to":"","_links_to_target":""},"categories":[5],"tags":[],"class_list":["post-5119","post","type-post","status-publish","format-standard","has-post-thumbnail","hentry","category-socios"],"_links":{"self":[{"href":"https:\/\/www.huelvaysusfotografos.com\/index.php?rest_route=\/wp\/v2\/posts\/5119","targetHints":{"allow":["GET"]}}],"collection":[{"href":"https:\/\/www.huelvaysusfotografos.com\/index.php?rest_route=\/wp\/v2\/posts"}],"about":[{"href":"https:\/\/www.huelvaysusfotografos.com\/index.php?rest_route=\/wp\/v2\/types\/post"}],"author":[{"embeddable":true,"href":"https:\/\/www.huelvaysusfotografos.com\/index.php?rest_route=\/wp\/v2\/users\/41"}],"replies":[{"embeddable":true,"href":"https:\/\/www.huelvaysusfotografos.com\/index.php?rest_route=%2Fwp%2Fv2%2Fcomments&post=5119"}],"version-history":[{"count":2,"href":"https:\/\/www.huelvaysusfotografos.com\/index.php?rest_route=\/wp\/v2\/posts\/5119\/revisions"}],"predecessor-version":[{"id":5122,"href":"https:\/\/www.huelvaysusfotografos.com\/index.php?rest_route=\/wp\/v2\/posts\/5119\/revisions\/5122"}],"wp:featuredmedia":[{"embeddable":true,"href":"https:\/\/www.huelvaysusfotografos.com\/index.php?rest_route=\/wp\/v2\/media\/5120"}],"wp:attachment":[{"href":"https:\/\/www.huelvaysusfotografos.com\/index.php?rest_route=%2Fwp%2Fv2%2Fmedia&parent=5119"}],"wp:term":[{"taxonomy":"category","embeddable":true,"href":"https:\/\/www.huelvaysusfotografos.com\/index.php?rest_route=%2Fwp%2Fv2%2Fcategories&post=5119"},{"taxonomy":"post_tag","embeddable":true,"href":"https:\/\/www.huelvaysusfotografos.com\/index.php?rest_route=%2Fwp%2Fv2%2Ftags&post=5119"}],"curies":[{"name":"wp","href":"https:\/\/api.w.org\/{rel}","templated":true}]}}