{"id":5107,"date":"2017-03-05T12:49:01","date_gmt":"2017-03-05T11:49:01","guid":{"rendered":"http:\/\/www.huelvaysusfotografos.com\/?p=5107"},"modified":"2017-03-19T21:59:26","modified_gmt":"2017-03-19T20:59:26","slug":"entrega-de-premios-flickr-hysf","status":"publish","type":"post","link":"https:\/\/www.huelvaysusfotografos.com\/?p=5107","title":{"rendered":"Entrega de premios FLICKR HYSF"},"content":{"rendered":"<p style=\"text-align: center;\">\u00a0Mejor Fotograf\u00eda del a\u00f1o 2016, del Grupo Flickr \u00abHuelva y sus Fot\u00f3grafos\u00bb de Jos\u00e9 Ram\u00f3n Cazorla<\/p>\n<p><a href=\"https:\/\/www.huelvaysusfotografos.com\/wp-content\/uploads\/2017\/03\/Captura-de-pantalla-2017-03-05-a-las-12.40.36.png\" rel=\"attachment wp-att-5112\"><img loading=\"lazy\" decoding=\"async\" width=\"300\" height=\"199\" class=\"aligncenter size-medium wp-image-5112\" src=\"https:\/\/www.huelvaysusfotografos.com\/wp-content\/uploads\/2017\/03\/Captura-de-pantalla-2017-03-05-a-las-12.40.36-300x199.png\" alt=\"Captura de pantalla 2017-03-05 a la(s) 12.40.36\" srcset=\"https:\/\/www.huelvaysusfotografos.com\/wp-content\/uploads\/2017\/03\/Captura-de-pantalla-2017-03-05-a-las-12.40.36-300x199.png 300w, https:\/\/www.huelvaysusfotografos.com\/wp-content\/uploads\/2017\/03\/Captura-de-pantalla-2017-03-05-a-las-12.40.36-1024x680.png 1024w, https:\/\/www.huelvaysusfotografos.com\/wp-content\/uploads\/2017\/03\/Captura-de-pantalla-2017-03-05-a-las-12.40.36-768x510.png 768w, https:\/\/www.huelvaysusfotografos.com\/wp-content\/uploads\/2017\/03\/Captura-de-pantalla-2017-03-05-a-las-12.40.36-120x80.png 120w, https:\/\/www.huelvaysusfotografos.com\/wp-content\/uploads\/2017\/03\/Captura-de-pantalla-2017-03-05-a-las-12.40.36.png 1406w\" sizes=\"auto, (max-width: 300px) 100vw, 300px\" \/><\/a><\/p>\n<p style=\"text-align: center;\">Recoge Jos\u00e9 Ram\u00f3n Cazorla (premiado) parte del premio, de la mano de\u00a0Pedro J. Ruiz Constantino (presidente)<\/p>\n<p><a href=\"https:\/\/www.huelvaysusfotografos.com\/wp-content\/uploads\/2017\/03\/entrega-premiio-Cazorla.jpg\" rel=\"attachment wp-att-5108\"><img loading=\"lazy\" decoding=\"async\" width=\"200\" height=\"300\" class=\"aligncenter size-medium wp-image-5108\" src=\"https:\/\/www.huelvaysusfotografos.com\/wp-content\/uploads\/2017\/03\/entrega-premiio-Cazorla-200x300.jpg\" alt=\"entrega premiio Cazorla\" srcset=\"https:\/\/www.huelvaysusfotografos.com\/wp-content\/uploads\/2017\/03\/entrega-premiio-Cazorla-200x300.jpg 200w, https:\/\/www.huelvaysusfotografos.com\/wp-content\/uploads\/2017\/03\/entrega-premiio-Cazorla-682x1024.jpg 682w, https:\/\/www.huelvaysusfotografos.com\/wp-content\/uploads\/2017\/03\/entrega-premiio-Cazorla-768x1152.jpg 768w, https:\/\/www.huelvaysusfotografos.com\/wp-content\/uploads\/2017\/03\/entrega-premiio-Cazorla.jpg 787w\" sizes=\"auto, (max-width: 200px) 100vw, 200px\" \/><\/a><\/p>\n<p style=\"text-align: center;\">Mejor Fotograf\u00eda de\u00a0enero de 2017, del Grupo Flickr \u00abHuelva y sus Fot\u00f3grafos\u00bb de\u00a0Joaqu\u00edn P\u00e9rez<\/p>\n<p style=\"text-align: center;\"><a href=\"https:\/\/www.huelvaysusfotografos.com\/wp-content\/uploads\/2017\/03\/Captura-de-pantalla-2017-03-05-a-las-12.39.55.png\" rel=\"attachment wp-att-5111\"><img loading=\"lazy\" decoding=\"async\" width=\"300\" height=\"200\" class=\"aligncenter size-medium wp-image-5111\" src=\"https:\/\/www.huelvaysusfotografos.com\/wp-content\/uploads\/2017\/03\/Captura-de-pantalla-2017-03-05-a-las-12.39.55-300x200.png\" alt=\"Captura de pantalla 2017-03-05 a la(s) 12.39.55\" srcset=\"https:\/\/www.huelvaysusfotografos.com\/wp-content\/uploads\/2017\/03\/Captura-de-pantalla-2017-03-05-a-las-12.39.55-300x200.png 300w, https:\/\/www.huelvaysusfotografos.com\/wp-content\/uploads\/2017\/03\/Captura-de-pantalla-2017-03-05-a-las-12.39.55-1024x681.png 1024w, https:\/\/www.huelvaysusfotografos.com\/wp-content\/uploads\/2017\/03\/Captura-de-pantalla-2017-03-05-a-las-12.39.55-768x511.png 768w, https:\/\/www.huelvaysusfotografos.com\/wp-content\/uploads\/2017\/03\/Captura-de-pantalla-2017-03-05-a-las-12.39.55-120x80.png 120w, https:\/\/www.huelvaysusfotografos.com\/wp-content\/uploads\/2017\/03\/Captura-de-pantalla-2017-03-05-a-las-12.39.55.png 1406w\" sizes=\"auto, (max-width: 300px) 100vw, 300px\" \/><\/a><\/p>\n<p style=\"text-align: center;\">Recoge el premio\u00a0Joaqu\u00edn P\u00e9rez (premiado), entrega Pedro J. Ruiz Constantino (presidente)<br \/>\n<a href=\"https:\/\/www.huelvaysusfotografos.com\/wp-content\/uploads\/2017\/03\/Entrega-premio-Quino-marzo.jpg\" rel=\"attachment wp-att-5109\"><img loading=\"lazy\" decoding=\"async\" width=\"200\" height=\"300\" class=\"aligncenter size-medium wp-image-5109\" src=\"https:\/\/www.huelvaysusfotografos.com\/wp-content\/uploads\/2017\/03\/Entrega-premio-Quino-marzo-200x300.jpg\" alt=\"Entrega premio Quino marzo\" srcset=\"https:\/\/www.huelvaysusfotografos.com\/wp-content\/uploads\/2017\/03\/Entrega-premio-Quino-marzo-200x300.jpg 200w, https:\/\/www.huelvaysusfotografos.com\/wp-content\/uploads\/2017\/03\/Entrega-premio-Quino-marzo-682x1024.jpg 682w, https:\/\/www.huelvaysusfotografos.com\/wp-content\/uploads\/2017\/03\/Entrega-premio-Quino-marzo-768x1152.jpg 768w, https:\/\/www.huelvaysusfotografos.com\/wp-content\/uploads\/2017\/03\/Entrega-premio-Quino-marzo.jpg 787w\" sizes=\"auto, (max-width: 200px) 100vw, 200px\" \/><\/a><\/p>\n<p style=\"text-align: center;\">Premio a Fran Borges por su fotograf\u00eda del Barrio Obrero<\/p>\n<p style=\"text-align: center;\"><a href=\"https:\/\/www.huelvaysusfotografos.com\/wp-content\/uploads\/2017\/03\/Captura-de-pantalla-2017-03-05-a-las-12.39.00.png\" rel=\"attachment wp-att-5110\"><img loading=\"lazy\" decoding=\"async\" width=\"300\" height=\"199\" class=\"aligncenter size-medium wp-image-5110\" src=\"https:\/\/www.huelvaysusfotografos.com\/wp-content\/uploads\/2017\/03\/Captura-de-pantalla-2017-03-05-a-las-12.39.00-300x199.png\" alt=\"Captura de pantalla 2017-03-05 a la(s) 12.39.00\" srcset=\"https:\/\/www.huelvaysusfotografos.com\/wp-content\/uploads\/2017\/03\/Captura-de-pantalla-2017-03-05-a-las-12.39.00-300x199.png 300w, https:\/\/www.huelvaysusfotografos.com\/wp-content\/uploads\/2017\/03\/Captura-de-pantalla-2017-03-05-a-las-12.39.00-1024x680.png 1024w, https:\/\/www.huelvaysusfotografos.com\/wp-content\/uploads\/2017\/03\/Captura-de-pantalla-2017-03-05-a-las-12.39.00-768x510.png 768w, https:\/\/www.huelvaysusfotografos.com\/wp-content\/uploads\/2017\/03\/Captura-de-pantalla-2017-03-05-a-las-12.39.00-120x80.png 120w, https:\/\/www.huelvaysusfotografos.com\/wp-content\/uploads\/2017\/03\/Captura-de-pantalla-2017-03-05-a-las-12.39.00.png 1406w\" sizes=\"auto, (max-width: 300px) 100vw, 300px\" \/><\/a><\/p>\n<p style=\"text-align: justify;\">Ahora tenemos abiertos los concursos:<\/p>\n<ul>\n<li style=\"text-align: justify;\">TEMATICO BARCAS\/BARCOS:\u00a0<a href=\"https:\/\/www.flickr.com\/groups\/huelva_y_sus_fotografos\/discuss\/72157680981074655\/\">https:\/\/www.flickr.com\/groups\/huelva_y_sus_fotografos\/discuss\/72157680981074655\/<\/a><\/li>\n<li style=\"text-align: justify;\">TU MEJOR FOTOGRAF\u00cdA DE FEBRERO:\u00a0<a href=\"https:\/\/www.flickr.com\/groups\/huelva_y_sus_fotografos\/discuss\/72157680981010125\/\">https:\/\/www.flickr.com\/groups\/huelva_y_sus_fotografos\/discuss\/72157680981010125\/<\/a><\/li>\n<\/ul>\n<p>Esperamos tu participaci\u00f3n!!<\/p>\n<p>&nbsp;<\/p>\n","protected":false},"excerpt":{"rendered":"<p>\u00a0Mejor Fotograf\u00eda del a\u00f1o 2016, del Grupo Flickr \u00abHuelva y sus Fot\u00f3grafos\u00bb de Jos\u00e9 Ram\u00f3n Cazorla Recoge Jos\u00e9 Ram\u00f3n Cazorla (premiado) parte del premio, de la mano de\u00a0Pedro J. Ruiz Constantino (presidente) Mejor Fotograf\u00eda de\u00a0enero de 2017, del Grupo Flickr \u00abHuelva y sus Fot\u00f3grafos\u00bb de\u00a0Joaqu\u00edn P\u00e9rez Recoge el premio\u00a0Joaqu\u00edn P\u00e9rez (premiado), entrega Pedro J. Ruiz Constantino (presidente) Premio a Fran Borges por su fotograf\u00eda del Barrio Obrero Ahora tenemos abiertos<\/p>\n<div class=\"belowpost\"><a class=\"btnmore\" href=\"https:\/\/www.huelvaysusfotografos.com\/?p=5107\">Seguir leyendo<\/a><\/div>\n","protected":false},"author":41,"featured_media":5113,"comment_status":"open","ping_status":"open","sticky":false,"template":"","format":"standard","meta":{"footnotes":"","_links_to":"","_links_to_target":""},"categories":[53],"tags":[],"class_list":["post-5107","post","type-post","status-publish","format-standard","has-post-thumbnail","hentry","category-premios"],"_links":{"self":[{"href":"https:\/\/www.huelvaysusfotografos.com\/index.php?rest_route=\/wp\/v2\/posts\/5107","targetHints":{"allow":["GET"]}}],"collection":[{"href":"https:\/\/www.huelvaysusfotografos.com\/index.php?rest_route=\/wp\/v2\/posts"}],"about":[{"href":"https:\/\/www.huelvaysusfotografos.com\/index.php?rest_route=\/wp\/v2\/types\/post"}],"author":[{"embeddable":true,"href":"https:\/\/www.huelvaysusfotografos.com\/index.php?rest_route=\/wp\/v2\/users\/41"}],"replies":[{"embeddable":true,"href":"https:\/\/www.huelvaysusfotografos.com\/index.php?rest_route=%2Fwp%2Fv2%2Fcomments&post=5107"}],"version-history":[{"count":2,"href":"https:\/\/www.huelvaysusfotografos.com\/index.php?rest_route=\/wp\/v2\/posts\/5107\/revisions"}],"predecessor-version":[{"id":5131,"href":"https:\/\/www.huelvaysusfotografos.com\/index.php?rest_route=\/wp\/v2\/posts\/5107\/revisions\/5131"}],"wp:featuredmedia":[{"embeddable":true,"href":"https:\/\/www.huelvaysusfotografos.com\/index.php?rest_route=\/wp\/v2\/media\/5113"}],"wp:attachment":[{"href":"https:\/\/www.huelvaysusfotografos.com\/index.php?rest_route=%2Fwp%2Fv2%2Fmedia&parent=5107"}],"wp:term":[{"taxonomy":"category","embeddable":true,"href":"https:\/\/www.huelvaysusfotografos.com\/index.php?rest_route=%2Fwp%2Fv2%2Fcategories&post=5107"},{"taxonomy":"post_tag","embeddable":true,"href":"https:\/\/www.huelvaysusfotografos.com\/index.php?rest_route=%2Fwp%2Fv2%2Ftags&post=5107"}],"curies":[{"name":"wp","href":"https:\/\/api.w.org\/{rel}","templated":true}]}}