{"id":5103,"date":"2017-03-05T12:29:51","date_gmt":"2017-03-05T11:29:51","guid":{"rendered":"http:\/\/www.huelvaysusfotografos.com\/?p=5103"},"modified":"2017-03-19T21:37:22","modified_gmt":"2017-03-19T20:37:22","slug":"nueva-salida-fotografica-zalamea","status":"publish","type":"post","link":"https:\/\/www.huelvaysusfotografos.com\/?p=5103","title":{"rendered":"Nueva salida fotogr\u00e1fica: ZALAMEA"},"content":{"rendered":"<p>El pr\u00f3ximo s\u00e1bado 11 de marzo, a las 9:00 horas, nos vamos a Zalamea La Real, un paseo por sus lugares de inter\u00e9s, por sus calles, por su patrimonio y con sus gentes.<\/p>\n<p><a href=\"https:\/\/www.huelvaysusfotografos.com\/wp-content\/uploads\/2017\/03\/Cartel-Quedada-Zalamena-11-marzo.jpg\" rel=\"attachment wp-att-5104\"><img loading=\"lazy\" decoding=\"async\" width=\"238\" height=\"300\" class=\"aligncenter size-medium wp-image-5104\" src=\"https:\/\/www.huelvaysusfotografos.com\/wp-content\/uploads\/2017\/03\/Cartel-Quedada-Zalamena-11-marzo-238x300.jpg\" alt=\"Cartel Quedada Zalamena 11 marzo\" srcset=\"https:\/\/www.huelvaysusfotografos.com\/wp-content\/uploads\/2017\/03\/Cartel-Quedada-Zalamena-11-marzo-238x300.jpg 238w, https:\/\/www.huelvaysusfotografos.com\/wp-content\/uploads\/2017\/03\/Cartel-Quedada-Zalamena-11-marzo-813x1024.jpg 813w, https:\/\/www.huelvaysusfotografos.com\/wp-content\/uploads\/2017\/03\/Cartel-Quedada-Zalamena-11-marzo-768x967.jpg 768w, https:\/\/www.huelvaysusfotografos.com\/wp-content\/uploads\/2017\/03\/Cartel-Quedada-Zalamena-11-marzo-1219x1536.jpg 1219w, https:\/\/www.huelvaysusfotografos.com\/wp-content\/uploads\/2017\/03\/Cartel-Quedada-Zalamena-11-marzo-1626x2048.jpg 1626w, https:\/\/www.huelvaysusfotografos.com\/wp-content\/uploads\/2017\/03\/Cartel-Quedada-Zalamena-11-marzo.jpg 1875w\" sizes=\"auto, (max-width: 238px) 100vw, 238px\" \/><\/a><\/p>\n<p>Para los que\u00a0salimos\u00a0desde Huelva, el punto de encuentro\/salida\u00a0ser\u00e1\u00a0desde la Gasolinera de CEPSA, situada en la prolongaci\u00f3n de la Avenida de Andaluc\u00eda, en veh\u00edculos propios. Los socios de Amigos del Patrimonio, voluntarios, colaboradores y amantes de la fotograf\u00eda interesados en participar, pueden hacerlo bien escribiendo a huelvaysf@gmail.com o \u00a0info@patrimoniozalamea.com, ya que es es un evento abierto.<\/p>\n<p>Se har\u00e1 una parada para el desayuno (por cuenta propia), en Zalamea \u00a0a las 10:00 horas, en el bar \u201cLa Torre\u201d del Pol\u00edgono Industrial.<\/p>\n<p>Luego visitaremos las instalaciones de las F\u00e1bricas de Aguardientes: Anisados Arenas y El Pilar (su museo), habr\u00e1\u00a0una degustaci\u00f3n de licores t\u00edpicos y la tienda estar\u00e1 abierta por si alguien quiere comprar su famoso aguardiente.<\/p>\n<p>&nbsp;<\/p>\n<p>Seguidamente tendremos la oportunidad de\u00a0fotografiar los\u00a0bienes patrimoniales como la Iglesia y las Ermitas, as\u00ed como el entorno del pueblo: calles, pilares, fuentes, mercado abastos, Casa Cilla\u2026\u00a0<u><\/u><\/p>\n<p>A media ma\u00f1ana \u00a0haremos una parada para\u00a0tomar una tapita para reponer fuerzas.<u><\/u><u><\/u><\/p>\n<p>El almuerzo ser\u00e1 en el bar \u201cLa Noria\u201d (precio 15 euros\/persona, por cuenta propia), con degustaci\u00f3n de sus\u00a0dulces t\u00edpicos. (Opcional y confirmar antes del martes d\u00eda 7)<u><\/u><u><\/u><\/p>\n<p>Desde estas l\u00edneas, quer\u00edamos agradecer el esfuerzo, agrado e inter\u00e9s en hacer las cosas bien, de la Asociaci\u00f3n Amigos del Patrimonio de Zalamea,\u00a0\u00a0al Excmo. Ayuntamiento de Zalamea la Real, Anisados Arenas, F\u00e1brica El Pilar, y Parroquia de Zalamea, \u00a0Voluntarios Culturales; y animamos a aquellos amantes de la fotograf\u00eda a disfrutar de un lugar de encuentro, de un rato de fotograf\u00edas, de un recorrido cultural de uno de nuestros pueblos&#8230; en definitiva a disfrutar de un rato de fotos y amigos!!<\/p>\n<p><a href=\"https:\/\/www.huelvaysusfotografos.com\/wp-content\/uploads\/2017\/03\/Grupo-Salida-Zalamea.jpg\" rel=\"attachment wp-att-5125\"><img loading=\"lazy\" decoding=\"async\" width=\"300\" height=\"150\" class=\"aligncenter size-medium wp-image-5125\" src=\"https:\/\/www.huelvaysusfotografos.com\/wp-content\/uploads\/2017\/03\/Grupo-Salida-Zalamea-300x150.jpg\" alt=\"Grupo Salida Zalamea\" srcset=\"https:\/\/www.huelvaysusfotografos.com\/wp-content\/uploads\/2017\/03\/Grupo-Salida-Zalamea-300x150.jpg 300w, https:\/\/www.huelvaysusfotografos.com\/wp-content\/uploads\/2017\/03\/Grupo-Salida-Zalamea-1024x510.jpg 1024w, https:\/\/www.huelvaysusfotografos.com\/wp-content\/uploads\/2017\/03\/Grupo-Salida-Zalamea-768x383.jpg 768w, https:\/\/www.huelvaysusfotografos.com\/wp-content\/uploads\/2017\/03\/Grupo-Salida-Zalamea-1536x766.jpg 1536w, https:\/\/www.huelvaysusfotografos.com\/wp-content\/uploads\/2017\/03\/Grupo-Salida-Zalamea-2048x1021.jpg 2048w\" sizes=\"auto, (max-width: 300px) 100vw, 300px\" \/><\/a><\/p>\n<p style=\"text-align: center;\">Foto: Juana Mart\u00edn<\/p>\n<p style=\"text-align: justify;\">Video resumen de la salida:\u00a0<a href=\"https:\/\/www.youtube.com\/watch?v=P9x3mt7rGQA&amp;feature=youtu.be\">https:\/\/www.youtube.com\/watch?v=P9x3mt7rGQA&amp;feature=youtu.be<\/a><\/p>\n","protected":false},"excerpt":{"rendered":"<p>El pr\u00f3ximo s\u00e1bado 11 de marzo, a las 9:00 horas, nos vamos a Zalamea La Real, un paseo por sus lugares de inter\u00e9s, por sus calles, por su patrimonio y con sus gentes. Para los que\u00a0salimos\u00a0desde Huelva, el punto de encuentro\/salida\u00a0ser\u00e1\u00a0desde la Gasolinera de CEPSA, situada en la prolongaci\u00f3n de la Avenida de Andaluc\u00eda, en veh\u00edculos propios. Los socios de Amigos del Patrimonio, voluntarios, colaboradores y amantes de la fotograf\u00eda<\/p>\n<div class=\"belowpost\"><a class=\"btnmore\" href=\"https:\/\/www.huelvaysusfotografos.com\/?p=5103\">Seguir leyendo<\/a><\/div>\n","protected":false},"author":41,"featured_media":5105,"comment_status":"open","ping_status":"open","sticky":false,"template":"","format":"standard","meta":{"footnotes":"","_links_to":"","_links_to_target":""},"categories":[6],"tags":[],"class_list":["post-5103","post","type-post","status-publish","format-standard","has-post-thumbnail","hentry","category-quedadas"],"_links":{"self":[{"href":"https:\/\/www.huelvaysusfotografos.com\/index.php?rest_route=\/wp\/v2\/posts\/5103","targetHints":{"allow":["GET"]}}],"collection":[{"href":"https:\/\/www.huelvaysusfotografos.com\/index.php?rest_route=\/wp\/v2\/posts"}],"about":[{"href":"https:\/\/www.huelvaysusfotografos.com\/index.php?rest_route=\/wp\/v2\/types\/post"}],"author":[{"embeddable":true,"href":"https:\/\/www.huelvaysusfotografos.com\/index.php?rest_route=\/wp\/v2\/users\/41"}],"replies":[{"embeddable":true,"href":"https:\/\/www.huelvaysusfotografos.com\/index.php?rest_route=%2Fwp%2Fv2%2Fcomments&post=5103"}],"version-history":[{"count":4,"href":"https:\/\/www.huelvaysusfotografos.com\/index.php?rest_route=\/wp\/v2\/posts\/5103\/revisions"}],"predecessor-version":[{"id":5127,"href":"https:\/\/www.huelvaysusfotografos.com\/index.php?rest_route=\/wp\/v2\/posts\/5103\/revisions\/5127"}],"wp:featuredmedia":[{"embeddable":true,"href":"https:\/\/www.huelvaysusfotografos.com\/index.php?rest_route=\/wp\/v2\/media\/5105"}],"wp:attachment":[{"href":"https:\/\/www.huelvaysusfotografos.com\/index.php?rest_route=%2Fwp%2Fv2%2Fmedia&parent=5103"}],"wp:term":[{"taxonomy":"category","embeddable":true,"href":"https:\/\/www.huelvaysusfotografos.com\/index.php?rest_route=%2Fwp%2Fv2%2Fcategories&post=5103"},{"taxonomy":"post_tag","embeddable":true,"href":"https:\/\/www.huelvaysusfotografos.com\/index.php?rest_route=%2Fwp%2Fv2%2Ftags&post=5103"}],"curies":[{"name":"wp","href":"https:\/\/api.w.org\/{rel}","templated":true}]}}