{"id":5093,"date":"2017-03-05T11:58:32","date_gmt":"2017-03-05T10:58:32","guid":{"rendered":"http:\/\/www.huelvaysusfotografos.com\/?p=5093"},"modified":"2017-03-05T11:59:56","modified_gmt":"2017-03-05T10:59:56","slug":"montaje-de-la-exposicion-el-verbo-convertido-en-imagen","status":"publish","type":"post","link":"https:\/\/www.huelvaysusfotografos.com\/?p=5093","title":{"rendered":"Montaje de la Exposici\u00f3n EL VERBO CONVERTIDO EN IMAGEN"},"content":{"rendered":"<p style=\"text-align: justify;\">El pasado d\u00eda 1\u00a0de marzo realizamos todos los preparativos para que en la Sala de Exposiciones de la Casa de la Juventud La Ruta, estuviese todo listo para la apertura de nuestra exposici\u00f3n.<\/p>\n<p style=\"text-align: justify;\">Dar las gracias desde aqu\u00ed, a los chicas y chicos que estuvieron en el montaje y en la organizaci\u00f3n de todos los detalles, a los compa\u00f1eros de la Casa de la Juventud que nos facilitaron instalaciones y todo el material necesario para el montaje y a los socios\/as participantes en esta exposici\u00f3n que son los que verdaderamente hacen posible exposiciones de este tipo.<\/p>\n<p><a href=\"https:\/\/www.huelvaysusfotografos.com\/wp-content\/uploads\/2017\/03\/Montaje-expo-la-ruta-3-marzo.jpg\" rel=\"attachment wp-att-5097\"><img loading=\"lazy\" decoding=\"async\" width=\"225\" height=\"300\" class=\"aligncenter size-medium wp-image-5097\" src=\"https:\/\/www.huelvaysusfotografos.com\/wp-content\/uploads\/2017\/03\/Montaje-expo-la-ruta-3-marzo-225x300.jpg\" alt=\"Montaje expo la ruta 3 marzo\" srcset=\"https:\/\/www.huelvaysusfotografos.com\/wp-content\/uploads\/2017\/03\/Montaje-expo-la-ruta-3-marzo-225x300.jpg 225w, https:\/\/www.huelvaysusfotografos.com\/wp-content\/uploads\/2017\/03\/Montaje-expo-la-ruta-3-marzo-768x1024.jpg 768w, https:\/\/www.huelvaysusfotografos.com\/wp-content\/uploads\/2017\/03\/Montaje-expo-la-ruta-3-marzo.jpg 1080w\" sizes=\"auto, (max-width: 225px) 100vw, 225px\" \/><\/a><\/p>\n<p><a href=\"https:\/\/www.huelvaysusfotografos.com\/wp-content\/uploads\/2017\/03\/montaje-expo-la-ruta-marzo-4.jpg\" rel=\"attachment wp-att-5098\"><img loading=\"lazy\" decoding=\"async\" width=\"169\" height=\"300\" class=\"aligncenter size-medium wp-image-5098\" src=\"https:\/\/www.huelvaysusfotografos.com\/wp-content\/uploads\/2017\/03\/montaje-expo-la-ruta-marzo-4-169x300.jpg\" alt=\"montaje expo la ruta marzo 4\" srcset=\"https:\/\/www.huelvaysusfotografos.com\/wp-content\/uploads\/2017\/03\/montaje-expo-la-ruta-marzo-4-169x300.jpg 169w, https:\/\/www.huelvaysusfotografos.com\/wp-content\/uploads\/2017\/03\/montaje-expo-la-ruta-marzo-4-576x1024.jpg 576w, https:\/\/www.huelvaysusfotografos.com\/wp-content\/uploads\/2017\/03\/montaje-expo-la-ruta-marzo-4-768x1365.jpg 768w, https:\/\/www.huelvaysusfotografos.com\/wp-content\/uploads\/2017\/03\/montaje-expo-la-ruta-marzo-4.jpg 810w\" sizes=\"auto, (max-width: 169px) 100vw, 169px\" \/><\/a> <a href=\"https:\/\/www.huelvaysusfotografos.com\/wp-content\/uploads\/2017\/03\/Montaje-Expo-La-Ruta-marzo-2017-1.jpg\" rel=\"attachment wp-att-5099\"><br \/>\n<\/a><\/p>\n","protected":false},"excerpt":{"rendered":"<p>El pasado d\u00eda 1\u00a0de marzo realizamos todos los preparativos para que en la Sala de Exposiciones de la Casa de la Juventud La Ruta, estuviese todo listo para la apertura de nuestra exposici\u00f3n. Dar las gracias desde aqu\u00ed, a los chicas y chicos que estuvieron en el montaje y en la organizaci\u00f3n de todos los detalles, a los compa\u00f1eros de la Casa de la Juventud que nos facilitaron instalaciones y<\/p>\n<div class=\"belowpost\"><a class=\"btnmore\" href=\"https:\/\/www.huelvaysusfotografos.com\/?p=5093\">Seguir leyendo<\/a><\/div>\n","protected":false},"author":41,"featured_media":5100,"comment_status":"open","ping_status":"open","sticky":false,"template":"","format":"standard","meta":{"footnotes":"","_links_to":"","_links_to_target":""},"categories":[3],"tags":[],"class_list":["post-5093","post","type-post","status-publish","format-standard","has-post-thumbnail","hentry","category-noticias"],"_links":{"self":[{"href":"https:\/\/www.huelvaysusfotografos.com\/index.php?rest_route=\/wp\/v2\/posts\/5093","targetHints":{"allow":["GET"]}}],"collection":[{"href":"https:\/\/www.huelvaysusfotografos.com\/index.php?rest_route=\/wp\/v2\/posts"}],"about":[{"href":"https:\/\/www.huelvaysusfotografos.com\/index.php?rest_route=\/wp\/v2\/types\/post"}],"author":[{"embeddable":true,"href":"https:\/\/www.huelvaysusfotografos.com\/index.php?rest_route=\/wp\/v2\/users\/41"}],"replies":[{"embeddable":true,"href":"https:\/\/www.huelvaysusfotografos.com\/index.php?rest_route=%2Fwp%2Fv2%2Fcomments&post=5093"}],"version-history":[{"count":1,"href":"https:\/\/www.huelvaysusfotografos.com\/index.php?rest_route=\/wp\/v2\/posts\/5093\/revisions"}],"predecessor-version":[{"id":5101,"href":"https:\/\/www.huelvaysusfotografos.com\/index.php?rest_route=\/wp\/v2\/posts\/5093\/revisions\/5101"}],"wp:featuredmedia":[{"embeddable":true,"href":"https:\/\/www.huelvaysusfotografos.com\/index.php?rest_route=\/wp\/v2\/media\/5100"}],"wp:attachment":[{"href":"https:\/\/www.huelvaysusfotografos.com\/index.php?rest_route=%2Fwp%2Fv2%2Fmedia&parent=5093"}],"wp:term":[{"taxonomy":"category","embeddable":true,"href":"https:\/\/www.huelvaysusfotografos.com\/index.php?rest_route=%2Fwp%2Fv2%2Fcategories&post=5093"},{"taxonomy":"post_tag","embeddable":true,"href":"https:\/\/www.huelvaysusfotografos.com\/index.php?rest_route=%2Fwp%2Fv2%2Ftags&post=5093"}],"curies":[{"name":"wp","href":"https:\/\/api.w.org\/{rel}","templated":true}]}}