{"id":5078,"date":"2017-02-22T18:39:38","date_gmt":"2017-02-22T17:39:38","guid":{"rendered":"http:\/\/www.huelvaysusfotografos.com\/?p=5078"},"modified":"2017-02-22T18:39:38","modified_gmt":"2017-02-22T17:39:38","slug":"latitudes-2017-festival-internacional-de-fotografia-en-huelva","status":"publish","type":"post","link":"https:\/\/www.huelvaysusfotografos.com\/?p=5078","title":{"rendered":"LATITUDES 2017, Festival Internacional de Fotograf\u00eda en Huelva"},"content":{"rendered":"<p>Como a\u00f1os anteriores los aficionados y aficionadas a la fotograf\u00eda tienen una inexcusable cita en la ciudad onubense. El Festival LATITUDES este a\u00f1o dedicado a Am\u00e9rica, tiene innumerables exposiciones fotogr\u00e1ficas por las salas m\u00e1s destacadas de Huelva. Hasta el mes de abril se podr\u00e1n ver multitud de im\u00e1genes tra\u00eddas del continente americano para disfrute de los visitantes.<\/p>\n<p><a href=\"https:\/\/www.huelvaysusfotografos.com\/wp-content\/uploads\/2017\/02\/cartel-latitudes-2017-festival-fotografia-huelva.jpg\" rel=\"attachment wp-att-5080\"><img loading=\"lazy\" decoding=\"async\" width=\"212\" height=\"300\" class=\"aligncenter size-medium wp-image-5080\" src=\"https:\/\/www.huelvaysusfotografos.com\/wp-content\/uploads\/2017\/02\/cartel-latitudes-2017-festival-fotografia-huelva-212x300.jpg\" alt=\"cartel-latitudes-2017-festival-fotografia-huelva\" srcset=\"https:\/\/www.huelvaysusfotografos.com\/wp-content\/uploads\/2017\/02\/cartel-latitudes-2017-festival-fotografia-huelva-212x300.jpg 212w, https:\/\/www.huelvaysusfotografos.com\/wp-content\/uploads\/2017\/02\/cartel-latitudes-2017-festival-fotografia-huelva.jpg 500w\" sizes=\"auto, (max-width: 212px) 100vw, 212px\" \/><\/a><\/p>\n<p style=\"text-align: center;\">Cartel de 2017<\/p>\n<p>&nbsp;<\/p>\n<p>No faltes, toda la programaci\u00f3n en: \u00a0<a href=\"http:\/\/www.latitudes21.com\/programacion-latitudes-2017-festival-internacional-de-fotografia-huelva\/\">http:\/\/www.latitudes21.com\/programacion-latitudes-2017-festival-internacional-de-fotografia-huelva\/\u00a0<\/a><\/p>\n<p>&nbsp;<\/p>\n","protected":false},"excerpt":{"rendered":"<p>Como a\u00f1os anteriores los aficionados y aficionadas a la fotograf\u00eda tienen una inexcusable cita en la ciudad onubense. El Festival LATITUDES este a\u00f1o dedicado a Am\u00e9rica, tiene innumerables exposiciones fotogr\u00e1ficas por las salas m\u00e1s destacadas de Huelva. Hasta el mes de abril se podr\u00e1n ver multitud de im\u00e1genes tra\u00eddas del continente americano para disfrute de los visitantes. Cartel de 2017 &nbsp; No faltes, toda la programaci\u00f3n en: \u00a0http:\/\/www.latitudes21.com\/programacion-latitudes-2017-festival-internacional-de-fotografia-huelva\/\u00a0 &nbsp;<\/p>\n","protected":false},"author":41,"featured_media":5080,"comment_status":"open","ping_status":"open","sticky":false,"template":"","format":"standard","meta":{"footnotes":"","_links_to":"","_links_to_target":""},"categories":[3],"tags":[],"class_list":["post-5078","post","type-post","status-publish","format-standard","has-post-thumbnail","hentry","category-noticias"],"_links":{"self":[{"href":"https:\/\/www.huelvaysusfotografos.com\/index.php?rest_route=\/wp\/v2\/posts\/5078","targetHints":{"allow":["GET"]}}],"collection":[{"href":"https:\/\/www.huelvaysusfotografos.com\/index.php?rest_route=\/wp\/v2\/posts"}],"about":[{"href":"https:\/\/www.huelvaysusfotografos.com\/index.php?rest_route=\/wp\/v2\/types\/post"}],"author":[{"embeddable":true,"href":"https:\/\/www.huelvaysusfotografos.com\/index.php?rest_route=\/wp\/v2\/users\/41"}],"replies":[{"embeddable":true,"href":"https:\/\/www.huelvaysusfotografos.com\/index.php?rest_route=%2Fwp%2Fv2%2Fcomments&post=5078"}],"version-history":[{"count":2,"href":"https:\/\/www.huelvaysusfotografos.com\/index.php?rest_route=\/wp\/v2\/posts\/5078\/revisions"}],"predecessor-version":[{"id":5082,"href":"https:\/\/www.huelvaysusfotografos.com\/index.php?rest_route=\/wp\/v2\/posts\/5078\/revisions\/5082"}],"wp:featuredmedia":[{"embeddable":true,"href":"https:\/\/www.huelvaysusfotografos.com\/index.php?rest_route=\/wp\/v2\/media\/5080"}],"wp:attachment":[{"href":"https:\/\/www.huelvaysusfotografos.com\/index.php?rest_route=%2Fwp%2Fv2%2Fmedia&parent=5078"}],"wp:term":[{"taxonomy":"category","embeddable":true,"href":"https:\/\/www.huelvaysusfotografos.com\/index.php?rest_route=%2Fwp%2Fv2%2Fcategories&post=5078"},{"taxonomy":"post_tag","embeddable":true,"href":"https:\/\/www.huelvaysusfotografos.com\/index.php?rest_route=%2Fwp%2Fv2%2Ftags&post=5078"}],"curies":[{"name":"wp","href":"https:\/\/api.w.org\/{rel}","templated":true}]}}