{"id":5072,"date":"2017-02-21T20:44:36","date_gmt":"2017-02-21T19:44:36","guid":{"rendered":"http:\/\/www.huelvaysusfotografos.com\/?p=5072"},"modified":"2017-03-05T13:35:29","modified_gmt":"2017-03-05T12:35:29","slug":"quedada-fotografica-feria-de-epoca-de-moguer-25-feb","status":"publish","type":"post","link":"https:\/\/www.huelvaysusfotografos.com\/?p=5072","title":{"rendered":"Quedada Fotogr\u00e1fica Feria de \u00c9poca de Moguer 25 feb"},"content":{"rendered":"<p>A finales de febrero Moguer se viste con galas de all\u00e1 por el a\u00f1o 1900. El pueblo se engalana y se llena de atractivas y divertidas actividades de calle. Este a\u00f1o, nuestra asociaci\u00f3n ha decidido unirse al evento y hemos preparado una salida para hacer fotograf\u00edas de todo aquello que acontezca el s\u00e1bado 25.<\/p>\n<p>Como viene siendo habitual salimos desde Huelva, punto de encuentro gasolinera de CEPSA de la prolongaci\u00f3n de la Avenida de Andaluc\u00eda, a las 12.30 h. La idea es quedarnos a tapear por all\u00ed.<\/p>\n<p>Animaros e inscribiros en el Grupo cerrado para socios o en huelvaysf@gmail.com.<\/p>\n<p>&nbsp;<\/p>\n<p><a href=\"https:\/\/www.huelvaysusfotografos.com\/wp-content\/uploads\/2017\/02\/Captura-de-pantalla-2017-02-21-a-las-20.31.33.png\" rel=\"attachment wp-att-5073\"><img loading=\"lazy\" decoding=\"async\" width=\"300\" height=\"211\" class=\"aligncenter size-medium wp-image-5073\" src=\"https:\/\/www.huelvaysusfotografos.com\/wp-content\/uploads\/2017\/02\/Captura-de-pantalla-2017-02-21-a-las-20.31.33-300x211.png\" alt=\"Captura de pantalla 2017-02-21 a la(s) 20.31.33\" srcset=\"https:\/\/www.huelvaysusfotografos.com\/wp-content\/uploads\/2017\/02\/Captura-de-pantalla-2017-02-21-a-las-20.31.33-300x211.png 300w, https:\/\/www.huelvaysusfotografos.com\/wp-content\/uploads\/2017\/02\/Captura-de-pantalla-2017-02-21-a-las-20.31.33-1024x721.png 1024w, https:\/\/www.huelvaysusfotografos.com\/wp-content\/uploads\/2017\/02\/Captura-de-pantalla-2017-02-21-a-las-20.31.33-768x541.png 768w, https:\/\/www.huelvaysusfotografos.com\/wp-content\/uploads\/2017\/02\/Captura-de-pantalla-2017-02-21-a-las-20.31.33.png 1266w\" sizes=\"auto, (max-width: 300px) 100vw, 300px\" \/><\/a><\/p>\n<p><a href=\"https:\/\/www.huelvaysusfotografos.com\/wp-content\/uploads\/2017\/02\/programa-moguer-feria-\u00e9poca-1900.jpg\" rel=\"attachment wp-att-5075\"><img loading=\"lazy\" decoding=\"async\" width=\"300\" height=\"210\" class=\"aligncenter size-medium wp-image-5075\" src=\"https:\/\/www.huelvaysusfotografos.com\/wp-content\/uploads\/2017\/02\/programa-moguer-feria-\u00e9poca-1900-300x210.jpg\" alt=\"programa moguer feria \u00e9poca 1900\" srcset=\"https:\/\/www.huelvaysusfotografos.com\/wp-content\/uploads\/2017\/02\/programa-moguer-feria-\u00e9poca-1900-300x210.jpg 300w, https:\/\/www.huelvaysusfotografos.com\/wp-content\/uploads\/2017\/02\/programa-moguer-feria-\u00e9poca-1900-1024x716.jpg 1024w, https:\/\/www.huelvaysusfotografos.com\/wp-content\/uploads\/2017\/02\/programa-moguer-feria-\u00e9poca-1900-768x537.jpg 768w, https:\/\/www.huelvaysusfotografos.com\/wp-content\/uploads\/2017\/02\/programa-moguer-feria-\u00e9poca-1900.jpg 1305w\" sizes=\"auto, (max-width: 300px) 100vw, 300px\" \/><\/a><\/p>\n<p>&nbsp;<\/p>\n<p>El d\u00eda transcurri\u00f3 tranquilo, fue una encuentro con otro ritmo. Una de nuestras socias decidi\u00f3 cambiar su papel y se convirti\u00f3 en modelo, que algunos compa\u00f1eros fotografiaron y editaron con muy buen gusto. Os dejamos una muestra:<\/p>\n<p><a href=\"https:\/\/www.huelvaysusfotografos.com\/wp-content\/uploads\/2017\/02\/De-Brea-Prieto-Feria-1900-4.jpg\" rel=\"attachment wp-att-5115\"><img loading=\"lazy\" decoding=\"async\" width=\"300\" height=\"225\" class=\"aligncenter size-medium wp-image-5115\" src=\"https:\/\/www.huelvaysusfotografos.com\/wp-content\/uploads\/2017\/02\/De-Brea-Prieto-Feria-1900-4-300x225.jpg\" alt=\"De Brea Prieto Feria 1900 4\" srcset=\"https:\/\/www.huelvaysusfotografos.com\/wp-content\/uploads\/2017\/02\/De-Brea-Prieto-Feria-1900-4-300x225.jpg 300w, https:\/\/www.huelvaysusfotografos.com\/wp-content\/uploads\/2017\/02\/De-Brea-Prieto-Feria-1900-4-768x576.jpg 768w, https:\/\/www.huelvaysusfotografos.com\/wp-content\/uploads\/2017\/02\/De-Brea-Prieto-Feria-1900-4-160x120.jpg 160w, https:\/\/www.huelvaysusfotografos.com\/wp-content\/uploads\/2017\/02\/De-Brea-Prieto-Feria-1900-4.jpg 1000w\" sizes=\"auto, (max-width: 300px) 100vw, 300px\" \/><\/a><\/p>\n<p style=\"text-align: center;\">Foto de Juan Mat\u00edas Brea<br \/>\n<a href=\"https:\/\/www.huelvaysusfotografos.com\/wp-content\/uploads\/2017\/02\/De-Rafa-Llanes...-1900-moguer.jpg\" rel=\"attachment wp-att-5117\"><img loading=\"lazy\" decoding=\"async\" width=\"199\" height=\"300\" class=\"aligncenter size-medium wp-image-5117\" src=\"https:\/\/www.huelvaysusfotografos.com\/wp-content\/uploads\/2017\/02\/De-Rafa-Llanes...-1900-moguer-199x300.jpg\" alt=\"De Rafa Llanes... 1900 moguer\" srcset=\"https:\/\/www.huelvaysusfotografos.com\/wp-content\/uploads\/2017\/02\/De-Rafa-Llanes...-1900-moguer-199x300.jpg 199w, https:\/\/www.huelvaysusfotografos.com\/wp-content\/uploads\/2017\/02\/De-Rafa-Llanes...-1900-moguer-680x1024.jpg 680w, https:\/\/www.huelvaysusfotografos.com\/wp-content\/uploads\/2017\/02\/De-Rafa-Llanes...-1900-moguer-768x1157.jpg 768w, https:\/\/www.huelvaysusfotografos.com\/wp-content\/uploads\/2017\/02\/De-Rafa-Llanes...-1900-moguer-1020x1536.jpg 1020w, https:\/\/www.huelvaysusfotografos.com\/wp-content\/uploads\/2017\/02\/De-Rafa-Llanes...-1900-moguer.jpg 1360w\" sizes=\"auto, (max-width: 199px) 100vw, 199px\" \/><\/a><\/p>\n<p style=\"text-align: center;\">Foto de Rafa Llanes<\/p>\n","protected":false},"excerpt":{"rendered":"<p>A finales de febrero Moguer se viste con galas de all\u00e1 por el a\u00f1o 1900. El pueblo se engalana y se llena de atractivas y divertidas actividades de calle. Este a\u00f1o, nuestra asociaci\u00f3n ha decidido unirse al evento y hemos preparado una salida para hacer fotograf\u00edas de todo aquello que acontezca el s\u00e1bado 25. Como viene siendo habitual salimos desde Huelva, punto de encuentro gasolinera de CEPSA de la prolongaci\u00f3n<\/p>\n<div class=\"belowpost\"><a class=\"btnmore\" href=\"https:\/\/www.huelvaysusfotografos.com\/?p=5072\">Seguir leyendo<\/a><\/div>\n","protected":false},"author":41,"featured_media":5074,"comment_status":"open","ping_status":"open","sticky":false,"template":"","format":"standard","meta":{"footnotes":"","_links_to":"","_links_to_target":""},"categories":[6],"tags":[],"class_list":["post-5072","post","type-post","status-publish","format-standard","has-post-thumbnail","hentry","category-quedadas"],"_links":{"self":[{"href":"https:\/\/www.huelvaysusfotografos.com\/index.php?rest_route=\/wp\/v2\/posts\/5072","targetHints":{"allow":["GET"]}}],"collection":[{"href":"https:\/\/www.huelvaysusfotografos.com\/index.php?rest_route=\/wp\/v2\/posts"}],"about":[{"href":"https:\/\/www.huelvaysusfotografos.com\/index.php?rest_route=\/wp\/v2\/types\/post"}],"author":[{"embeddable":true,"href":"https:\/\/www.huelvaysusfotografos.com\/index.php?rest_route=\/wp\/v2\/users\/41"}],"replies":[{"embeddable":true,"href":"https:\/\/www.huelvaysusfotografos.com\/index.php?rest_route=%2Fwp%2Fv2%2Fcomments&post=5072"}],"version-history":[{"count":3,"href":"https:\/\/www.huelvaysusfotografos.com\/index.php?rest_route=\/wp\/v2\/posts\/5072\/revisions"}],"predecessor-version":[{"id":5118,"href":"https:\/\/www.huelvaysusfotografos.com\/index.php?rest_route=\/wp\/v2\/posts\/5072\/revisions\/5118"}],"wp:featuredmedia":[{"embeddable":true,"href":"https:\/\/www.huelvaysusfotografos.com\/index.php?rest_route=\/wp\/v2\/media\/5074"}],"wp:attachment":[{"href":"https:\/\/www.huelvaysusfotografos.com\/index.php?rest_route=%2Fwp%2Fv2%2Fmedia&parent=5072"}],"wp:term":[{"taxonomy":"category","embeddable":true,"href":"https:\/\/www.huelvaysusfotografos.com\/index.php?rest_route=%2Fwp%2Fv2%2Fcategories&post=5072"},{"taxonomy":"post_tag","embeddable":true,"href":"https:\/\/www.huelvaysusfotografos.com\/index.php?rest_route=%2Fwp%2Fv2%2Ftags&post=5072"}],"curies":[{"name":"wp","href":"https:\/\/api.w.org\/{rel}","templated":true}]}}