{"id":5064,"date":"2017-02-15T23:42:08","date_gmt":"2017-02-15T22:42:08","guid":{"rendered":"http:\/\/www.huelvaysusfotografos.com\/?p=5064"},"modified":"2017-02-15T23:42:08","modified_gmt":"2017-02-15T22:42:08","slug":"andres-gaitan-de-tertuliano-2-marzo","status":"publish","type":"post","link":"https:\/\/www.huelvaysusfotografos.com\/?p=5064","title":{"rendered":"Andr\u00e9s Gait\u00e1n de TERTULIANO 2 marzo"},"content":{"rendered":"<p><a href=\"https:\/\/www.huelvaysusfotografos.com\/wp-content\/uploads\/2017\/02\/Tertulia-Gait\u00e1n.jpg\" rel=\"attachment wp-att-5065\"><img loading=\"lazy\" decoding=\"async\" width=\"300\" height=\"200\" class=\"aligncenter size-medium wp-image-5065\" src=\"https:\/\/www.huelvaysusfotografos.com\/wp-content\/uploads\/2017\/02\/Tertulia-Gait\u00e1n-300x200.jpg\" alt=\"Tertulia Gait\u00e1n\" srcset=\"https:\/\/www.huelvaysusfotografos.com\/wp-content\/uploads\/2017\/02\/Tertulia-Gait\u00e1n-300x200.jpg 300w, https:\/\/www.huelvaysusfotografos.com\/wp-content\/uploads\/2017\/02\/Tertulia-Gait\u00e1n-768x512.jpg 768w, https:\/\/www.huelvaysusfotografos.com\/wp-content\/uploads\/2017\/02\/Tertulia-Gait\u00e1n-120x80.jpg 120w, https:\/\/www.huelvaysusfotografos.com\/wp-content\/uploads\/2017\/02\/Tertulia-Gait\u00e1n.jpg 960w\" sizes=\"auto, (max-width: 300px) 100vw, 300px\" \/><\/a><\/p>\n<p>Os esperamos el pr\u00f3ximo jueves 2 de marzo en la Casa de la Juventud LA RUTA (Calle Salamanca s\/n) para aprender del magn\u00edfico trabajo fotogr\u00e1fico de nuestro compa\u00f1ero y socio Andr\u00e9s Gait\u00e1n. Te sorprender\u00e1 su visi\u00f3n y capturas ingeniosas de sus bodas. Ya pod\u00e9is vislumbrar en el cartel que es un fot\u00f3grafo que realiza unas tomas diferentes a las habituales en los previos y en este tipo de ceremonias. Todo sentimiento.<\/p>\n<p>&nbsp;<\/p>\n<p>No faltes! Ser\u00e1 a las 19:00 horas, y la entrada es abierta y gratuita a tod@s l@s interesad@s, hasta completar aforo.<\/p>\n<p>&nbsp;<\/p>\n","protected":false},"excerpt":{"rendered":"<p>Os esperamos el pr\u00f3ximo jueves 2 de marzo en la Casa de la Juventud LA RUTA (Calle Salamanca s\/n) para aprender del magn\u00edfico trabajo fotogr\u00e1fico de nuestro compa\u00f1ero y socio Andr\u00e9s Gait\u00e1n. Te sorprender\u00e1 su visi\u00f3n y capturas ingeniosas de sus bodas. Ya pod\u00e9is vislumbrar en el cartel que es un fot\u00f3grafo que realiza unas tomas diferentes a las habituales en los previos y en este tipo de ceremonias. Todo<\/p>\n<div class=\"belowpost\"><a class=\"btnmore\" href=\"https:\/\/www.huelvaysusfotografos.com\/?p=5064\">Seguir leyendo<\/a><\/div>\n","protected":false},"author":41,"featured_media":5066,"comment_status":"open","ping_status":"open","sticky":false,"template":"","format":"standard","meta":{"footnotes":"","_links_to":"","_links_to_target":""},"categories":[32],"tags":[],"class_list":["post-5064","post","type-post","status-publish","format-standard","has-post-thumbnail","hentry","category-tertulias"],"_links":{"self":[{"href":"https:\/\/www.huelvaysusfotografos.com\/index.php?rest_route=\/wp\/v2\/posts\/5064","targetHints":{"allow":["GET"]}}],"collection":[{"href":"https:\/\/www.huelvaysusfotografos.com\/index.php?rest_route=\/wp\/v2\/posts"}],"about":[{"href":"https:\/\/www.huelvaysusfotografos.com\/index.php?rest_route=\/wp\/v2\/types\/post"}],"author":[{"embeddable":true,"href":"https:\/\/www.huelvaysusfotografos.com\/index.php?rest_route=\/wp\/v2\/users\/41"}],"replies":[{"embeddable":true,"href":"https:\/\/www.huelvaysusfotografos.com\/index.php?rest_route=%2Fwp%2Fv2%2Fcomments&post=5064"}],"version-history":[{"count":1,"href":"https:\/\/www.huelvaysusfotografos.com\/index.php?rest_route=\/wp\/v2\/posts\/5064\/revisions"}],"predecessor-version":[{"id":5067,"href":"https:\/\/www.huelvaysusfotografos.com\/index.php?rest_route=\/wp\/v2\/posts\/5064\/revisions\/5067"}],"wp:featuredmedia":[{"embeddable":true,"href":"https:\/\/www.huelvaysusfotografos.com\/index.php?rest_route=\/wp\/v2\/media\/5066"}],"wp:attachment":[{"href":"https:\/\/www.huelvaysusfotografos.com\/index.php?rest_route=%2Fwp%2Fv2%2Fmedia&parent=5064"}],"wp:term":[{"taxonomy":"category","embeddable":true,"href":"https:\/\/www.huelvaysusfotografos.com\/index.php?rest_route=%2Fwp%2Fv2%2Fcategories&post=5064"},{"taxonomy":"post_tag","embeddable":true,"href":"https:\/\/www.huelvaysusfotografos.com\/index.php?rest_route=%2Fwp%2Fv2%2Ftags&post=5064"}],"curies":[{"name":"wp","href":"https:\/\/api.w.org\/{rel}","templated":true}]}}