{"id":5060,"date":"2017-02-15T22:42:55","date_gmt":"2017-02-15T21:42:55","guid":{"rendered":"http:\/\/www.huelvaysusfotografos.com\/?p=5060"},"modified":"2017-02-15T22:43:06","modified_gmt":"2017-02-15T21:43:06","slug":"nuevos-concursos-en-flickr","status":"publish","type":"post","link":"https:\/\/www.huelvaysusfotografos.com\/?p=5060","title":{"rendered":"NUEVOS CONCURSOS EN FLICKR"},"content":{"rendered":"<p>Como es habitual nuestra asociaci\u00f3n desarrolla dos concursos mensuales a trav\u00e9s de la red social Flickr. Si dese\u00e1is participar no lo dud\u00e9is, os dejamos que toda la informaci\u00f3n:<\/p>\n<p>Concurso Tem\u00e1tico\u00a0\u00abBarrio Obrero\u00bb. Patrocina Dulfi Photograpy\u00a0<a href=\"https:\/\/www.flickr.com\/groups\/huelva_y_sus_fotografos\/discuss\/72157680193303425\/\">https:\/\/www.flickr.com\/groups\/huelva_y_sus_fotografos\/discuss\/72157680193303425\/<\/a><\/p>\n<p><img loading=\"lazy\" decoding=\"async\" width=\"300\" height=\"189\" class=\"aligncenter size-medium wp-image-5061\" src=\"https:\/\/www.huelvaysusfotografos.com\/wp-content\/uploads\/2017\/02\/Captura-de-pantalla-2017-02-13-a-las-18.29.38-300x189.png\" alt=\"Captura de pantalla 2017-02-13 a la(s) 18.29.38\" srcset=\"https:\/\/www.huelvaysusfotografos.com\/wp-content\/uploads\/2017\/02\/Captura-de-pantalla-2017-02-13-a-las-18.29.38-300x189.png 300w, https:\/\/www.huelvaysusfotografos.com\/wp-content\/uploads\/2017\/02\/Captura-de-pantalla-2017-02-13-a-las-18.29.38.png 606w\" sizes=\"auto, (max-width: 300px) 100vw, 300px\" \/><\/p>\n<p>Tambi\u00e9n tenemos abierto el Concurso \u00abTu mejor fotograf\u00eda de Enero 2017\u00bb, y patrocina Elena S\u00e1nchez Balonga\u00a0<a href=\"https:\/\/www.flickr.com\/groups\/huelva_y_sus_fotografos\/discuss\/72157680193137595\/\">https:\/\/www.flickr.com\/groups\/huelva_y_sus_fotografos\/discuss\/72157680193137595\/\u00a0<\/a><\/p>\n<p>Buena semana!!<a href=\"https:\/\/www.huelvaysusfotografos.com\/wp-content\/uploads\/2017\/02\/Captura-de-pantalla-2017-02-13-a-las-18.29.38.png\" rel=\"attachment wp-att-5061\"><br \/>\n<\/a> <a href=\"https:\/\/www.huelvaysusfotografos.com\/wp-content\/uploads\/2017\/02\/Captura-de-pantalla-2017-02-13-a-las-18.31.42.png\" rel=\"attachment wp-att-5062\"><img loading=\"lazy\" decoding=\"async\" width=\"300\" height=\"156\" class=\"aligncenter size-medium wp-image-5062\" src=\"https:\/\/www.huelvaysusfotografos.com\/wp-content\/uploads\/2017\/02\/Captura-de-pantalla-2017-02-13-a-las-18.31.42-300x156.png\" alt=\"Captura de pantalla 2017-02-13 a la(s) 18.31.42\" srcset=\"https:\/\/www.huelvaysusfotografos.com\/wp-content\/uploads\/2017\/02\/Captura-de-pantalla-2017-02-13-a-las-18.31.42-300x156.png 300w, https:\/\/www.huelvaysusfotografos.com\/wp-content\/uploads\/2017\/02\/Captura-de-pantalla-2017-02-13-a-las-18.31.42.png 599w\" sizes=\"auto, (max-width: 300px) 100vw, 300px\" \/><\/a><\/p>\n<p>&nbsp;<\/p>\n","protected":false},"excerpt":{"rendered":"<p>Como es habitual nuestra asociaci\u00f3n desarrolla dos concursos mensuales a trav\u00e9s de la red social Flickr. Si dese\u00e1is participar no lo dud\u00e9is, os dejamos que toda la informaci\u00f3n: Concurso Tem\u00e1tico\u00a0\u00abBarrio Obrero\u00bb. Patrocina Dulfi Photograpy\u00a0https:\/\/www.flickr.com\/groups\/huelva_y_sus_fotografos\/discuss\/72157680193303425\/ Tambi\u00e9n tenemos abierto el Concurso \u00abTu mejor fotograf\u00eda de Enero 2017\u00bb, y patrocina Elena S\u00e1nchez Balonga\u00a0https:\/\/www.flickr.com\/groups\/huelva_y_sus_fotografos\/discuss\/72157680193137595\/\u00a0 Buena semana!! &nbsp;<\/p>\n","protected":false},"author":41,"featured_media":3051,"comment_status":"open","ping_status":"open","sticky":false,"template":"","format":"standard","meta":{"footnotes":"","_links_to":"","_links_to_target":""},"categories":[12],"tags":[],"class_list":["post-5060","post","type-post","status-publish","format-standard","has-post-thumbnail","hentry","category-concursos"],"_links":{"self":[{"href":"https:\/\/www.huelvaysusfotografos.com\/index.php?rest_route=\/wp\/v2\/posts\/5060","targetHints":{"allow":["GET"]}}],"collection":[{"href":"https:\/\/www.huelvaysusfotografos.com\/index.php?rest_route=\/wp\/v2\/posts"}],"about":[{"href":"https:\/\/www.huelvaysusfotografos.com\/index.php?rest_route=\/wp\/v2\/types\/post"}],"author":[{"embeddable":true,"href":"https:\/\/www.huelvaysusfotografos.com\/index.php?rest_route=\/wp\/v2\/users\/41"}],"replies":[{"embeddable":true,"href":"https:\/\/www.huelvaysusfotografos.com\/index.php?rest_route=%2Fwp%2Fv2%2Fcomments&post=5060"}],"version-history":[{"count":1,"href":"https:\/\/www.huelvaysusfotografos.com\/index.php?rest_route=\/wp\/v2\/posts\/5060\/revisions"}],"predecessor-version":[{"id":5063,"href":"https:\/\/www.huelvaysusfotografos.com\/index.php?rest_route=\/wp\/v2\/posts\/5060\/revisions\/5063"}],"wp:featuredmedia":[{"embeddable":true,"href":"https:\/\/www.huelvaysusfotografos.com\/index.php?rest_route=\/wp\/v2\/media\/3051"}],"wp:attachment":[{"href":"https:\/\/www.huelvaysusfotografos.com\/index.php?rest_route=%2Fwp%2Fv2%2Fmedia&parent=5060"}],"wp:term":[{"taxonomy":"category","embeddable":true,"href":"https:\/\/www.huelvaysusfotografos.com\/index.php?rest_route=%2Fwp%2Fv2%2Fcategories&post=5060"},{"taxonomy":"post_tag","embeddable":true,"href":"https:\/\/www.huelvaysusfotografos.com\/index.php?rest_route=%2Fwp%2Fv2%2Ftags&post=5060"}],"curies":[{"name":"wp","href":"https:\/\/api.w.org\/{rel}","templated":true}]}}