{"id":5057,"date":"2017-02-15T22:14:30","date_gmt":"2017-02-15T21:14:30","guid":{"rendered":"http:\/\/www.huelvaysusfotografos.com\/?p=5057"},"modified":"2017-02-15T22:14:48","modified_gmt":"2017-02-15T21:14:48","slug":"iniciamos-taller-redes-sociales","status":"publish","type":"post","link":"https:\/\/www.huelvaysusfotografos.com\/?p=5057","title":{"rendered":"INICIAMOS TALLER REDES SOCIALES"},"content":{"rendered":"<p><a href=\"https:\/\/www.huelvaysusfotografos.com\/wp-content\/uploads\/2017\/02\/Taller-Redes-Sociales-FOTO-Rafael-Llanes.jpg\" rel=\"attachment wp-att-5058\"><img loading=\"lazy\" decoding=\"async\" width=\"300\" height=\"169\" class=\"aligncenter size-medium wp-image-5058\" src=\"https:\/\/www.huelvaysusfotografos.com\/wp-content\/uploads\/2017\/02\/Taller-Redes-Sociales-FOTO-Rafael-Llanes-300x169.jpg\" alt=\"Taller Redes Sociales FOTO Rafael Llanes\" srcset=\"https:\/\/www.huelvaysusfotografos.com\/wp-content\/uploads\/2017\/02\/Taller-Redes-Sociales-FOTO-Rafael-Llanes-300x169.jpg 300w, https:\/\/www.huelvaysusfotografos.com\/wp-content\/uploads\/2017\/02\/Taller-Redes-Sociales-FOTO-Rafael-Llanes-1024x576.jpg 1024w, https:\/\/www.huelvaysusfotografos.com\/wp-content\/uploads\/2017\/02\/Taller-Redes-Sociales-FOTO-Rafael-Llanes-768x432.jpg 768w, https:\/\/www.huelvaysusfotografos.com\/wp-content\/uploads\/2017\/02\/Taller-Redes-Sociales-FOTO-Rafael-Llanes-620x350.jpg 620w, https:\/\/www.huelvaysusfotografos.com\/wp-content\/uploads\/2017\/02\/Taller-Redes-Sociales-FOTO-Rafael-Llanes.jpg 1440w\" sizes=\"auto, (max-width: 300px) 100vw, 300px\" \/><\/a><\/p>\n<h6 style=\"text-align: center;\"><em>Foto: Rafael Llanes<\/em><\/h6>\n<p>Tal como estaba previsto, hoy 15 y ma\u00f1ana 16 de febrero, desarrollamos el Taller B\u00e1sico de Redes Sociales en Internet, de la mano del profe Enrique Jerez, y con la gentil colaboraci\u00f3n de Fundaci\u00f3n Cajasol Huelva.<\/p>\n<p>Un total de 13 participantes sabr\u00e1n algo m\u00e1s sobre el uso responsable de algunas de las redes sociales m\u00e1s conocidas (tambi\u00e9n la m\u00e1s usadas desde nuestra asociaci\u00f3n) y el manejo de algunas opciones b\u00e1sicas para compartir informaci\u00f3n entre internautas. Todo un apasionante mundo que situar\u00e1 a los asistentes en un punto de vista diferente al hasta ahora.<\/p>\n<p>Deseamos que el taller sea provechoso para todos. \u00c1nimos!!<\/p>\n","protected":false},"excerpt":{"rendered":"<p>Foto: Rafael Llanes Tal como estaba previsto, hoy 15 y ma\u00f1ana 16 de febrero, desarrollamos el Taller B\u00e1sico de Redes Sociales en Internet, de la mano del profe Enrique Jerez, y con la gentil colaboraci\u00f3n de Fundaci\u00f3n Cajasol Huelva. Un total de 13 participantes sabr\u00e1n algo m\u00e1s sobre el uso responsable de algunas de las redes sociales m\u00e1s conocidas (tambi\u00e9n la m\u00e1s usadas desde nuestra asociaci\u00f3n) y el manejo de<\/p>\n<div class=\"belowpost\"><a class=\"btnmore\" href=\"https:\/\/www.huelvaysusfotografos.com\/?p=5057\">Seguir leyendo<\/a><\/div>\n","protected":false},"author":41,"featured_media":5058,"comment_status":"open","ping_status":"open","sticky":false,"template":"","format":"standard","meta":{"footnotes":"","_links_to":"","_links_to_target":""},"categories":[3],"tags":[],"class_list":["post-5057","post","type-post","status-publish","format-standard","has-post-thumbnail","hentry","category-noticias"],"_links":{"self":[{"href":"https:\/\/www.huelvaysusfotografos.com\/index.php?rest_route=\/wp\/v2\/posts\/5057","targetHints":{"allow":["GET"]}}],"collection":[{"href":"https:\/\/www.huelvaysusfotografos.com\/index.php?rest_route=\/wp\/v2\/posts"}],"about":[{"href":"https:\/\/www.huelvaysusfotografos.com\/index.php?rest_route=\/wp\/v2\/types\/post"}],"author":[{"embeddable":true,"href":"https:\/\/www.huelvaysusfotografos.com\/index.php?rest_route=\/wp\/v2\/users\/41"}],"replies":[{"embeddable":true,"href":"https:\/\/www.huelvaysusfotografos.com\/index.php?rest_route=%2Fwp%2Fv2%2Fcomments&post=5057"}],"version-history":[{"count":1,"href":"https:\/\/www.huelvaysusfotografos.com\/index.php?rest_route=\/wp\/v2\/posts\/5057\/revisions"}],"predecessor-version":[{"id":5059,"href":"https:\/\/www.huelvaysusfotografos.com\/index.php?rest_route=\/wp\/v2\/posts\/5057\/revisions\/5059"}],"wp:featuredmedia":[{"embeddable":true,"href":"https:\/\/www.huelvaysusfotografos.com\/index.php?rest_route=\/wp\/v2\/media\/5058"}],"wp:attachment":[{"href":"https:\/\/www.huelvaysusfotografos.com\/index.php?rest_route=%2Fwp%2Fv2%2Fmedia&parent=5057"}],"wp:term":[{"taxonomy":"category","embeddable":true,"href":"https:\/\/www.huelvaysusfotografos.com\/index.php?rest_route=%2Fwp%2Fv2%2Fcategories&post=5057"},{"taxonomy":"post_tag","embeddable":true,"href":"https:\/\/www.huelvaysusfotografos.com\/index.php?rest_route=%2Fwp%2Fv2%2Ftags&post=5057"}],"curies":[{"name":"wp","href":"https:\/\/api.w.org\/{rel}","templated":true}]}}