{"id":5042,"date":"2017-02-03T17:38:09","date_gmt":"2017-02-03T16:38:09","guid":{"rendered":"http:\/\/www.huelvaysusfotografos.com\/?p=5042"},"modified":"2017-02-03T17:44:25","modified_gmt":"2017-02-03T16:44:25","slug":"una-particular-forma-de-abordar-la-fotografia-garcia-de-marina","status":"publish","type":"post","link":"https:\/\/www.huelvaysusfotografos.com\/?p=5042","title":{"rendered":"Una particular forma de abordar la fotograf\u00eda: Garc\u00eda de Marina"},"content":{"rendered":"<p>&nbsp;<\/p>\n<p style=\"text-align: justify;\">Hemos querido destacar este mes, el ingenioso y creativo trabajo de Garc\u00eda de Marina. Le invitamos a participar en una entrevista que estamos realizando a diferentes profesionales de la imagen (nacionales e internacionales) y accedi\u00f3 gratamente a responder a nuestras cuestiones. Os dejamos (sin preguntas) el texto \u00edntegro que nos remiti\u00f3 para que todos aprendamos un poco m\u00e1s sobre el apasionante mundo de la fotograf\u00eda.<\/p>\n<p style=\"text-align: justify;\">Mi nombre es Jes\u00fas, pero utilizo mi apellido como nombre de autor, Garc\u00eda de Marina<\/p>\n<p style=\"text-align: justify;\">Comienzo de una forma muy fortuita, ya que en mi familia no hab\u00eda nadie que tuviese inter\u00e9s por la fotograf\u00eda. En el a\u00f1o 2010 compr\u00e9 mi primera c\u00e1mara r\u00e9flex, pienso que fue al ver a mucha gente por mi ciudad con c\u00e1maras. Ya desde el primer momento ve\u00eda m\u00e1gico poder capturar un instante a mi antojo.\u00a0En los inicios trataba de conseguir fotograf\u00edas que sugiriesen un peque\u00f1o juego, una peque\u00f1a sorpresa que se encontrase el espectador, forzando encuadres, jugando con reflejos, etc..<\/p>\n<p style=\"text-align: justify;\">Desde el a\u00f1o 2012 me he centrado s\u00f3lo\u00a0en la fotograf\u00eda con el objeto como medio de expresi\u00f3n. Siempre tuve una especial inquietud por la publicidad, de c\u00f3mo una marca transmit\u00eda un mensaje o utilizaba la ret\u00f3rica para contar una historia con su producto.<\/p>\n<p style=\"text-align: justify;\">Mi historia comenz\u00f3 en las redes sociales, donde comenc\u00e9 a dar\u00a0a conocer mi trabajo y donde mantengo contacto con mis seguidores.\u00a0Fue 2012 cuando realic\u00e9 mi primera exposici\u00f3n individual \u00abInusitada Realidad\u00bb, y desde entonces\u00a0he realizado otras tres m\u00e1s. Tambi\u00e9n he participado en varias exposiciones y Ferias de Arte. Actualmente estoy representado por tres Galer\u00edas de Arte en el mundo.<\/p>\n<p style=\"text-align: justify;\">Comenc\u00e9 con una Nikon D90 y un objetivo Tamron 17-50mm, aunque ahora\u00a0utilizo una Nikon D800 y dos objetivos, un 50 mm 1.8 y un Tamron 90 mm.<\/p>\n<p style=\"text-align: justify;\">Para mi lo b\u00e1sico es un fondo de un color neutro que mejor se adapte al color y caracter\u00edsticas del objeto, y una luz suave natural. Resido en Asturias, as\u00ed que la luz suave de d\u00edas nublados es la m\u00e1s id\u00f3nea, aunque en algunos\u00a0casos por las necesidades de una correcta imagen he usado luz artificial tambi\u00e9n. Trato de utilizar los m\u00ednimos elementos posibles para llevar a cabo las composiciones, as\u00ed que en la gran mayor\u00eda de los casos, es la c\u00e1mara y el objeto.<\/p>\n<p style=\"text-align: justify;\">Soy muy meticuloso y autoexigente en el trabajo. Las cosas siempre tienen que estar en su lugar antes de ser fotografiadas, y sino, repito la toma hasta que consigo lo que quiero.<\/p>\n<p style=\"text-align: justify;\"><a href=\"https:\/\/www.huelvaysusfotografos.com\/wp-content\/uploads\/2017\/02\/Garc\u00edadeMarina2.jpg\" rel=\"attachment wp-att-5044\"><img loading=\"lazy\" decoding=\"async\" width=\"300\" height=\"200\" class=\"aligncenter size-medium wp-image-5044\" src=\"https:\/\/www.huelvaysusfotografos.com\/wp-content\/uploads\/2017\/02\/Garc\u00edadeMarina2-300x200.jpg\" alt=\"Garc\u00edadeMarina2\" srcset=\"https:\/\/www.huelvaysusfotografos.com\/wp-content\/uploads\/2017\/02\/Garc\u00edadeMarina2-300x200.jpg 300w, https:\/\/www.huelvaysusfotografos.com\/wp-content\/uploads\/2017\/02\/Garc\u00edadeMarina2-120x80.jpg 120w, https:\/\/www.huelvaysusfotografos.com\/wp-content\/uploads\/2017\/02\/Garc\u00edadeMarina2.jpg 700w\" sizes=\"auto, (max-width: 300px) 100vw, 300px\" \/><\/a><\/p>\n<p style=\"text-align: justify;\">Para trabajar el proceso creativo, b\u00e1sicamente trabajo con las anotaciones y los dibujos. Tomo nota de todo aquello que me rodea y me llama la atenci\u00f3n, y poco a poco van surgiendo im\u00e1genes a base de relacionar cosas que he visto\u00a0con elementos que me imagino.<\/p>\n<p style=\"text-align: justify;\">Hace tiempo que he comenzado a dar talleres sobre creatividad, donde adem\u00e1s de mostrar mi obra y hablar de c\u00f3mo llegu\u00e9 al mundo del objeto, comparto algunos ejercicios y t\u00e9cnicas para desarrollar y potenciar la\u00a0creatividad.<\/p>\n<p style=\"text-align: justify;\">Actualmente la salida \u00a0que tienen mis fotograf\u00edas, son por el trabajo que realizan las Galer\u00edas de Arte que me representan.<\/p>\n<p style=\"text-align: justify;\">Pretendo una reflexi\u00f3n, un juego de interacci\u00f3n visual entre autor-espectador. Una invitaci\u00f3n\u00a0para el\u00a0que el que visione las fotograf\u00edas pueda rebuscar en sus recuerdos, y asociar instantes de su vida\u00a0a\u00a0las met\u00e1foras y elementos ling\u00fc\u00edsticos\u00a0que se encuentran en las im\u00e1genes.<\/p>\n<p style=\"text-align: justify;\">Considero que la cultura del pa\u00eds es fundamental en la salida de una imagen u otra. Hay im\u00e1genes que funcionan mejor en unos lugares que en otros, y han sido publicadas en varios medios y revistas fotogr\u00e1ficas internacionales.<\/p>\n<p style=\"text-align: justify;\">Por supuesto este estilo no lo he creado yo. Grandes autores a lo largo de la historia se han expresado a trav\u00e9s del objeto, tanto en fotograf\u00eda, como en videoarte, en pintura, en poes\u00eda, en instalaci\u00f3n etc&#8230; El primer detonante fue conocer el trabajo del ilustrador Kevin Van Aeslt y de la fot\u00f3grafa Nancy Fouts. Posteriormente y de forma muy r\u00e1pida te das cuenta que otros autores han explorado este mundo dando su particular versi\u00f3n, conociendo a maestros como Joan Brossa, Chema Madoz,\u00a0Man Ray, Jacques Carelman,\u00a0o\u00a0\u00a0Isidro Ferrer. Actualmente estoy participando en una exposici\u00f3n sobre la Historia de la Poes\u00eda Visual en Espa\u00f1a, en el Museo de Arte Contempor\u00e1neo de Castilla y Le\u00f3n, donde 90 autores damos nuestra visi\u00f3n sobre la poes\u00eda.\u00a0Es una muy buena colecci\u00f3n para ver y entender\u00a0el antes y el ahora de c\u00f3mo los autores trabajaban y trabajan\u00a0el objeto.<\/p>\n<p style=\"text-align: justify;\">Pienso que mi inspiraci\u00f3n viene de la observaci\u00f3n. De ni\u00f1o era muy curioso y observador, y eso con los a\u00f1os se ha ido acentuando. Imagino que estar alerta en todo momento a las cosas que te suceden alrededor es mi mayor\u00a0fuente de inspiraci\u00f3n.<\/p>\n<p style=\"text-align: justify;\"><a href=\"https:\/\/www.huelvaysusfotografos.com\/wp-content\/uploads\/2017\/02\/Garc\u00edadeMarina1.jpg\" rel=\"attachment wp-att-5043\"><img loading=\"lazy\" decoding=\"async\" width=\"300\" height=\"200\" class=\"aligncenter size-medium wp-image-5043\" src=\"https:\/\/www.huelvaysusfotografos.com\/wp-content\/uploads\/2017\/02\/Garc\u00edadeMarina1-300x200.jpg\" alt=\"Garc\u00edadeMarina1\" srcset=\"https:\/\/www.huelvaysusfotografos.com\/wp-content\/uploads\/2017\/02\/Garc\u00edadeMarina1-300x200.jpg 300w, https:\/\/www.huelvaysusfotografos.com\/wp-content\/uploads\/2017\/02\/Garc\u00edadeMarina1-120x80.jpg 120w, https:\/\/www.huelvaysusfotografos.com\/wp-content\/uploads\/2017\/02\/Garc\u00edadeMarina1.jpg 700w\" sizes=\"auto, (max-width: 300px) 100vw, 300px\" \/><\/a><\/p>\n<p style=\"text-align: justify;\">Mi formaci\u00f3n ha sido autodidacta, gracias al curso que Jos\u00e9 B. Ru\u00edz realiz\u00f3 y coordin\u00f3 \u00abUn a\u00f1o de fotograf\u00eda\u00bb. Su forma de hacer y transmitir, puso una semillita en mi que se transform\u00f3 en pasi\u00f3n, para continuar aprendiendo y experimentando. Las ganas de aprender y experimentar, entender c\u00f3mo funciona mi proceso creativo,\u00a0hace que las cosas vayan saliendo adelante con un discurso m\u00e1s complejo y elaborado.<\/p>\n<p style=\"text-align: justify;\">En cuanto a las redes sociales en Internet, opino que est\u00e1n bien para darte a conocer, yo as\u00ed lo he hecho, pero creo que llega un momento que tambi\u00e9n se deben buscar otras v\u00edas para difundirlo, aunque tambi\u00e9n depende de los prop\u00f3sitos que pretendas conseguir. En mi caso,\u00a0tambi\u00e9n he diversificado en la participaci\u00f3n en Festivales internacionales de Fotograf\u00eda o en publicaciones extranjeras, por ejemplo.<\/p>\n<p style=\"text-align: justify;\">Muchas gracias por tu tiempo y te deseamos, desde la Asociaci\u00f3n Huelva y sus Fot\u00f3grafos\u00bb que contin\u00faes cosechando tantos o m\u00e1s \u00e9xitos como hasta ahora. Suerte!!<\/p>\n","protected":false},"excerpt":{"rendered":"<p>&nbsp; Hemos querido destacar este mes, el ingenioso y creativo trabajo de Garc\u00eda de Marina. Le invitamos a participar en una entrevista que estamos realizando a diferentes profesionales de la imagen (nacionales e internacionales) y accedi\u00f3 gratamente a responder a nuestras cuestiones. Os dejamos (sin preguntas) el texto \u00edntegro que nos remiti\u00f3 para que todos aprendamos un poco m\u00e1s sobre el apasionante mundo de la fotograf\u00eda. Mi nombre es Jes\u00fas,<\/p>\n<div class=\"belowpost\"><a class=\"btnmore\" href=\"https:\/\/www.huelvaysusfotografos.com\/?p=5042\">Seguir leyendo<\/a><\/div>\n","protected":false},"author":41,"featured_media":5043,"comment_status":"open","ping_status":"open","sticky":false,"template":"","format":"standard","meta":{"footnotes":"","_links_to":"","_links_to_target":""},"categories":[79],"tags":[],"class_list":["post-5042","post","type-post","status-publish","format-standard","has-post-thumbnail","hentry","category-entrevistas"],"_links":{"self":[{"href":"https:\/\/www.huelvaysusfotografos.com\/index.php?rest_route=\/wp\/v2\/posts\/5042","targetHints":{"allow":["GET"]}}],"collection":[{"href":"https:\/\/www.huelvaysusfotografos.com\/index.php?rest_route=\/wp\/v2\/posts"}],"about":[{"href":"https:\/\/www.huelvaysusfotografos.com\/index.php?rest_route=\/wp\/v2\/types\/post"}],"author":[{"embeddable":true,"href":"https:\/\/www.huelvaysusfotografos.com\/index.php?rest_route=\/wp\/v2\/users\/41"}],"replies":[{"embeddable":true,"href":"https:\/\/www.huelvaysusfotografos.com\/index.php?rest_route=%2Fwp%2Fv2%2Fcomments&post=5042"}],"version-history":[{"count":4,"href":"https:\/\/www.huelvaysusfotografos.com\/index.php?rest_route=\/wp\/v2\/posts\/5042\/revisions"}],"predecessor-version":[{"id":5048,"href":"https:\/\/www.huelvaysusfotografos.com\/index.php?rest_route=\/wp\/v2\/posts\/5042\/revisions\/5048"}],"wp:featuredmedia":[{"embeddable":true,"href":"https:\/\/www.huelvaysusfotografos.com\/index.php?rest_route=\/wp\/v2\/media\/5043"}],"wp:attachment":[{"href":"https:\/\/www.huelvaysusfotografos.com\/index.php?rest_route=%2Fwp%2Fv2%2Fmedia&parent=5042"}],"wp:term":[{"taxonomy":"category","embeddable":true,"href":"https:\/\/www.huelvaysusfotografos.com\/index.php?rest_route=%2Fwp%2Fv2%2Fcategories&post=5042"},{"taxonomy":"post_tag","embeddable":true,"href":"https:\/\/www.huelvaysusfotografos.com\/index.php?rest_route=%2Fwp%2Fv2%2Ftags&post=5042"}],"curies":[{"name":"wp","href":"https:\/\/api.w.org\/{rel}","templated":true}]}}