{"id":5038,"date":"2017-01-31T17:46:56","date_gmt":"2017-01-31T16:46:56","guid":{"rendered":"http:\/\/www.huelvaysusfotografos.com\/?p=5038"},"modified":"2017-01-31T17:46:56","modified_gmt":"2017-01-31T16:46:56","slug":"taller-basico-en-redes-sociales-en-internet","status":"publish","type":"post","link":"https:\/\/www.huelvaysusfotografos.com\/?p=5038","title":{"rendered":"Taller B\u00e1sico en Redes Sociales en Internet"},"content":{"rendered":"<p>Desde\u00a0la Asociaci\u00f3n \u00abHuelva y sus Fot\u00f3grafos, nos aventuramos en una nueva actividad formativa. Ser\u00e1 los d\u00edas 15 y 16 de febrero en horario de tarde, de 19.30 a 21.30 h. El taller b\u00e1sico de redes sociales en Internet es gratuito pero necesita inscripci\u00f3n previa ya que las plazas son limitadas.<\/p>\n<p>Lo impartir\u00e1 nuestro socio Enrique Jerez y nos ense\u00f1ar\u00e1 sobre este actual mundo de las redes sociales, haciendo hincapi\u00e9 en Facebook, Flickr y WhatsApp. No te lo pierdas.<\/p>\n<p>Aprovechamos para dar las gracias a Fundaci\u00f3n Cajasol por su inestimable colaboraci\u00f3n (el taller se desarrollar\u00e1 en el Aula Zenobia Camprub\u00ed de Cajasol, en C\/Puerto 10- 4\u00aa planta). Interesados\/as mandar sus datos personales a huelvaysf@gmail.com<\/p>\n<p><img loading=\"lazy\" decoding=\"async\" width=\"217\" height=\"300\" class=\"aligncenter size-medium wp-image-5039\" src=\"https:\/\/www.huelvaysusfotografos.com\/wp-content\/uploads\/2017\/01\/Taller-Redes-Sociales-217x300.jpg\" alt=\"Taller Redes Sociales\" srcset=\"https:\/\/www.huelvaysusfotografos.com\/wp-content\/uploads\/2017\/01\/Taller-Redes-Sociales-217x300.jpg 217w, https:\/\/www.huelvaysusfotografos.com\/wp-content\/uploads\/2017\/01\/Taller-Redes-Sociales-741x1024.jpg 741w, https:\/\/www.huelvaysusfotografos.com\/wp-content\/uploads\/2017\/01\/Taller-Redes-Sociales-768x1061.jpg 768w, https:\/\/www.huelvaysusfotografos.com\/wp-content\/uploads\/2017\/01\/Taller-Redes-Sociales-1112x1536.jpg 1112w, https:\/\/www.huelvaysusfotografos.com\/wp-content\/uploads\/2017\/01\/Taller-Redes-Sociales-1483x2048.jpg 1483w, https:\/\/www.huelvaysusfotografos.com\/wp-content\/uploads\/2017\/01\/Taller-Redes-Sociales-scaled.jpg 1854w\" sizes=\"auto, (max-width: 217px) 100vw, 217px\" \/><\/p>\n","protected":false},"excerpt":{"rendered":"<p>Desde\u00a0la Asociaci\u00f3n \u00abHuelva y sus Fot\u00f3grafos, nos aventuramos en una nueva actividad formativa. Ser\u00e1 los d\u00edas 15 y 16 de febrero en horario de tarde, de 19.30 a 21.30 h. El taller b\u00e1sico de redes sociales en Internet es gratuito pero necesita inscripci\u00f3n previa ya que las plazas son limitadas. Lo impartir\u00e1 nuestro socio Enrique Jerez y nos ense\u00f1ar\u00e1 sobre este actual mundo de las redes sociales, haciendo hincapi\u00e9 en<\/p>\n<div class=\"belowpost\"><a class=\"btnmore\" href=\"https:\/\/www.huelvaysusfotografos.com\/?p=5038\">Seguir leyendo<\/a><\/div>\n","protected":false},"author":41,"featured_media":5040,"comment_status":"open","ping_status":"open","sticky":false,"template":"","format":"standard","meta":{"footnotes":"","_links_to":"","_links_to_target":""},"categories":[14],"tags":[],"class_list":["post-5038","post","type-post","status-publish","format-standard","has-post-thumbnail","hentry","category-cursos"],"_links":{"self":[{"href":"https:\/\/www.huelvaysusfotografos.com\/index.php?rest_route=\/wp\/v2\/posts\/5038","targetHints":{"allow":["GET"]}}],"collection":[{"href":"https:\/\/www.huelvaysusfotografos.com\/index.php?rest_route=\/wp\/v2\/posts"}],"about":[{"href":"https:\/\/www.huelvaysusfotografos.com\/index.php?rest_route=\/wp\/v2\/types\/post"}],"author":[{"embeddable":true,"href":"https:\/\/www.huelvaysusfotografos.com\/index.php?rest_route=\/wp\/v2\/users\/41"}],"replies":[{"embeddable":true,"href":"https:\/\/www.huelvaysusfotografos.com\/index.php?rest_route=%2Fwp%2Fv2%2Fcomments&post=5038"}],"version-history":[{"count":1,"href":"https:\/\/www.huelvaysusfotografos.com\/index.php?rest_route=\/wp\/v2\/posts\/5038\/revisions"}],"predecessor-version":[{"id":5041,"href":"https:\/\/www.huelvaysusfotografos.com\/index.php?rest_route=\/wp\/v2\/posts\/5038\/revisions\/5041"}],"wp:featuredmedia":[{"embeddable":true,"href":"https:\/\/www.huelvaysusfotografos.com\/index.php?rest_route=\/wp\/v2\/media\/5040"}],"wp:attachment":[{"href":"https:\/\/www.huelvaysusfotografos.com\/index.php?rest_route=%2Fwp%2Fv2%2Fmedia&parent=5038"}],"wp:term":[{"taxonomy":"category","embeddable":true,"href":"https:\/\/www.huelvaysusfotografos.com\/index.php?rest_route=%2Fwp%2Fv2%2Fcategories&post=5038"},{"taxonomy":"post_tag","embeddable":true,"href":"https:\/\/www.huelvaysusfotografos.com\/index.php?rest_route=%2Fwp%2Fv2%2Ftags&post=5038"}],"curies":[{"name":"wp","href":"https:\/\/api.w.org\/{rel}","templated":true}]}}