{"id":5020,"date":"2017-01-20T21:18:44","date_gmt":"2017-01-20T20:18:44","guid":{"rendered":"http:\/\/www.huelvaysusfotografos.com\/?p=5020"},"modified":"2017-01-20T21:20:16","modified_gmt":"2017-01-20T20:20:16","slug":"exposicion-en-las-fiestas-patronales-de-san-sebastian","status":"publish","type":"post","link":"https:\/\/www.huelvaysusfotografos.com\/?p=5020","title":{"rendered":"Exposici\u00f3n en las Fiestas Patronales de San Sebasti\u00e1n"},"content":{"rendered":"<p>Hoy 20 de enero hemos estado presente en el acto de apertura de la Carpa de la Asociaci\u00f3n de Vecinos de San Sebasti\u00e1n, para inaugurar a nuestra manera la Exposici\u00f3n Fotogr\u00e1fica en el marco de las Fiestas Patronales de San Sebasti\u00e1n 2017.<\/p>\n<p><a href=\"https:\/\/www.huelvaysusfotografos.com\/wp-content\/uploads\/2017\/01\/IMG_6292.jpg\" rel=\"attachment wp-att-5022\"><img loading=\"lazy\" decoding=\"async\" width=\"300\" height=\"225\" class=\"aligncenter size-medium wp-image-5022\" src=\"https:\/\/www.huelvaysusfotografos.com\/wp-content\/uploads\/2017\/01\/IMG_6292-300x225.jpg\" alt=\"IMG_6292\" srcset=\"https:\/\/www.huelvaysusfotografos.com\/wp-content\/uploads\/2017\/01\/IMG_6292-300x225.jpg 300w, https:\/\/www.huelvaysusfotografos.com\/wp-content\/uploads\/2017\/01\/IMG_6292-1024x768.jpg 1024w, https:\/\/www.huelvaysusfotografos.com\/wp-content\/uploads\/2017\/01\/IMG_6292-768x576.jpg 768w, https:\/\/www.huelvaysusfotografos.com\/wp-content\/uploads\/2017\/01\/IMG_6292-1536x1152.jpg 1536w, https:\/\/www.huelvaysusfotografos.com\/wp-content\/uploads\/2017\/01\/IMG_6292-2048x1536.jpg 2048w, https:\/\/www.huelvaysusfotografos.com\/wp-content\/uploads\/2017\/01\/IMG_6292-160x120.jpg 160w\" sizes=\"auto, (max-width: 300px) 100vw, 300px\" \/><\/a><\/p>\n<p><a href=\"https:\/\/www.huelvaysusfotografos.com\/wp-content\/uploads\/2017\/01\/IMG_6293.jpg\" rel=\"attachment wp-att-5023\"><img loading=\"lazy\" decoding=\"async\" width=\"300\" height=\"225\" class=\"aligncenter size-medium wp-image-5023\" src=\"https:\/\/www.huelvaysusfotografos.com\/wp-content\/uploads\/2017\/01\/IMG_6293-300x225.jpg\" alt=\"IMG_6293\" srcset=\"https:\/\/www.huelvaysusfotografos.com\/wp-content\/uploads\/2017\/01\/IMG_6293-300x225.jpg 300w, https:\/\/www.huelvaysusfotografos.com\/wp-content\/uploads\/2017\/01\/IMG_6293-1024x768.jpg 1024w, https:\/\/www.huelvaysusfotografos.com\/wp-content\/uploads\/2017\/01\/IMG_6293-768x576.jpg 768w, https:\/\/www.huelvaysusfotografos.com\/wp-content\/uploads\/2017\/01\/IMG_6293-1536x1152.jpg 1536w, https:\/\/www.huelvaysusfotografos.com\/wp-content\/uploads\/2017\/01\/IMG_6293-2048x1536.jpg 2048w, https:\/\/www.huelvaysusfotografos.com\/wp-content\/uploads\/2017\/01\/IMG_6293-160x120.jpg 160w\" sizes=\"auto, (max-width: 300px) 100vw, 300px\" \/><\/a><\/p>\n<p><a href=\"https:\/\/www.huelvaysusfotografos.com\/wp-content\/uploads\/2017\/01\/IMG_6332.jpg\" rel=\"attachment wp-att-5024\"><img decoding=\"async\" class=\"aligncenter size-medium wp-image-5024\" src=\"https:\/\/www.huelvaysusfotografos.com\/wp-content\/uploads\/2017\/01\/IMG_6332-300x225.jpg\" alt=\"IMG_6332\" \/><\/a><\/p>\n<p>&nbsp;<\/p>\n<p>La muestra podr\u00e1 visitarse hasta el 22 de enero en la Carpa situada junto a la Ermita de la Soledad de nuestra ciudad.<\/p>\n<p>Enhorabuena a nuestros\/as socios\/as&#8230; y a seguir con esta afici\u00f3n!!<\/p>\n","protected":false},"excerpt":{"rendered":"<p>Hoy 20 de enero hemos estado presente en el acto de apertura de la Carpa de la Asociaci\u00f3n de Vecinos de San Sebasti\u00e1n, para inaugurar a nuestra manera la Exposici\u00f3n Fotogr\u00e1fica en el marco de las Fiestas Patronales de San Sebasti\u00e1n 2017. &nbsp; La muestra podr\u00e1 visitarse hasta el 22 de enero en la Carpa situada junto a la Ermita de la Soledad de nuestra ciudad. Enhorabuena a nuestros\/as socios\/as&#8230;<\/p>\n<div class=\"belowpost\"><a class=\"btnmore\" href=\"https:\/\/www.huelvaysusfotografos.com\/?p=5020\">Seguir leyendo<\/a><\/div>\n","protected":false},"author":41,"featured_media":5024,"comment_status":"open","ping_status":"open","sticky":false,"template":"","format":"standard","meta":{"footnotes":"","_links_to":"","_links_to_target":""},"categories":[23],"tags":[],"class_list":["post-5020","post","type-post","status-publish","format-standard","has-post-thumbnail","hentry","category-exposiciones"],"_links":{"self":[{"href":"https:\/\/www.huelvaysusfotografos.com\/index.php?rest_route=\/wp\/v2\/posts\/5020","targetHints":{"allow":["GET"]}}],"collection":[{"href":"https:\/\/www.huelvaysusfotografos.com\/index.php?rest_route=\/wp\/v2\/posts"}],"about":[{"href":"https:\/\/www.huelvaysusfotografos.com\/index.php?rest_route=\/wp\/v2\/types\/post"}],"author":[{"embeddable":true,"href":"https:\/\/www.huelvaysusfotografos.com\/index.php?rest_route=\/wp\/v2\/users\/41"}],"replies":[{"embeddable":true,"href":"https:\/\/www.huelvaysusfotografos.com\/index.php?rest_route=%2Fwp%2Fv2%2Fcomments&post=5020"}],"version-history":[{"count":1,"href":"https:\/\/www.huelvaysusfotografos.com\/index.php?rest_route=\/wp\/v2\/posts\/5020\/revisions"}],"predecessor-version":[{"id":5025,"href":"https:\/\/www.huelvaysusfotografos.com\/index.php?rest_route=\/wp\/v2\/posts\/5020\/revisions\/5025"}],"wp:featuredmedia":[{"embeddable":true,"href":"https:\/\/www.huelvaysusfotografos.com\/index.php?rest_route=\/wp\/v2\/media\/5024"}],"wp:attachment":[{"href":"https:\/\/www.huelvaysusfotografos.com\/index.php?rest_route=%2Fwp%2Fv2%2Fmedia&parent=5020"}],"wp:term":[{"taxonomy":"category","embeddable":true,"href":"https:\/\/www.huelvaysusfotografos.com\/index.php?rest_route=%2Fwp%2Fv2%2Fcategories&post=5020"},{"taxonomy":"post_tag","embeddable":true,"href":"https:\/\/www.huelvaysusfotografos.com\/index.php?rest_route=%2Fwp%2Fv2%2Ftags&post=5020"}],"curies":[{"name":"wp","href":"https:\/\/api.w.org\/{rel}","templated":true}]}}