{"id":5013,"date":"2017-01-17T22:04:31","date_gmt":"2017-01-17T21:04:31","guid":{"rendered":"http:\/\/www.huelvaysusfotografos.com\/?p=5013"},"modified":"2017-02-21T20:30:58","modified_gmt":"2017-02-21T19:30:58","slug":"salida-fotografica-para-el-28-de-enero","status":"publish","type":"post","link":"https:\/\/www.huelvaysusfotografos.com\/?p=5013","title":{"rendered":"Salida Fotogr\u00e1fica para el 28 de enero"},"content":{"rendered":"<div style=\"text-align: justify;\"><a href=\"https:\/\/www.huelvaysusfotografos.com\/wp-content\/uploads\/2017\/01\/grupo-Berrocal-enero-2017.jpg\" rel=\"attachment wp-att-5031\"><br \/>\n<\/a>Imparables!! Nuestra asociaci\u00f3n HUELVA Y SUS FOT\u00d3GRAFOS, y de la mano de\u00a0<a class=\"m_6579573777316182852gmail-profileLink\" href=\"https:\/\/www.facebook.com\/emilio.romeromacias\" target=\"_blank\" data-saferedirecturl=\"https:\/\/www.google.com\/url?hl=es&amp;q=https:\/\/www.facebook.com\/emilio.romeromacias&amp;source=gmail&amp;ust=1484773082368000&amp;usg=AFQjCNGkOeN3jvok9dz2pHLviffzpvBFUw\">Emilio Romero<\/a>, visitar\u00e1 la Estaci\u00f3n de Berrocal hasta el puente y el t\u00fanel del Manzano.<\/div>\n<div style=\"text-align: justify;\"><\/div>\n<div style=\"text-align: justify;\">El d\u00eda 28 de enero nos vemos!!. Una quedada fotogr\u00e1fica, un sendero f\u00e1cil, un rato de convivencia y aprendizaje, un lugar nuevo que conocer o que se vuelve a visitar&#8230;. un buen rato seguro!!<\/div>\n<div style=\"text-align: justify;\"><\/div>\n<div style=\"text-align: justify;\"><\/div>\n<div style=\"text-align: justify;\"><a href=\"https:\/\/www.huelvaysusfotografos.com\/wp-content\/uploads\/2017\/01\/Cartel-Berrocal-T\u00fanel-De-Emilio-Romero.jpg\" rel=\"attachment wp-att-5014\"><img loading=\"lazy\" decoding=\"async\" width=\"199\" height=\"300\" class=\"aligncenter size-medium wp-image-5014\" src=\"https:\/\/www.huelvaysusfotografos.com\/wp-content\/uploads\/2017\/01\/Cartel-Berrocal-T\u00fanel-De-Emilio-Romero-199x300.jpg\" alt=\"Cartel Berrocal T\u00fanel De Emilio Romero\" srcset=\"https:\/\/www.huelvaysusfotografos.com\/wp-content\/uploads\/2017\/01\/Cartel-Berrocal-T\u00fanel-De-Emilio-Romero-199x300.jpg 199w, https:\/\/www.huelvaysusfotografos.com\/wp-content\/uploads\/2017\/01\/Cartel-Berrocal-T\u00fanel-De-Emilio-Romero-678x1024.jpg 678w, https:\/\/www.huelvaysusfotografos.com\/wp-content\/uploads\/2017\/01\/Cartel-Berrocal-T\u00fanel-De-Emilio-Romero-768x1161.jpg 768w, https:\/\/www.huelvaysusfotografos.com\/wp-content\/uploads\/2017\/01\/Cartel-Berrocal-T\u00fanel-De-Emilio-Romero.jpg 847w\" sizes=\"auto, (max-width: 199px) 100vw, 199px\" \/><\/a>Nos vemos a las 8.30 h. del 28 de enero en la Gasolinera de Cepsa de la Avenida de Andaluc\u00eda<\/div>\n<div style=\"text-align: justify;\"><\/div>\n<div style=\"text-align: justify;\">No olvides llevar ropa c\u00f3moda (si sigue o viene esa esperada ola de fr\u00edo, lleva abrigo), calzado de lo mejor, ganas, algo de agua, bater\u00edas cargadas (las de la c\u00e1mara y las tuyas), tarjetas vac\u00edas, tr\u00edpode (no es imprescindible)&#8230; y la c\u00e1mara!!!<\/div>\n<div style=\"text-align: justify;\"><\/div>\n<div style=\"text-align: justify;\"><span style=\"color: #1d2129; font-family: helvetica, arial, sans-serif;\">Desayunaremos cerca de Valverde (pronto informaremos d\u00f3nde) e intentaremos almorzar juntos (tambi\u00e9n diremos d\u00f3nde, qu\u00e9 y cuanto vale)<\/span><\/div>\n<div style=\"text-align: justify;\"><span style=\"color: #1d2129; font-family: helvetica, arial, sans-serif;\">\u00a0<\/span><\/div>\n<div style=\"text-align: justify;\"><span style=\"color: #1d2129; font-family: helvetica, arial, sans-serif;\">Nuestros\/as socias\/as, por favor inscribirse en el Grupo de Socios de Facebook; los dem\u00e1s mandad un mail a huelvaysf@gmail.com. Ten\u00e9is que indicar: Nombre, si llevas veh\u00edculo propio o no (ya veremos posibilidad de hacer hueco en otros), si comes conjuntamente o no, tel\u00e9fono de contacto.<\/span><\/div>\n<div style=\"text-align: justify;\"><img loading=\"lazy\" decoding=\"async\" width=\"300\" height=\"200\" class=\"aligncenter size-medium wp-image-5031\" src=\"https:\/\/www.huelvaysusfotografos.com\/wp-content\/uploads\/2017\/01\/grupo-Berrocal-enero-2017-300x200.jpg\" alt=\"grupo Berrocal enero 2017\" srcset=\"https:\/\/www.huelvaysusfotografos.com\/wp-content\/uploads\/2017\/01\/grupo-Berrocal-enero-2017-300x200.jpg 300w, https:\/\/www.huelvaysusfotografos.com\/wp-content\/uploads\/2017\/01\/grupo-Berrocal-enero-2017-1024x683.jpg 1024w, https:\/\/www.huelvaysusfotografos.com\/wp-content\/uploads\/2017\/01\/grupo-Berrocal-enero-2017-768x512.jpg 768w, https:\/\/www.huelvaysusfotografos.com\/wp-content\/uploads\/2017\/01\/grupo-Berrocal-enero-2017-1536x1024.jpg 1536w, https:\/\/www.huelvaysusfotografos.com\/wp-content\/uploads\/2017\/01\/grupo-Berrocal-enero-2017-120x80.jpg 120w, https:\/\/www.huelvaysusfotografos.com\/wp-content\/uploads\/2017\/01\/grupo-Berrocal-enero-2017.jpg 2048w\" sizes=\"auto, (max-width: 300px) 100vw, 300px\" \/><\/div>\n<div style=\"text-align: center;\">Grupo de la ruta. Foto: Joaqu\u00edn P\u00e9rez<\/div>\n<div style=\"text-align: justify;\"><span style=\"color: #1d2129; font-family: helvetica, arial, sans-serif;\">\u00a0<\/span><\/div>\n<div style=\"text-align: justify;\"><span style=\"color: #1d2129; font-family: helvetica, arial, sans-serif;\">Gracias y animarse&#8230;. que solo hay una vida y mucho que fotografiar!!<\/span><\/div>\n<div style=\"text-align: justify;\">Fotos de este art\u00edculo: Emilio Romero<\/div>\n<div style=\"text-align: justify;\"><\/div>\n<div style=\"text-align: justify;\">El video de la salida editado por Juana Mart\u00edn<\/div>\n<div style=\"text-align: justify;\"><a href=\"https:\/\/www.youtube.com\/watch?v=SdhRFOyxXMk&amp;feature=youtu.be\">https:\/\/www.youtube.com\/watch?v=SdhRFOyxXMk&amp;feature=youtu.be\u00a0<\/a><\/div>\n<div style=\"text-align: justify;\"><\/div>\n","protected":false},"excerpt":{"rendered":"<p>Imparables!! Nuestra asociaci\u00f3n HUELVA Y SUS FOT\u00d3GRAFOS, y de la mano de\u00a0Emilio Romero, visitar\u00e1 la Estaci\u00f3n de Berrocal hasta el puente y el t\u00fanel del Manzano. El d\u00eda 28 de enero nos vemos!!. Una quedada fotogr\u00e1fica, un sendero f\u00e1cil, un rato de convivencia y aprendizaje, un lugar nuevo que conocer o que se vuelve a visitar&#8230;. un buen rato seguro!! Nos vemos a las 8.30 h. del 28 de enero<\/p>\n<div class=\"belowpost\"><a class=\"btnmore\" href=\"https:\/\/www.huelvaysusfotografos.com\/?p=5013\">Seguir leyendo<\/a><\/div>\n","protected":false},"author":41,"featured_media":5015,"comment_status":"open","ping_status":"open","sticky":false,"template":"","format":"standard","meta":{"footnotes":"","_links_to":"","_links_to_target":""},"categories":[6],"tags":[],"class_list":["post-5013","post","type-post","status-publish","format-standard","has-post-thumbnail","hentry","category-quedadas"],"_links":{"self":[{"href":"https:\/\/www.huelvaysusfotografos.com\/index.php?rest_route=\/wp\/v2\/posts\/5013","targetHints":{"allow":["GET"]}}],"collection":[{"href":"https:\/\/www.huelvaysusfotografos.com\/index.php?rest_route=\/wp\/v2\/posts"}],"about":[{"href":"https:\/\/www.huelvaysusfotografos.com\/index.php?rest_route=\/wp\/v2\/types\/post"}],"author":[{"embeddable":true,"href":"https:\/\/www.huelvaysusfotografos.com\/index.php?rest_route=\/wp\/v2\/users\/41"}],"replies":[{"embeddable":true,"href":"https:\/\/www.huelvaysusfotografos.com\/index.php?rest_route=%2Fwp%2Fv2%2Fcomments&post=5013"}],"version-history":[{"count":5,"href":"https:\/\/www.huelvaysusfotografos.com\/index.php?rest_route=\/wp\/v2\/posts\/5013\/revisions"}],"predecessor-version":[{"id":5071,"href":"https:\/\/www.huelvaysusfotografos.com\/index.php?rest_route=\/wp\/v2\/posts\/5013\/revisions\/5071"}],"wp:featuredmedia":[{"embeddable":true,"href":"https:\/\/www.huelvaysusfotografos.com\/index.php?rest_route=\/wp\/v2\/media\/5015"}],"wp:attachment":[{"href":"https:\/\/www.huelvaysusfotografos.com\/index.php?rest_route=%2Fwp%2Fv2%2Fmedia&parent=5013"}],"wp:term":[{"taxonomy":"category","embeddable":true,"href":"https:\/\/www.huelvaysusfotografos.com\/index.php?rest_route=%2Fwp%2Fv2%2Fcategories&post=5013"},{"taxonomy":"post_tag","embeddable":true,"href":"https:\/\/www.huelvaysusfotografos.com\/index.php?rest_route=%2Fwp%2Fv2%2Ftags&post=5013"}],"curies":[{"name":"wp","href":"https:\/\/api.w.org\/{rel}","templated":true}]}}