{"id":5006,"date":"2017-01-13T21:24:52","date_gmt":"2017-01-13T20:24:52","guid":{"rendered":"http:\/\/www.huelvaysusfotografos.com\/?p=5006"},"modified":"2017-01-13T21:41:59","modified_gmt":"2017-01-13T20:41:59","slug":"hysf-y-su-primera-expo-de-2017-colaboramos-con-san-sebastian","status":"publish","type":"post","link":"https:\/\/www.huelvaysusfotografos.com\/?p=5006","title":{"rendered":"HYSF y su primera expo de 2017. Colaboramos con San Sebasti\u00e1n"},"content":{"rendered":"<p style=\"text-align: justify;\">El pr\u00f3ximo dia 20 de enero por la tarde (y hasta \u00a0el 22) nuestra \u00abAsociaci\u00f3n Huelva y sus Fot\u00f3grafos\u00bb, inaugura una muestra de fotograf\u00edas en la Carpa junto a la Ermita de la Soledad, con motivo de las Fiestas Patronales de San Sebasti\u00e1n&#8230; tem\u00e1tica HUELVA&#8230;<\/p>\n<p style=\"text-align: justify;\">Al igual que el a\u00f1o pasado,\u00a0la Asociaci\u00f3n de Vecinos de San Sebasti\u00e1n, contact\u00f3 con nosotros para que colabor\u00e1ramos con una Exposici\u00f3n durante las fiestas Patronales de Enero 2017. La tem\u00e1tica centrada en la ciudad,\u00a0con algunas indicaciones\u00a0\u00abAzul y Blanco\u00bb, sobre el Recreativo y\u00a0fotografias sobre Fiestas de Huelva\u00a0(San Sebasti\u00e1n, Roc\u00edo, Semana Santa y Magna, Fiestas Colombinas, Cinta y Navidad)<\/p>\n<p>Hemos sido 17 socios y socias los que hemos decidido participar y colaborar con esta actividad:<\/p>\n<p>1.- \u00a0 Pedro J. Ruiz-Constantino Perez<br \/>\n2.- \u00a0 Luis Fernandez<br \/>\n3.- \u00a0 Rocio Escudero Alfonso<br \/>\n4.- \u00a0 Caye Santana<br \/>\n5.- \u00a0 Loli Blesa<br \/>\n6.- \u00a0 Cristina Garcia Jurado-Centuri\u00f3n<br \/>\n7.- \u00a0 Pilar Rodriguez Barranco<br \/>\n8.- \u00a0 Manolo Silva<br \/>\n9.- \u00a0 Paco Gil<br \/>\n10.- Mat\u00edas Brea<br \/>\n11.- \u00a0Flor N\u00fa\u00f1ez Nieto<br \/>\n12.- \u00a0Crist\u00f3bal Conde Castizo<br \/>\n13.- \u00a0Carmelo Garcia Hern\u00e1ndez<br \/>\n14.- \u00a0Rafael LLanes Gomez<br \/>\n15.- \u00a0Mary Carmen Macias Caparros<\/p>\n<p>16. \u00a0Aurora Mart\u00edn<br \/>\n17.- \u00a0Juana Mart\u00edn Infantes<a href=\"https:\/\/www.huelvaysusfotografos.com\/wp-content\/uploads\/2017\/01\/exposici\u00f3n-hysf-San-Sebasti\u00e1n.jpg\" rel=\"attachment wp-att-5007\"><img loading=\"lazy\" decoding=\"async\" width=\"300\" height=\"105\" class=\"aligncenter size-medium wp-image-5007\" src=\"https:\/\/www.huelvaysusfotografos.com\/wp-content\/uploads\/2017\/01\/exposici\u00f3n-hysf-San-Sebasti\u00e1n-300x105.jpg\" alt=\"exposici\u00f3n hysf San Sebasti\u00e1n\" srcset=\"https:\/\/www.huelvaysusfotografos.com\/wp-content\/uploads\/2017\/01\/exposici\u00f3n-hysf-San-Sebasti\u00e1n-300x105.jpg 300w, https:\/\/www.huelvaysusfotografos.com\/wp-content\/uploads\/2017\/01\/exposici\u00f3n-hysf-San-Sebasti\u00e1n-768x269.jpg 768w, https:\/\/www.huelvaysusfotografos.com\/wp-content\/uploads\/2017\/01\/exposici\u00f3n-hysf-San-Sebasti\u00e1n.jpg 800w\" sizes=\"auto, (max-width: 300px) 100vw, 300px\" \/><\/a><\/p>\n","protected":false},"excerpt":{"rendered":"<p>El pr\u00f3ximo dia 20 de enero por la tarde (y hasta \u00a0el 22) nuestra \u00abAsociaci\u00f3n Huelva y sus Fot\u00f3grafos\u00bb, inaugura una muestra de fotograf\u00edas en la Carpa junto a la Ermita de la Soledad, con motivo de las Fiestas Patronales de San Sebasti\u00e1n&#8230; tem\u00e1tica HUELVA&#8230; Al igual que el a\u00f1o pasado,\u00a0la Asociaci\u00f3n de Vecinos de San Sebasti\u00e1n, contact\u00f3 con nosotros para que colabor\u00e1ramos con una Exposici\u00f3n durante las fiestas Patronales<\/p>\n<div class=\"belowpost\"><a class=\"btnmore\" href=\"https:\/\/www.huelvaysusfotografos.com\/?p=5006\">Seguir leyendo<\/a><\/div>\n","protected":false},"author":41,"featured_media":5007,"comment_status":"open","ping_status":"open","sticky":false,"template":"","format":"standard","meta":{"footnotes":"","_links_to":"","_links_to_target":""},"categories":[23],"tags":[],"class_list":["post-5006","post","type-post","status-publish","format-standard","has-post-thumbnail","hentry","category-exposiciones"],"_links":{"self":[{"href":"https:\/\/www.huelvaysusfotografos.com\/index.php?rest_route=\/wp\/v2\/posts\/5006","targetHints":{"allow":["GET"]}}],"collection":[{"href":"https:\/\/www.huelvaysusfotografos.com\/index.php?rest_route=\/wp\/v2\/posts"}],"about":[{"href":"https:\/\/www.huelvaysusfotografos.com\/index.php?rest_route=\/wp\/v2\/types\/post"}],"author":[{"embeddable":true,"href":"https:\/\/www.huelvaysusfotografos.com\/index.php?rest_route=\/wp\/v2\/users\/41"}],"replies":[{"embeddable":true,"href":"https:\/\/www.huelvaysusfotografos.com\/index.php?rest_route=%2Fwp%2Fv2%2Fcomments&post=5006"}],"version-history":[{"count":5,"href":"https:\/\/www.huelvaysusfotografos.com\/index.php?rest_route=\/wp\/v2\/posts\/5006\/revisions"}],"predecessor-version":[{"id":5012,"href":"https:\/\/www.huelvaysusfotografos.com\/index.php?rest_route=\/wp\/v2\/posts\/5006\/revisions\/5012"}],"wp:featuredmedia":[{"embeddable":true,"href":"https:\/\/www.huelvaysusfotografos.com\/index.php?rest_route=\/wp\/v2\/media\/5007"}],"wp:attachment":[{"href":"https:\/\/www.huelvaysusfotografos.com\/index.php?rest_route=%2Fwp%2Fv2%2Fmedia&parent=5006"}],"wp:term":[{"taxonomy":"category","embeddable":true,"href":"https:\/\/www.huelvaysusfotografos.com\/index.php?rest_route=%2Fwp%2Fv2%2Fcategories&post=5006"},{"taxonomy":"post_tag","embeddable":true,"href":"https:\/\/www.huelvaysusfotografos.com\/index.php?rest_route=%2Fwp%2Fv2%2Ftags&post=5006"}],"curies":[{"name":"wp","href":"https:\/\/api.w.org\/{rel}","templated":true}]}}