{"id":4996,"date":"2017-01-05T20:49:59","date_gmt":"2017-01-05T19:49:59","guid":{"rendered":"http:\/\/www.huelvaysusfotografos.com\/?p=4996"},"modified":"2017-01-05T20:51:28","modified_gmt":"2017-01-05T19:51:28","slug":"quedada-fotografica-minas-de-san-telmo","status":"publish","type":"post","link":"https:\/\/www.huelvaysusfotografos.com\/?p=4996","title":{"rendered":"QUEDADA FOTOGR\u00c1FICA MINA DE SAN TELMO"},"content":{"rendered":"<p>Pr\u00f3xima\u00a0quedada fotogr\u00e1fica, organizada desde nuestra Asociaci\u00f3n ser\u00e1 el d\u00eda 14 de enero (s\u00e1bado) a las Mina de San Telmo, siempre que las condiciones atmosf\u00e9ricas lo permitan.<\/p>\n<ul>\n<li>Salida desde Huelva a las 8:30 h. (gasolinera de la Avenida de Andaluc\u00eda- Cepsa. Veh\u00edculos propios).\u00a0La ruta m\u00e1s corta en coche para llegar es de 79 km. Huelva-Sotiel-Cala\u00f1as-El Cerro-San Telmo, con 1,20 horas sin tr\u00e1fico.<\/li>\n<li>Desayuno en Sotiel (por cuenta de cada uno\/a)<\/li>\n<li>10:00 h llegamos a San Telmo.\u00a0Los coches\u00a0 se dejan junto al Casino<\/li>\n<li>La ruta es circular, c\u00f3moda donde vamos a ver la parte del Levante de la Corta, estaremos a pie de corta, veremos el Castillete, lo que queda de la Sala de M\u00e1quinas, algo de los Canaleos, un Mirador a pie de corta y otro Mirador en la zona mas alta de la aldea&#8230;pero sobre todo mucho cromatismo.<\/li>\n<li>Volver\u00edamos despu\u00e9s del almuerzo en el Casino\u00a0(hay que saber qui\u00e9nes vamos a comer all\u00ed,\u00a0para avisar, gastos por cuenta de cada uno\/a).<\/li>\n<\/ul>\n<p>&nbsp;<\/p>\n<ul>\n<li>Duraci\u00f3n aproximada ruta 3 horas. Distancia 5 km.<\/li>\n<li>Mapa\/itinerario<\/li>\n<\/ul>\n<p><a href=\"https:\/\/www.huelvaysusfotografos.com\/wp-content\/uploads\/2017\/01\/Captura-de-pantalla-2017-01-05-a-las-20.42.00.png\" rel=\"attachment wp-att-4997\"><img loading=\"lazy\" decoding=\"async\" width=\"300\" height=\"180\" class=\"aligncenter size-medium wp-image-4997\" src=\"https:\/\/www.huelvaysusfotografos.com\/wp-content\/uploads\/2017\/01\/Captura-de-pantalla-2017-01-05-a-las-20.42.00-300x180.png\" alt=\"captura-de-pantalla-2017-01-05-a-las-20-42-00\" srcset=\"https:\/\/www.huelvaysusfotografos.com\/wp-content\/uploads\/2017\/01\/Captura-de-pantalla-2017-01-05-a-las-20.42.00-300x180.png 300w, https:\/\/www.huelvaysusfotografos.com\/wp-content\/uploads\/2017\/01\/Captura-de-pantalla-2017-01-05-a-las-20.42.00-1024x615.png 1024w, https:\/\/www.huelvaysusfotografos.com\/wp-content\/uploads\/2017\/01\/Captura-de-pantalla-2017-01-05-a-las-20.42.00-768x462.png 768w, https:\/\/www.huelvaysusfotografos.com\/wp-content\/uploads\/2017\/01\/Captura-de-pantalla-2017-01-05-a-las-20.42.00.png 1090w\" sizes=\"auto, (max-width: 300px) 100vw, 300px\" \/><\/a><\/p>\n<ul>\n<li>No olvid\u00e9is llevar bater\u00edas cargadas, tarjetas vac\u00edas, tr\u00edpode (opcional).<\/li>\n<li>Ropa y calzado c\u00f3modo.<\/li>\n<li>Algo de l\u00edquido.<\/li>\n<li>Y llevad el chalequillo\/gorra de la Asociaci\u00f3n&#8230; que siempre olvidamos!!<\/li>\n<\/ul>\n<p>&nbsp;<\/p>\n<p>&nbsp;<\/p>\n","protected":false},"excerpt":{"rendered":"<p>Pr\u00f3xima\u00a0quedada fotogr\u00e1fica, organizada desde nuestra Asociaci\u00f3n ser\u00e1 el d\u00eda 14 de enero (s\u00e1bado) a las Mina de San Telmo, siempre que las condiciones atmosf\u00e9ricas lo permitan. Salida desde Huelva a las 8:30 h. (gasolinera de la Avenida de Andaluc\u00eda- Cepsa. Veh\u00edculos propios).\u00a0La ruta m\u00e1s corta en coche para llegar es de 79 km. Huelva-Sotiel-Cala\u00f1as-El Cerro-San Telmo, con 1,20 horas sin tr\u00e1fico. Desayuno en Sotiel (por cuenta de cada uno\/a) 10:00<\/p>\n<div class=\"belowpost\"><a class=\"btnmore\" href=\"https:\/\/www.huelvaysusfotografos.com\/?p=4996\">Seguir leyendo<\/a><\/div>\n","protected":false},"author":41,"featured_media":4998,"comment_status":"open","ping_status":"open","sticky":false,"template":"","format":"standard","meta":{"footnotes":"","_links_to":"","_links_to_target":""},"categories":[6],"tags":[],"class_list":["post-4996","post","type-post","status-publish","format-standard","has-post-thumbnail","hentry","category-quedadas"],"_links":{"self":[{"href":"https:\/\/www.huelvaysusfotografos.com\/index.php?rest_route=\/wp\/v2\/posts\/4996","targetHints":{"allow":["GET"]}}],"collection":[{"href":"https:\/\/www.huelvaysusfotografos.com\/index.php?rest_route=\/wp\/v2\/posts"}],"about":[{"href":"https:\/\/www.huelvaysusfotografos.com\/index.php?rest_route=\/wp\/v2\/types\/post"}],"author":[{"embeddable":true,"href":"https:\/\/www.huelvaysusfotografos.com\/index.php?rest_route=\/wp\/v2\/users\/41"}],"replies":[{"embeddable":true,"href":"https:\/\/www.huelvaysusfotografos.com\/index.php?rest_route=%2Fwp%2Fv2%2Fcomments&post=4996"}],"version-history":[{"count":2,"href":"https:\/\/www.huelvaysusfotografos.com\/index.php?rest_route=\/wp\/v2\/posts\/4996\/revisions"}],"predecessor-version":[{"id":5000,"href":"https:\/\/www.huelvaysusfotografos.com\/index.php?rest_route=\/wp\/v2\/posts\/4996\/revisions\/5000"}],"wp:featuredmedia":[{"embeddable":true,"href":"https:\/\/www.huelvaysusfotografos.com\/index.php?rest_route=\/wp\/v2\/media\/4998"}],"wp:attachment":[{"href":"https:\/\/www.huelvaysusfotografos.com\/index.php?rest_route=%2Fwp%2Fv2%2Fmedia&parent=4996"}],"wp:term":[{"taxonomy":"category","embeddable":true,"href":"https:\/\/www.huelvaysusfotografos.com\/index.php?rest_route=%2Fwp%2Fv2%2Fcategories&post=4996"},{"taxonomy":"post_tag","embeddable":true,"href":"https:\/\/www.huelvaysusfotografos.com\/index.php?rest_route=%2Fwp%2Fv2%2Ftags&post=4996"}],"curies":[{"name":"wp","href":"https:\/\/api.w.org\/{rel}","templated":true}]}}