{"id":4985,"date":"2017-01-02T23:37:19","date_gmt":"2017-01-02T22:37:19","guid":{"rendered":"http:\/\/www.huelvaysusfotografos.com\/?p=4985"},"modified":"2017-01-03T01:12:54","modified_gmt":"2017-01-03T00:12:54","slug":"ganadores-de-los-concursos-mensuales-flickr-hysf-2016","status":"publish","type":"post","link":"https:\/\/www.huelvaysusfotografos.com\/?p=4985","title":{"rendered":"GANADORES de los CONCURSOS MENSUALES FLICKR HYSF 2016"},"content":{"rendered":"<p><a href=\"https:\/\/www.huelvaysusfotografos.com\/wp-content\/uploads\/2017\/01\/15800403_10202691323079538_2611674409510429878_o.jpg\" rel=\"attachment wp-att-4988\"><br \/>\n<\/a>Deseamos felicitar a todos los ganadores de nuestros concursos mensuales en Flickr durante el pasado a\u00f1o 2016.<\/p>\n<p>Enhorabuena a los premiados!! Animar a aquellos que tienen esta magn\u00edfica afici\u00f3n por la imagen, a participar en los que ya est\u00e1n en marcha (visita\u00a0<a href=\"https:\/\/www.flickr.com\/groups\/huelva_y_sus_fotografos\/\">https:\/\/www.flickr.com\/groups\/huelva_y_sus_fotografos\/<\/a>)<\/p>\n<p><span style=\"color: #000000;\"><img loading=\"lazy\" decoding=\"async\" width=\"300\" height=\"219\" class=\"aligncenter size-medium wp-image-4988\" src=\"https:\/\/www.huelvaysusfotografos.com\/wp-content\/uploads\/2017\/01\/15800403_10202691323079538_2611674409510429878_o-300x219.jpg\" alt=\"15800403_10202691323079538_2611674409510429878_o\" srcset=\"https:\/\/www.huelvaysusfotografos.com\/wp-content\/uploads\/2017\/01\/15800403_10202691323079538_2611674409510429878_o-300x219.jpg 300w, https:\/\/www.huelvaysusfotografos.com\/wp-content\/uploads\/2017\/01\/15800403_10202691323079538_2611674409510429878_o-1024x749.jpg 1024w, https:\/\/www.huelvaysusfotografos.com\/wp-content\/uploads\/2017\/01\/15800403_10202691323079538_2611674409510429878_o-768x562.jpg 768w, https:\/\/www.huelvaysusfotografos.com\/wp-content\/uploads\/2017\/01\/15800403_10202691323079538_2611674409510429878_o-1536x1124.jpg 1536w, https:\/\/www.huelvaysusfotografos.com\/wp-content\/uploads\/2017\/01\/15800403_10202691323079538_2611674409510429878_o.jpg 2048w\" sizes=\"auto, (max-width: 300px) 100vw, 300px\" \/>ENERO<\/span><\/p>\n<p><span style=\"color: #000000;\">Mejor Foto de Diciembre: Juana Martin <\/span><br \/>\n<span style=\"color: #000000;\">Tema: Diagonales: Juan Mat\u00edas Brea<\/span><br \/>\nFEBRERO<br \/>\nMejor Foto de Enero: Alicia Clerencia<br \/>\nMejor Foto de 2015: Jos\u00e9 Ram\u00f3n Cazorla<br \/>\nMARZO<br \/>\nMejor foto de Febrero: Manuel Silva<br \/>\nTema: Esta foto est\u00e1 movida: Jos\u00e9 Ram\u00f3n Cazorla<br \/>\nABRIL<br \/>\nMejor Foto de Marzo: Alicia Clerencia<br \/>\nTema: Pasi\u00f3n por la Semana Santa: Juan Mat\u00edas Brea<br \/>\nMAYO<br \/>\nMejor Foto de Abril: Enrique Jerez<br \/>\nTema: Flores: Pedro J. Ruiz<br \/>\nJUNIO<br \/>\nMejor Foto de Mayo:Jos\u00e9 Ram\u00f3n Cazorla<\/p>\n<p>Tema: Animales: Pedro J. Ruiz<br \/>\nJULIO<br \/>\nMejor Foto de Junio: Enrique Jerez<br \/>\nTema: Historias de playa: Alicia Clerencia<br \/>\nAGOSTO<br \/>\nMejor Foto de Julio: Marcos G\u00f3mez<br \/>\nTema: Visiones de una fiesta: Flor N\u00fa\u00f1ez<br \/>\nSEPTIEMBRE<br \/>\nMejor Foto de Agosto: Enrique Jerez<br \/>\nTema: Fotograf\u00eda de Calle: Marcos G\u00f3mez<br \/>\nOCTUBRE<br \/>\nMejor foto de Septiembre: Jos\u00e9 Ram\u00f3n Cazorla<br \/>\nTema: Reflejos: Sebasti\u00e1n Medina<br \/>\nNOVIEMBRE<br \/>\nMejor foto de Octubre: Juana Martin<br \/>\nTema: Nubes: Sebasti\u00e1n Medina<a href=\"https:\/\/www.huelvaysusfotografos.com\/wp-content\/uploads\/2017\/01\/Flickr_logo.png\" rel=\"attachment wp-att-4986\"><br \/>\n<\/a><br \/>\nDICIEMBRE<br \/>\nMejor foto de Noviembre: Enrique Jerez<br \/>\nTema: Paisajes en Blanco y Negro: Jos\u00e9 Ram\u00f3n Cazorla<\/p>\n<p>&nbsp;<\/p>\n","protected":false},"excerpt":{"rendered":"<p>Deseamos felicitar a todos los ganadores de nuestros concursos mensuales en Flickr durante el pasado a\u00f1o 2016. Enhorabuena a los premiados!! Animar a aquellos que tienen esta magn\u00edfica afici\u00f3n por la imagen, a participar en los que ya est\u00e1n en marcha (visita\u00a0https:\/\/www.flickr.com\/groups\/huelva_y_sus_fotografos\/) ENERO Mejor Foto de Diciembre: Juana Martin Tema: Diagonales: Juan Mat\u00edas Brea FEBRERO Mejor Foto de Enero: Alicia Clerencia Mejor Foto de 2015: Jos\u00e9 Ram\u00f3n Cazorla MARZO Mejor<\/p>\n<div class=\"belowpost\"><a class=\"btnmore\" href=\"https:\/\/www.huelvaysusfotografos.com\/?p=4985\">Seguir leyendo<\/a><\/div>\n","protected":false},"author":41,"featured_media":4986,"comment_status":"open","ping_status":"open","sticky":false,"template":"","format":"standard","meta":{"footnotes":"","_links_to":"","_links_to_target":""},"categories":[3],"tags":[],"class_list":["post-4985","post","type-post","status-publish","format-standard","has-post-thumbnail","hentry","category-noticias"],"_links":{"self":[{"href":"https:\/\/www.huelvaysusfotografos.com\/index.php?rest_route=\/wp\/v2\/posts\/4985","targetHints":{"allow":["GET"]}}],"collection":[{"href":"https:\/\/www.huelvaysusfotografos.com\/index.php?rest_route=\/wp\/v2\/posts"}],"about":[{"href":"https:\/\/www.huelvaysusfotografos.com\/index.php?rest_route=\/wp\/v2\/types\/post"}],"author":[{"embeddable":true,"href":"https:\/\/www.huelvaysusfotografos.com\/index.php?rest_route=\/wp\/v2\/users\/41"}],"replies":[{"embeddable":true,"href":"https:\/\/www.huelvaysusfotografos.com\/index.php?rest_route=%2Fwp%2Fv2%2Fcomments&post=4985"}],"version-history":[{"count":4,"href":"https:\/\/www.huelvaysusfotografos.com\/index.php?rest_route=\/wp\/v2\/posts\/4985\/revisions"}],"predecessor-version":[{"id":4991,"href":"https:\/\/www.huelvaysusfotografos.com\/index.php?rest_route=\/wp\/v2\/posts\/4985\/revisions\/4991"}],"wp:featuredmedia":[{"embeddable":true,"href":"https:\/\/www.huelvaysusfotografos.com\/index.php?rest_route=\/wp\/v2\/media\/4986"}],"wp:attachment":[{"href":"https:\/\/www.huelvaysusfotografos.com\/index.php?rest_route=%2Fwp%2Fv2%2Fmedia&parent=4985"}],"wp:term":[{"taxonomy":"category","embeddable":true,"href":"https:\/\/www.huelvaysusfotografos.com\/index.php?rest_route=%2Fwp%2Fv2%2Fcategories&post=4985"},{"taxonomy":"post_tag","embeddable":true,"href":"https:\/\/www.huelvaysusfotografos.com\/index.php?rest_route=%2Fwp%2Fv2%2Ftags&post=4985"}],"curies":[{"name":"wp","href":"https:\/\/api.w.org\/{rel}","templated":true}]}}