{"id":4977,"date":"2017-01-01T20:12:44","date_gmt":"2017-01-01T19:12:44","guid":{"rendered":"http:\/\/www.huelvaysusfotografos.com\/?p=4977"},"modified":"2017-01-01T20:20:55","modified_gmt":"2017-01-01T19:20:55","slug":"los-ganadores-de-nuestros-concursos-flickr","status":"publish","type":"post","link":"https:\/\/www.huelvaysusfotografos.com\/?p=4977","title":{"rendered":"Los ganadores de nuestros concursos Flickr"},"content":{"rendered":"<p>Enrique Jerez se lleva el premio a la mejor fotograf\u00eda de Noviembre, con esta imagen tan espectacular:<\/p>\n<p><a href=\"https:\/\/www.huelvaysusfotografos.com\/wp-content\/uploads\/2017\/01\/Captura-de-pantalla-2017-01-01-a-las-20.07.35.png\" rel=\"attachment wp-att-4978\"><img loading=\"lazy\" decoding=\"async\" width=\"201\" height=\"300\" class=\"aligncenter size-medium wp-image-4978\" src=\"https:\/\/www.huelvaysusfotografos.com\/wp-content\/uploads\/2017\/01\/Captura-de-pantalla-2017-01-01-a-las-20.07.35-201x300.png\" alt=\"captura-de-pantalla-2017-01-01-a-las-20-07-35\" srcset=\"https:\/\/www.huelvaysusfotografos.com\/wp-content\/uploads\/2017\/01\/Captura-de-pantalla-2017-01-01-a-las-20.07.35-201x300.png 201w, https:\/\/www.huelvaysusfotografos.com\/wp-content\/uploads\/2017\/01\/Captura-de-pantalla-2017-01-01-a-las-20.07.35.png 598w\" sizes=\"auto, (max-width: 201px) 100vw, 201px\" \/><\/a><\/p>\n<p>Y Jos\u00e9 Ram\u00f3n Cazorla, se lleva el premio a la mejor fotograf\u00eda bajo el tema \u00abPaisaje B\/N\u00bb, con esta magn\u00edfica imagen:<\/p>\n<p><a href=\"https:\/\/www.huelvaysusfotografos.com\/wp-content\/uploads\/2017\/01\/Captura-de-pantalla-2017-01-01-a-las-20.08.01.png\" rel=\"attachment wp-att-4979\"><img loading=\"lazy\" decoding=\"async\" width=\"300\" height=\"199\" class=\"aligncenter size-medium wp-image-4979\" src=\"https:\/\/www.huelvaysusfotografos.com\/wp-content\/uploads\/2017\/01\/Captura-de-pantalla-2017-01-01-a-las-20.08.01-300x199.png\" alt=\"captura-de-pantalla-2017-01-01-a-las-20-08-01\" srcset=\"https:\/\/www.huelvaysusfotografos.com\/wp-content\/uploads\/2017\/01\/Captura-de-pantalla-2017-01-01-a-las-20.08.01-300x199.png 300w, https:\/\/www.huelvaysusfotografos.com\/wp-content\/uploads\/2017\/01\/Captura-de-pantalla-2017-01-01-a-las-20.08.01-1024x680.png 1024w, https:\/\/www.huelvaysusfotografos.com\/wp-content\/uploads\/2017\/01\/Captura-de-pantalla-2017-01-01-a-las-20.08.01-768x510.png 768w, https:\/\/www.huelvaysusfotografos.com\/wp-content\/uploads\/2017\/01\/Captura-de-pantalla-2017-01-01-a-las-20.08.01-120x80.png 120w, https:\/\/www.huelvaysusfotografos.com\/wp-content\/uploads\/2017\/01\/Captura-de-pantalla-2017-01-01-a-las-20.08.01.png 1348w\" sizes=\"auto, (max-width: 300px) 100vw, 300px\" \/><\/a><\/p>\n<p>Enhorabuena a los dos!!\u00a0Pronto los nuevos concursos!!<\/p>\n<p><a data-flickr-embed='true' href='https:\/\/www.flickr.com\/groups\/745880@N23\/pool\/' title='HUELVA y sus Fot\u00f3grafos'><img src='https:\/\/live.staticflickr.com\/65535\/54302341948_aa0bc63fcf_z.jpg' width='800' height='600' alt='Manzanilla Sunset'><\/a><script async src='https:\/\/embedr.flickr.com\/assets\/client-code.js' charset='utf-8'><\/script><\/p>\n<p>Feliz A\u00f1o Nuevo<\/p>\n<p>&nbsp;<\/p>\n","protected":false},"excerpt":{"rendered":"<p>Enrique Jerez se lleva el premio a la mejor fotograf\u00eda de Noviembre, con esta imagen tan espectacular: Y Jos\u00e9 Ram\u00f3n Cazorla, se lleva el premio a la mejor fotograf\u00eda bajo el tema \u00abPaisaje B\/N\u00bb, con esta magn\u00edfica imagen: Enhorabuena a los dos!!\u00a0Pronto los nuevos concursos!! Feliz A\u00f1o Nuevo &nbsp;<\/p>\n","protected":false},"author":41,"featured_media":4981,"comment_status":"open","ping_status":"open","sticky":false,"template":"","format":"standard","meta":{"footnotes":"","_links_to":"","_links_to_target":""},"categories":[3],"tags":[],"class_list":["post-4977","post","type-post","status-publish","format-standard","has-post-thumbnail","hentry","category-noticias"],"_links":{"self":[{"href":"https:\/\/www.huelvaysusfotografos.com\/index.php?rest_route=\/wp\/v2\/posts\/4977","targetHints":{"allow":["GET"]}}],"collection":[{"href":"https:\/\/www.huelvaysusfotografos.com\/index.php?rest_route=\/wp\/v2\/posts"}],"about":[{"href":"https:\/\/www.huelvaysusfotografos.com\/index.php?rest_route=\/wp\/v2\/types\/post"}],"author":[{"embeddable":true,"href":"https:\/\/www.huelvaysusfotografos.com\/index.php?rest_route=\/wp\/v2\/users\/41"}],"replies":[{"embeddable":true,"href":"https:\/\/www.huelvaysusfotografos.com\/index.php?rest_route=%2Fwp%2Fv2%2Fcomments&post=4977"}],"version-history":[{"count":2,"href":"https:\/\/www.huelvaysusfotografos.com\/index.php?rest_route=\/wp\/v2\/posts\/4977\/revisions"}],"predecessor-version":[{"id":4982,"href":"https:\/\/www.huelvaysusfotografos.com\/index.php?rest_route=\/wp\/v2\/posts\/4977\/revisions\/4982"}],"wp:featuredmedia":[{"embeddable":true,"href":"https:\/\/www.huelvaysusfotografos.com\/index.php?rest_route=\/wp\/v2\/media\/4981"}],"wp:attachment":[{"href":"https:\/\/www.huelvaysusfotografos.com\/index.php?rest_route=%2Fwp%2Fv2%2Fmedia&parent=4977"}],"wp:term":[{"taxonomy":"category","embeddable":true,"href":"https:\/\/www.huelvaysusfotografos.com\/index.php?rest_route=%2Fwp%2Fv2%2Fcategories&post=4977"},{"taxonomy":"post_tag","embeddable":true,"href":"https:\/\/www.huelvaysusfotografos.com\/index.php?rest_route=%2Fwp%2Fv2%2Ftags&post=4977"}],"curies":[{"name":"wp","href":"https:\/\/api.w.org\/{rel}","templated":true}]}}