{"id":4971,"date":"2016-12-26T14:24:04","date_gmt":"2016-12-26T13:24:04","guid":{"rendered":"http:\/\/www.huelvaysusfotografos.com\/?p=4971"},"modified":"2016-12-26T14:24:44","modified_gmt":"2016-12-26T13:24:44","slug":"27-diciembre-tertulia-con-ana-escobar-en-casa-colon","status":"publish","type":"post","link":"https:\/\/www.huelvaysusfotografos.com\/?p=4971","title":{"rendered":"27 diciembre TERTULIA con ANA ESCOBAR en Casa Col\u00f3n"},"content":{"rendered":"<p>Imparables&#8230; el pr\u00f3ximo d\u00eda 27 de diciembre, en plenas fiestas de Navidad, nos atrevemos a invitar a Ana Escobar a una tertulia extra, donde poder disfrutar de su experiencia y su obra, aprovechando que est\u00e1 por Huelva estos d\u00edas.<\/p>\n<p>No faltes!. Esta onubense afincada actualmente en Londres tiene gran experiencia en el campo del dise\u00f1o y la fotograf\u00eda. Esperemos que su tertulia sea tan impactante como la foto que nos mand\u00f3 para el cartel.<\/p>\n<p>Os esperamos en la Sala de los Brazos de la Casa Colon de Huelva, a las 19:00 horas el d\u00eda 27 de diciembre. La tertulia se desarrollar\u00e1 en el marco de la Exposici\u00f3n \u00abEl verbo convertido en imagen\u00bb que nuestra asociaci\u00f3n tiene en esa misma sala, as\u00ed que actividad doble.<\/p>\n<p><a href=\"https:\/\/www.huelvaysusfotografos.com\/wp-content\/uploads\/2016\/12\/Tertulia-Ana-Escobar-Casa-Col\u00f3n.jpg\" rel=\"attachment wp-att-4972\"><img loading=\"lazy\" decoding=\"async\" width=\"300\" height=\"225\" class=\"aligncenter size-medium wp-image-4972\" src=\"https:\/\/www.huelvaysusfotografos.com\/wp-content\/uploads\/2016\/12\/Tertulia-Ana-Escobar-Casa-Col\u00f3n-300x225.jpg\" alt=\"tertulia-ana-escobar-casa-colon\" srcset=\"https:\/\/www.huelvaysusfotografos.com\/wp-content\/uploads\/2016\/12\/Tertulia-Ana-Escobar-Casa-Col\u00f3n-300x225.jpg 300w, https:\/\/www.huelvaysusfotografos.com\/wp-content\/uploads\/2016\/12\/Tertulia-Ana-Escobar-Casa-Col\u00f3n-768x576.jpg 768w, https:\/\/www.huelvaysusfotografos.com\/wp-content\/uploads\/2016\/12\/Tertulia-Ana-Escobar-Casa-Col\u00f3n-160x120.jpg 160w, https:\/\/www.huelvaysusfotografos.com\/wp-content\/uploads\/2016\/12\/Tertulia-Ana-Escobar-Casa-Col\u00f3n.jpg 886w\" sizes=\"auto, (max-width: 300px) 100vw, 300px\" \/><\/a><\/p>\n<p>Gracias los medios.<\/p>\n<p>http:\/\/huelvabuenasnoticias.com\/2016\/12\/26\/ana-escobar-protagonista-de-la-proxima-tertulia-fotografica-de-la-asociacion-hyf\/<\/p>\n<p>&nbsp;<\/p>\n<p>&nbsp;<\/p>\n<p>&nbsp;<\/p>\n<p>&nbsp;<\/p>\n","protected":false},"excerpt":{"rendered":"<p>Imparables&#8230; el pr\u00f3ximo d\u00eda 27 de diciembre, en plenas fiestas de Navidad, nos atrevemos a invitar a Ana Escobar a una tertulia extra, donde poder disfrutar de su experiencia y su obra, aprovechando que est\u00e1 por Huelva estos d\u00edas. No faltes!. Esta onubense afincada actualmente en Londres tiene gran experiencia en el campo del dise\u00f1o y la fotograf\u00eda. Esperemos que su tertulia sea tan impactante como la foto que nos<\/p>\n<div class=\"belowpost\"><a class=\"btnmore\" href=\"https:\/\/www.huelvaysusfotografos.com\/?p=4971\">Seguir leyendo<\/a><\/div>\n","protected":false},"author":41,"featured_media":4972,"comment_status":"open","ping_status":"open","sticky":false,"template":"","format":"standard","meta":{"footnotes":"","_links_to":"","_links_to_target":""},"categories":[32],"tags":[],"class_list":["post-4971","post","type-post","status-publish","format-standard","has-post-thumbnail","hentry","category-tertulias"],"_links":{"self":[{"href":"https:\/\/www.huelvaysusfotografos.com\/index.php?rest_route=\/wp\/v2\/posts\/4971","targetHints":{"allow":["GET"]}}],"collection":[{"href":"https:\/\/www.huelvaysusfotografos.com\/index.php?rest_route=\/wp\/v2\/posts"}],"about":[{"href":"https:\/\/www.huelvaysusfotografos.com\/index.php?rest_route=\/wp\/v2\/types\/post"}],"author":[{"embeddable":true,"href":"https:\/\/www.huelvaysusfotografos.com\/index.php?rest_route=\/wp\/v2\/users\/41"}],"replies":[{"embeddable":true,"href":"https:\/\/www.huelvaysusfotografos.com\/index.php?rest_route=%2Fwp%2Fv2%2Fcomments&post=4971"}],"version-history":[{"count":3,"href":"https:\/\/www.huelvaysusfotografos.com\/index.php?rest_route=\/wp\/v2\/posts\/4971\/revisions"}],"predecessor-version":[{"id":4975,"href":"https:\/\/www.huelvaysusfotografos.com\/index.php?rest_route=\/wp\/v2\/posts\/4971\/revisions\/4975"}],"wp:featuredmedia":[{"embeddable":true,"href":"https:\/\/www.huelvaysusfotografos.com\/index.php?rest_route=\/wp\/v2\/media\/4972"}],"wp:attachment":[{"href":"https:\/\/www.huelvaysusfotografos.com\/index.php?rest_route=%2Fwp%2Fv2%2Fmedia&parent=4971"}],"wp:term":[{"taxonomy":"category","embeddable":true,"href":"https:\/\/www.huelvaysusfotografos.com\/index.php?rest_route=%2Fwp%2Fv2%2Fcategories&post=4971"},{"taxonomy":"post_tag","embeddable":true,"href":"https:\/\/www.huelvaysusfotografos.com\/index.php?rest_route=%2Fwp%2Fv2%2Ftags&post=4971"}],"curies":[{"name":"wp","href":"https:\/\/api.w.org\/{rel}","templated":true}]}}