{"id":4962,"date":"2016-12-19T18:34:25","date_gmt":"2016-12-19T17:34:25","guid":{"rendered":"http:\/\/www.huelvaysusfotografos.com\/?p=4962"},"modified":"2016-12-19T18:35:20","modified_gmt":"2016-12-19T17:35:20","slug":"4962","status":"publish","type":"post","link":"https:\/\/www.huelvaysusfotografos.com\/?p=4962","title":{"rendered":""},"content":{"rendered":"<p style=\"text-align: justify;\">Debido al \u00e9xito tenido en el Centro Olontense de Arte Contempor\u00e1neo (Gibrale\u00f3n &#8211; Huelva), la Concejal\u00eda de Cultura ha tenido a bien ampliar el periodo de visitas a nuestra Exposici\u00f3n Fotogr\u00e1fica \u00ab7 PECADOS CAPITALES\u00bb. Agradecer la colaboraci\u00f3n del\u00a0movimiento po\u00e9tico\u00a0<strong>\u201cCompletamente Viernes\u201d\u00a0<\/strong>cuyos textos po\u00e9ticos casan de maravilla con nuestras im\u00e1genes.<\/p>\n<p><a href=\"https:\/\/www.huelvaysusfotografos.com\/wp-content\/uploads\/2016\/12\/Pecados-Capitales-CODAC-ampliado-periodo-visita-7-enero.jpg\" rel=\"attachment wp-att-4963\"><img loading=\"lazy\" decoding=\"async\" width=\"212\" height=\"300\" class=\"aligncenter size-medium wp-image-4963\" src=\"https:\/\/www.huelvaysusfotografos.com\/wp-content\/uploads\/2016\/12\/Pecados-Capitales-CODAC-ampliado-periodo-visita-7-enero-212x300.jpg\" alt=\"pecados-capitales-codac-ampliado-periodo-visita-7-enero\" srcset=\"https:\/\/www.huelvaysusfotografos.com\/wp-content\/uploads\/2016\/12\/Pecados-Capitales-CODAC-ampliado-periodo-visita-7-enero-212x300.jpg 212w, https:\/\/www.huelvaysusfotografos.com\/wp-content\/uploads\/2016\/12\/Pecados-Capitales-CODAC-ampliado-periodo-visita-7-enero.jpg 724w\" sizes=\"auto, (max-width: 212px) 100vw, 212px\" \/><\/a><\/p>\n<p style=\"text-align: center;\">Cartel con nueva fecha<a href=\"https:\/\/www.huelvaysusfotografos.com\/wp-content\/uploads\/2016\/12\/De-Pilar-Barranco.jpg\" rel=\"attachment wp-att-4965\"><br \/>\n<\/a> <a href=\"https:\/\/www.huelvaysusfotografos.com\/wp-content\/uploads\/2016\/12\/DSC_5817.jpg\" rel=\"attachment wp-att-4966\"><img loading=\"lazy\" decoding=\"async\" width=\"300\" height=\"200\" class=\"aligncenter size-medium wp-image-4966\" src=\"https:\/\/www.huelvaysusfotografos.com\/wp-content\/uploads\/2016\/12\/DSC_5817-300x200.jpg\" alt=\"dsc_5817\" srcset=\"https:\/\/www.huelvaysusfotografos.com\/wp-content\/uploads\/2016\/12\/DSC_5817-300x200.jpg 300w, https:\/\/www.huelvaysusfotografos.com\/wp-content\/uploads\/2016\/12\/DSC_5817-1024x683.jpg 1024w, https:\/\/www.huelvaysusfotografos.com\/wp-content\/uploads\/2016\/12\/DSC_5817-768x512.jpg 768w, https:\/\/www.huelvaysusfotografos.com\/wp-content\/uploads\/2016\/12\/DSC_5817-1536x1024.jpg 1536w, https:\/\/www.huelvaysusfotografos.com\/wp-content\/uploads\/2016\/12\/DSC_5817-2048x1365.jpg 2048w, https:\/\/www.huelvaysusfotografos.com\/wp-content\/uploads\/2016\/12\/DSC_5817-120x80.jpg 120w\" sizes=\"auto, (max-width: 300px) 100vw, 300px\" \/><\/a><\/p>\n<p style=\"text-align: center;\">Momento del acto inaugural (Foto: Juana Mart\u00edn)<\/p>\n<p style=\"text-align: center;\">Cay (Concejal de Cultura de Gibrale\u00f3n), Lourdes (Alcaldesa de Gibrale\u00f3n) y Pedro (Presidente de HYSF)<\/p>\n<p style=\"text-align: center;\"><a href=\"https:\/\/www.huelvaysusfotografos.com\/wp-content\/uploads\/2016\/12\/DSC_5826.jpg\" rel=\"attachment wp-att-4967\"><img loading=\"lazy\" decoding=\"async\" width=\"300\" height=\"200\" class=\"aligncenter size-medium wp-image-4967\" src=\"https:\/\/www.huelvaysusfotografos.com\/wp-content\/uploads\/2016\/12\/DSC_5826-300x200.jpg\" alt=\"dsc_5826\" srcset=\"https:\/\/www.huelvaysusfotografos.com\/wp-content\/uploads\/2016\/12\/DSC_5826-300x200.jpg 300w, https:\/\/www.huelvaysusfotografos.com\/wp-content\/uploads\/2016\/12\/DSC_5826-1024x683.jpg 1024w, https:\/\/www.huelvaysusfotografos.com\/wp-content\/uploads\/2016\/12\/DSC_5826-768x512.jpg 768w, https:\/\/www.huelvaysusfotografos.com\/wp-content\/uploads\/2016\/12\/DSC_5826-1536x1024.jpg 1536w, https:\/\/www.huelvaysusfotografos.com\/wp-content\/uploads\/2016\/12\/DSC_5826-2048x1365.jpg 2048w, https:\/\/www.huelvaysusfotografos.com\/wp-content\/uploads\/2016\/12\/DSC_5826-120x80.jpg 120w\" sizes=\"auto, (max-width: 300px) 100vw, 300px\" \/><\/a><\/p>\n<p style=\"text-align: center;\">Lectura de poemas (Foto: Juana Mart\u00edn)<\/p>\n<p><a href=\"https:\/\/www.huelvaysusfotografos.com\/wp-content\/uploads\/2016\/12\/DSC_5834.jpg\" rel=\"attachment wp-att-4968\"><img loading=\"lazy\" decoding=\"async\" width=\"300\" height=\"200\" class=\"aligncenter size-medium wp-image-4968\" src=\"https:\/\/www.huelvaysusfotografos.com\/wp-content\/uploads\/2016\/12\/DSC_5834-300x200.jpg\" alt=\"dsc_5834\" srcset=\"https:\/\/www.huelvaysusfotografos.com\/wp-content\/uploads\/2016\/12\/DSC_5834-300x200.jpg 300w, https:\/\/www.huelvaysusfotografos.com\/wp-content\/uploads\/2016\/12\/DSC_5834-1024x683.jpg 1024w, https:\/\/www.huelvaysusfotografos.com\/wp-content\/uploads\/2016\/12\/DSC_5834-768x512.jpg 768w, https:\/\/www.huelvaysusfotografos.com\/wp-content\/uploads\/2016\/12\/DSC_5834-1536x1024.jpg 1536w, https:\/\/www.huelvaysusfotografos.com\/wp-content\/uploads\/2016\/12\/DSC_5834-2048x1365.jpg 2048w, https:\/\/www.huelvaysusfotografos.com\/wp-content\/uploads\/2016\/12\/DSC_5834-120x80.jpg 120w\" sizes=\"auto, (max-width: 300px) 100vw, 300px\" \/><\/a><\/p>\n<p style=\"text-align: center;\">Lectura de poemas (Foto: Juana Mart\u00edn)<\/p>\n<p><img loading=\"lazy\" decoding=\"async\" width=\"300\" height=\"168\" class=\"aligncenter size-medium wp-image-4965\" src=\"https:\/\/www.huelvaysusfotografos.com\/wp-content\/uploads\/2016\/12\/De-Pilar-Barranco-300x168.jpg\" alt=\"de-pilar-barranco\" srcset=\"https:\/\/www.huelvaysusfotografos.com\/wp-content\/uploads\/2016\/12\/De-Pilar-Barranco-300x168.jpg 300w, https:\/\/www.huelvaysusfotografos.com\/wp-content\/uploads\/2016\/12\/De-Pilar-Barranco-768x431.jpg 768w, https:\/\/www.huelvaysusfotografos.com\/wp-content\/uploads\/2016\/12\/De-Pilar-Barranco-620x350.jpg 620w, https:\/\/www.huelvaysusfotografos.com\/wp-content\/uploads\/2016\/12\/De-Pilar-Barranco.jpg 960w\" sizes=\"auto, (max-width: 300px) 100vw, 300px\" \/><\/p>\n<p style=\"text-align: center;\">Lectura de poemas (Foto: Pilar Rodr\u00edguez Barranco)<\/p>\n<p><a href=\"https:\/\/www.huelvaysusfotografos.com\/wp-content\/uploads\/2016\/12\/DSC_5846.jpg\" rel=\"attachment wp-att-4969\"><img loading=\"lazy\" decoding=\"async\" width=\"300\" height=\"197\" class=\"aligncenter size-medium wp-image-4969\" src=\"https:\/\/www.huelvaysusfotografos.com\/wp-content\/uploads\/2016\/12\/DSC_5846-300x197.jpg\" alt=\"dsc_5846\" srcset=\"https:\/\/www.huelvaysusfotografos.com\/wp-content\/uploads\/2016\/12\/DSC_5846-300x197.jpg 300w, https:\/\/www.huelvaysusfotografos.com\/wp-content\/uploads\/2016\/12\/DSC_5846-1024x674.jpg 1024w, https:\/\/www.huelvaysusfotografos.com\/wp-content\/uploads\/2016\/12\/DSC_5846-768x505.jpg 768w, https:\/\/www.huelvaysusfotografos.com\/wp-content\/uploads\/2016\/12\/DSC_5846-1536x1011.jpg 1536w, https:\/\/www.huelvaysusfotografos.com\/wp-content\/uploads\/2016\/12\/DSC_5846-2048x1347.jpg 2048w, https:\/\/www.huelvaysusfotografos.com\/wp-content\/uploads\/2016\/12\/DSC_5846-120x80.jpg 120w\" sizes=\"auto, (max-width: 300px) 100vw, 300px\" \/><\/a><\/p>\n<p style=\"text-align: center;\">Algunos de los participantes en la muestra<\/p>\n<p>&nbsp;<\/p>\n<p>Agradecer a los medios de comunicaci\u00f3n que se han hecho eco de nuestra exposici\u00f3n:<\/p>\n<ul>\n<li>http:\/\/huelvabuenasnoticias.com\/2016\/11\/12\/fotografos-de-huelva-muestran-en-gibraleon-su-particular-vision-de-los-7-pecados-capitales\/<\/li>\n<li>http:\/\/huelva24.com\/not\/91956\/el-codac-de-gibraleon-alberga-la-exposicion-fotografica-7-pecados-capitales-\/<\/li>\n<li>http:\/\/www.gibraleon.com\/2016\/10\/27\/7-pecados-capitales-exposicion-colectiva\/<\/li>\n<\/ul>\n","protected":false},"excerpt":{"rendered":"<p>Debido al \u00e9xito tenido en el Centro Olontense de Arte Contempor\u00e1neo (Gibrale\u00f3n &#8211; Huelva), la Concejal\u00eda de Cultura ha tenido a bien ampliar el periodo de visitas a nuestra Exposici\u00f3n Fotogr\u00e1fica \u00ab7 PECADOS CAPITALES\u00bb. Agradecer la colaboraci\u00f3n del\u00a0movimiento po\u00e9tico\u00a0\u201cCompletamente Viernes\u201d\u00a0cuyos textos po\u00e9ticos casan de maravilla con nuestras im\u00e1genes. Cartel con nueva fecha Momento del acto inaugural (Foto: Juana Mart\u00edn) Cay (Concejal de Cultura de Gibrale\u00f3n), Lourdes (Alcaldesa de Gibrale\u00f3n) y<\/p>\n<div class=\"belowpost\"><a class=\"btnmore\" href=\"https:\/\/www.huelvaysusfotografos.com\/?p=4962\">Seguir leyendo<\/a><\/div>\n","protected":false},"author":41,"featured_media":4964,"comment_status":"open","ping_status":"open","sticky":false,"template":"","format":"standard","meta":{"footnotes":"","_links_to":"","_links_to_target":""},"categories":[23],"tags":[],"class_list":["post-4962","post","type-post","status-publish","format-standard","has-post-thumbnail","hentry","category-exposiciones"],"_links":{"self":[{"href":"https:\/\/www.huelvaysusfotografos.com\/index.php?rest_route=\/wp\/v2\/posts\/4962","targetHints":{"allow":["GET"]}}],"collection":[{"href":"https:\/\/www.huelvaysusfotografos.com\/index.php?rest_route=\/wp\/v2\/posts"}],"about":[{"href":"https:\/\/www.huelvaysusfotografos.com\/index.php?rest_route=\/wp\/v2\/types\/post"}],"author":[{"embeddable":true,"href":"https:\/\/www.huelvaysusfotografos.com\/index.php?rest_route=\/wp\/v2\/users\/41"}],"replies":[{"embeddable":true,"href":"https:\/\/www.huelvaysusfotografos.com\/index.php?rest_route=%2Fwp%2Fv2%2Fcomments&post=4962"}],"version-history":[{"count":1,"href":"https:\/\/www.huelvaysusfotografos.com\/index.php?rest_route=\/wp\/v2\/posts\/4962\/revisions"}],"predecessor-version":[{"id":4970,"href":"https:\/\/www.huelvaysusfotografos.com\/index.php?rest_route=\/wp\/v2\/posts\/4962\/revisions\/4970"}],"wp:featuredmedia":[{"embeddable":true,"href":"https:\/\/www.huelvaysusfotografos.com\/index.php?rest_route=\/wp\/v2\/media\/4964"}],"wp:attachment":[{"href":"https:\/\/www.huelvaysusfotografos.com\/index.php?rest_route=%2Fwp%2Fv2%2Fmedia&parent=4962"}],"wp:term":[{"taxonomy":"category","embeddable":true,"href":"https:\/\/www.huelvaysusfotografos.com\/index.php?rest_route=%2Fwp%2Fv2%2Fcategories&post=4962"},{"taxonomy":"post_tag","embeddable":true,"href":"https:\/\/www.huelvaysusfotografos.com\/index.php?rest_route=%2Fwp%2Fv2%2Ftags&post=4962"}],"curies":[{"name":"wp","href":"https:\/\/api.w.org\/{rel}","templated":true}]}}