{"id":4937,"date":"2016-12-16T18:03:16","date_gmt":"2016-12-16T17:03:16","guid":{"rendered":"http:\/\/www.huelvaysusfotografos.com\/?p=4937"},"modified":"2016-12-19T18:05:15","modified_gmt":"2016-12-19T17:05:15","slug":"el-verbo-en-imagen-nueva-exposicion-en-casa-colon","status":"publish","type":"post","link":"https:\/\/www.huelvaysusfotografos.com\/?p=4937","title":{"rendered":"El verbo en imagen, nueva exposici\u00f3n en Casa Col\u00f3n"},"content":{"rendered":"<p style=\"text-align: justify;\">Atendiendo a nuestra cita anual de hacer en la ciudad una exposici\u00f3n colectiva, nuestra Asociaci\u00f3n Huelva y sus Fot\u00f3grafos, lleva meses organizando \u00abEL VERBO CONVERTIDO EN IM\u00c1GENES\u00bb. Un juego visual que ha dado pie a nuestros socios y socias imaginen\u00a0con su fotograf\u00eda un verbo, a materializarlo en una imagen que formar\u00eda parte de la muestra.<\/p>\n<p style=\"text-align: justify;\">As\u00ed lo decidieron 27 grandes aficionados, que han intentado expresar desde su \u00f3ptica aquello que le inspiraba la palabra. Verbos como nacer, aterrizar, pensar, so\u00f1ar, iluminar, resistir, descubrir, a\u00f1orar, volar, vivir, planear, saltar, acariciar, cantar, alimentar, comunicar, tocar, amar, fingir, correr, besar, \u00a0amanecer, competir, indicar, aceptar, aterrizar y salpicar, son los que pueden disfrutarse en la Sala de los Brazos de la Casa Col\u00f3n.<\/p>\n<p style=\"text-align: justify;\">Desde estas l\u00edneas deseamos agradecer nuevamente el apoyo incondicional de la \u00abConcejal\u00eda de Cultura, Turismo y Promoci\u00f3n de Huelva\u00a0en el Exterior\u00bb, m\u00e1s concretamente a Elena y Fran, por habernos facilitado lo necesario para hacer posible este proyecto; tambi\u00e9n agradecer\u00a0la colaboraci\u00f3n de Bodegas Privilegio del Condado por aportarnos sus vinos y\u00a0en concreto a Adolfo Raposo, por su paciencia y simpat\u00eda. Y por \u00faltimo, agradecer a nuestros socios y socias que exponen, por su\u00a0valent\u00eda y participaci\u00f3n de esta propuesta tan especial para la propia asociaci\u00f3n y su din\u00e1mica\u00a0(Sonia Herencia, Mar\u00eda Izquierdo, Pilar Rodr\u00edguez Barranco, Alicia Clerencia, Pedro J. Ruiz-Constantino, Carmen Torres, Juan Carlos Fern\u00e1ndez, Aurora Mart\u00edn, Caye Cumbreras, Cristina Garc\u00eda-Jurado, Enrique Jerez, Paco Gil, Joaqu\u00edn P\u00e9rez, Mat\u00edas Brea, Flor N\u00fa\u00f1ez, Juani Garc\u00eda, Loli Blesa, Jos\u00e9 Luis Arizmendi, Manolo Silva, Mari Carmen Mac\u00edas, Rafael Llanes, Roc\u00edo Escudero, Sim\u00f3n Noriega, Juana Mart\u00edn, Dulfi Doulkikar, Juli\u00e1n Ro Di y Fran Borges).<\/p>\n<p style=\"text-align: justify;\">Para aquellas personas que a\u00fan no han tenido la posibilidad de visitarla, recordar que estar\u00e1 montada\u00a0hasta el 30 de diciembre, de lunes a s\u00e1bado de 10.30 a 13.30 y de 17.30 a 20.30 horas (cerrado lunes 26, tarde del 24, y domingos).<\/p>\n<p><a href=\"https:\/\/www.huelvaysusfotografos.com\/wp-content\/uploads\/2016\/12\/Expo-el-verbo-1.jpg\" rel=\"attachment wp-att-4960\"><img loading=\"lazy\" decoding=\"async\" width=\"214\" height=\"300\" class=\"aligncenter size-medium wp-image-4960\" src=\"https:\/\/www.huelvaysusfotografos.com\/wp-content\/uploads\/2016\/12\/Expo-el-verbo-1-214x300.jpg\" alt=\"expo-el-verbo\" srcset=\"https:\/\/www.huelvaysusfotografos.com\/wp-content\/uploads\/2016\/12\/Expo-el-verbo-1-214x300.jpg 214w, https:\/\/www.huelvaysusfotografos.com\/wp-content\/uploads\/2016\/12\/Expo-el-verbo-1.jpg 571w\" sizes=\"auto, (max-width: 214px) 100vw, 214px\" \/><\/a><\/p>\n<p style=\"text-align: center;\">Cartel de la Exposici\u00f3n (foto principal de Paco Gil)<\/p>\n<p style=\"text-align: center;\"><a href=\"https:\/\/www.huelvaysusfotografos.com\/wp-content\/uploads\/2016\/12\/cabecera.jpg\" rel=\"attachment wp-att-4939\"><img loading=\"lazy\" decoding=\"async\" width=\"300\" height=\"200\" class=\"aligncenter size-medium wp-image-4947\" src=\"https:\/\/www.huelvaysusfotografos.com\/wp-content\/uploads\/2016\/12\/Montaje-Juana-Mart\u00edn-1-300x200.jpg\" alt=\"montaje-juana-martin-1\" srcset=\"https:\/\/www.huelvaysusfotografos.com\/wp-content\/uploads\/2016\/12\/Montaje-Juana-Mart\u00edn-1-300x200.jpg 300w, https:\/\/www.huelvaysusfotografos.com\/wp-content\/uploads\/2016\/12\/Montaje-Juana-Mart\u00edn-1-1024x683.jpg 1024w, https:\/\/www.huelvaysusfotografos.com\/wp-content\/uploads\/2016\/12\/Montaje-Juana-Mart\u00edn-1-768x512.jpg 768w, https:\/\/www.huelvaysusfotografos.com\/wp-content\/uploads\/2016\/12\/Montaje-Juana-Mart\u00edn-1-120x80.jpg 120w, https:\/\/www.huelvaysusfotografos.com\/wp-content\/uploads\/2016\/12\/Montaje-Juana-Mart\u00edn-1.jpg 1500w\" sizes=\"auto, (max-width: 300px) 100vw, 300px\" \/><\/a><\/p>\n<p style=\"text-align: center;\">Durante el montaje I (Foto: Juana Mart\u00edn)<\/p>\n<p style=\"text-align: center;\"><img loading=\"lazy\" decoding=\"async\" width=\"300\" height=\"200\" class=\"aligncenter size-medium wp-image-4948\" src=\"https:\/\/www.huelvaysusfotografos.com\/wp-content\/uploads\/2016\/12\/Montaje-Juana-Mart\u00edn-2-300x200.jpg\" alt=\"montaje-juana-martin-2\" srcset=\"https:\/\/www.huelvaysusfotografos.com\/wp-content\/uploads\/2016\/12\/Montaje-Juana-Mart\u00edn-2-300x200.jpg 300w, https:\/\/www.huelvaysusfotografos.com\/wp-content\/uploads\/2016\/12\/Montaje-Juana-Mart\u00edn-2-1024x683.jpg 1024w, https:\/\/www.huelvaysusfotografos.com\/wp-content\/uploads\/2016\/12\/Montaje-Juana-Mart\u00edn-2-768x512.jpg 768w, https:\/\/www.huelvaysusfotografos.com\/wp-content\/uploads\/2016\/12\/Montaje-Juana-Mart\u00edn-2-120x80.jpg 120w, https:\/\/www.huelvaysusfotografos.com\/wp-content\/uploads\/2016\/12\/Montaje-Juana-Mart\u00edn-2.jpg 1500w\" sizes=\"auto, (max-width: 300px) 100vw, 300px\" \/>Durante el montaje II (Foto: Juana Mart\u00edn)<\/p>\n<p style=\"text-align: center;\"><a href=\"https:\/\/www.huelvaysusfotografos.com\/wp-content\/uploads\/2016\/12\/De-Alicia-Clerencia.jpg\" rel=\"attachment wp-att-4941\"><img loading=\"lazy\" decoding=\"async\" width=\"300\" height=\"186\" class=\"aligncenter size-medium wp-image-4941\" src=\"https:\/\/www.huelvaysusfotografos.com\/wp-content\/uploads\/2016\/12\/De-Alicia-Clerencia-300x186.jpg\" alt=\"de-alicia-clerencia\" srcset=\"https:\/\/www.huelvaysusfotografos.com\/wp-content\/uploads\/2016\/12\/De-Alicia-Clerencia-300x186.jpg 300w, https:\/\/www.huelvaysusfotografos.com\/wp-content\/uploads\/2016\/12\/De-Alicia-Clerencia-1024x634.jpg 1024w, https:\/\/www.huelvaysusfotografos.com\/wp-content\/uploads\/2016\/12\/De-Alicia-Clerencia-768x475.jpg 768w, https:\/\/www.huelvaysusfotografos.com\/wp-content\/uploads\/2016\/12\/De-Alicia-Clerencia-1536x950.jpg 1536w, https:\/\/www.huelvaysusfotografos.com\/wp-content\/uploads\/2016\/12\/De-Alicia-Clerencia.jpg 2048w\" sizes=\"auto, (max-width: 300px) 100vw, 300px\" \/><\/a><\/p>\n<p style=\"text-align: center;\">Los visitantes van agrup\u00e1ndose (Foto: Alicia Clerencia)<\/p>\n<p style=\"text-align: center;\"><a href=\"https:\/\/www.huelvaysusfotografos.com\/wp-content\/uploads\/2016\/12\/De-Alicia-Clerencia-2.jpg\" rel=\"attachment wp-att-4942\"><img loading=\"lazy\" decoding=\"async\" width=\"300\" height=\"199\" class=\"aligncenter size-medium wp-image-4943\" src=\"https:\/\/www.huelvaysusfotografos.com\/wp-content\/uploads\/2016\/12\/De-Alicia-Clerencia-3-300x199.jpg\" alt=\"de-alicia-clerencia-3\" srcset=\"https:\/\/www.huelvaysusfotografos.com\/wp-content\/uploads\/2016\/12\/De-Alicia-Clerencia-3-300x199.jpg 300w, https:\/\/www.huelvaysusfotografos.com\/wp-content\/uploads\/2016\/12\/De-Alicia-Clerencia-3-1024x680.jpg 1024w, https:\/\/www.huelvaysusfotografos.com\/wp-content\/uploads\/2016\/12\/De-Alicia-Clerencia-3-768x510.jpg 768w, https:\/\/www.huelvaysusfotografos.com\/wp-content\/uploads\/2016\/12\/De-Alicia-Clerencia-3-1536x1020.jpg 1536w, https:\/\/www.huelvaysusfotografos.com\/wp-content\/uploads\/2016\/12\/De-Alicia-Clerencia-3-120x80.jpg 120w, https:\/\/www.huelvaysusfotografos.com\/wp-content\/uploads\/2016\/12\/De-Alicia-Clerencia-3.jpg 2048w\" sizes=\"auto, (max-width: 300px) 100vw, 300px\" \/><\/a><\/p>\n<p style=\"text-align: center;\">Pedro y Elena Tobar inauguran la muestra (Foto: Alicia Clerencia)<\/p>\n<p style=\"text-align: center;\"><a href=\"https:\/\/www.huelvaysusfotografos.com\/wp-content\/uploads\/2016\/12\/De-Alicia-Clerencia.jpg\" rel=\"attachment wp-att-4941\"><br \/>\n<\/a><a href=\"https:\/\/www.huelvaysusfotografos.com\/wp-content\/uploads\/2016\/12\/De-Alicia-Clerencia-2.jpg\" rel=\"attachment wp-att-4942\"><img loading=\"lazy\" decoding=\"async\" width=\"300\" height=\"199\" class=\"aligncenter size-medium wp-image-4942\" src=\"https:\/\/www.huelvaysusfotografos.com\/wp-content\/uploads\/2016\/12\/De-Alicia-Clerencia-2-300x199.jpg\" alt=\"de-alicia-clerencia-2\" srcset=\"https:\/\/www.huelvaysusfotografos.com\/wp-content\/uploads\/2016\/12\/De-Alicia-Clerencia-2-300x199.jpg 300w, https:\/\/www.huelvaysusfotografos.com\/wp-content\/uploads\/2016\/12\/De-Alicia-Clerencia-2-1024x680.jpg 1024w, https:\/\/www.huelvaysusfotografos.com\/wp-content\/uploads\/2016\/12\/De-Alicia-Clerencia-2-768x510.jpg 768w, https:\/\/www.huelvaysusfotografos.com\/wp-content\/uploads\/2016\/12\/De-Alicia-Clerencia-2-1536x1020.jpg 1536w, https:\/\/www.huelvaysusfotografos.com\/wp-content\/uploads\/2016\/12\/De-Alicia-Clerencia-2-120x80.jpg 120w, https:\/\/www.huelvaysusfotografos.com\/wp-content\/uploads\/2016\/12\/De-Alicia-Clerencia-2.jpg 2048w\" sizes=\"auto, (max-width: 300px) 100vw, 300px\" \/><\/a><\/p>\n<p style=\"text-align: center;\">Acto inaugural (Foto: Alicia Clerencia)<\/p>\n<p style=\"text-align: center;\"><img loading=\"lazy\" decoding=\"async\" width=\"300\" height=\"225\" class=\"aligncenter size-medium wp-image-4944\" src=\"https:\/\/www.huelvaysusfotografos.com\/wp-content\/uploads\/2016\/12\/De-Flor-N\u00fa\u00f1ez-300x225.jpg\" alt=\"de-flor-nunez\" srcset=\"https:\/\/www.huelvaysusfotografos.com\/wp-content\/uploads\/2016\/12\/De-Flor-N\u00fa\u00f1ez-300x225.jpg 300w, https:\/\/www.huelvaysusfotografos.com\/wp-content\/uploads\/2016\/12\/De-Flor-N\u00fa\u00f1ez-768x576.jpg 768w, https:\/\/www.huelvaysusfotografos.com\/wp-content\/uploads\/2016\/12\/De-Flor-N\u00fa\u00f1ez-160x120.jpg 160w, https:\/\/www.huelvaysusfotografos.com\/wp-content\/uploads\/2016\/12\/De-Flor-N\u00fa\u00f1ez.jpg 960w\" sizes=\"auto, (max-width: 300px) 100vw, 300px\" \/><\/p>\n<p style=\"text-align: center;\">Todo preparado para la foto de grupo (Foto: Flor N\u00fa\u00f1ez)<\/p>\n<p style=\"text-align: center;\"><a href=\"https:\/\/www.huelvaysusfotografos.com\/wp-content\/uploads\/2016\/12\/15493278_10211205869360807_6706202567585460883_o.jpg\" rel=\"attachment wp-att-4940\"><img loading=\"lazy\" decoding=\"async\" width=\"300\" height=\"200\" class=\"aligncenter size-medium wp-image-4940\" src=\"https:\/\/www.huelvaysusfotografos.com\/wp-content\/uploads\/2016\/12\/15493278_10211205869360807_6706202567585460883_o-300x200.jpg\" alt=\"15493278_10211205869360807_6706202567585460883_o\" srcset=\"https:\/\/www.huelvaysusfotografos.com\/wp-content\/uploads\/2016\/12\/15493278_10211205869360807_6706202567585460883_o-300x200.jpg 300w, https:\/\/www.huelvaysusfotografos.com\/wp-content\/uploads\/2016\/12\/15493278_10211205869360807_6706202567585460883_o-1024x683.jpg 1024w, https:\/\/www.huelvaysusfotografos.com\/wp-content\/uploads\/2016\/12\/15493278_10211205869360807_6706202567585460883_o-768x512.jpg 768w, https:\/\/www.huelvaysusfotografos.com\/wp-content\/uploads\/2016\/12\/15493278_10211205869360807_6706202567585460883_o-1536x1024.jpg 1536w, https:\/\/www.huelvaysusfotografos.com\/wp-content\/uploads\/2016\/12\/15493278_10211205869360807_6706202567585460883_o-120x80.jpg 120w, https:\/\/www.huelvaysusfotografos.com\/wp-content\/uploads\/2016\/12\/15493278_10211205869360807_6706202567585460883_o.jpg 2048w\" sizes=\"auto, (max-width: 300px) 100vw, 300px\" \/><\/a><a href=\"https:\/\/www.huelvaysusfotografos.com\/wp-content\/uploads\/2016\/12\/De-Alicia-Clerencia-3.jpg\" rel=\"attachment wp-att-4943\"><br \/>\n<\/a>Parte de los socios y social que exponen, junto a Elena Tobar<\/p>\n<p style=\"text-align: center;\">(Foto: Jose Ram\u00f3n Cazorla)<\/p>\n<p style=\"text-align: center;\"><a href=\"https:\/\/www.huelvaysusfotografos.com\/wp-content\/uploads\/2016\/12\/De-Juana-Mart\u00edn.jpg\" rel=\"attachment wp-att-4945\"><img loading=\"lazy\" decoding=\"async\" width=\"300\" height=\"200\" class=\"aligncenter size-medium wp-image-4945\" src=\"https:\/\/www.huelvaysusfotografos.com\/wp-content\/uploads\/2016\/12\/De-Juana-Mart\u00edn-300x200.jpg\" alt=\"de-juana-martin\" srcset=\"https:\/\/www.huelvaysusfotografos.com\/wp-content\/uploads\/2016\/12\/De-Juana-Mart\u00edn-300x200.jpg 300w, https:\/\/www.huelvaysusfotografos.com\/wp-content\/uploads\/2016\/12\/De-Juana-Mart\u00edn-1024x683.jpg 1024w, https:\/\/www.huelvaysusfotografos.com\/wp-content\/uploads\/2016\/12\/De-Juana-Mart\u00edn-768x512.jpg 768w, https:\/\/www.huelvaysusfotografos.com\/wp-content\/uploads\/2016\/12\/De-Juana-Mart\u00edn-1536x1024.jpg 1536w, https:\/\/www.huelvaysusfotografos.com\/wp-content\/uploads\/2016\/12\/De-Juana-Mart\u00edn-120x80.jpg 120w, https:\/\/www.huelvaysusfotografos.com\/wp-content\/uploads\/2016\/12\/De-Juana-Mart\u00edn.jpg 2048w\" sizes=\"auto, (max-width: 300px) 100vw, 300px\" \/><\/a><\/p>\n<p style=\"text-align: center;\">Tras la inauguraci\u00f3n&#8230; la celebraci\u00f3n (Foto: Juana Mart\u00edn)<br \/>\n<a href=\"https:\/\/www.huelvaysusfotografos.com\/wp-content\/uploads\/2016\/12\/De-Manolo-Silva.jpg\" rel=\"attachment wp-att-4946\"><img loading=\"lazy\" decoding=\"async\" width=\"300\" height=\"200\" class=\"aligncenter size-medium wp-image-4946\" src=\"https:\/\/www.huelvaysusfotografos.com\/wp-content\/uploads\/2016\/12\/De-Manolo-Silva-300x200.jpg\" alt=\"de-manolo-silva\" srcset=\"https:\/\/www.huelvaysusfotografos.com\/wp-content\/uploads\/2016\/12\/De-Manolo-Silva-300x200.jpg 300w, https:\/\/www.huelvaysusfotografos.com\/wp-content\/uploads\/2016\/12\/De-Manolo-Silva-768x511.jpg 768w, https:\/\/www.huelvaysusfotografos.com\/wp-content\/uploads\/2016\/12\/De-Manolo-Silva-120x80.jpg 120w, https:\/\/www.huelvaysusfotografos.com\/wp-content\/uploads\/2016\/12\/De-Manolo-Silva.jpg 1024w\" sizes=\"auto, (max-width: 300px) 100vw, 300px\" \/><\/a><\/p>\n<p style=\"text-align: center;\">Seguimos festijando (Foto: Manolo Silva)<a href=\"https:\/\/www.huelvaysusfotografos.com\/wp-content\/uploads\/2016\/12\/Montaje-Juana-Mart\u00edn-1.jpg\" rel=\"attachment wp-att-4947\"><br \/>\n<\/a> <a href=\"https:\/\/www.huelvaysusfotografos.com\/wp-content\/uploads\/2016\/12\/Montaje-Juana-Mart\u00edn-2.jpg\" rel=\"attachment wp-att-4948\"><br \/>\n<\/a> <a href=\"https:\/\/www.huelvaysusfotografos.com\/wp-content\/uploads\/2016\/12\/Privilegio-de-Manolo-Silva.jpg\" rel=\"attachment wp-att-4949\"><img loading=\"lazy\" decoding=\"async\" width=\"300\" height=\"200\" class=\"aligncenter size-medium wp-image-4949\" src=\"https:\/\/www.huelvaysusfotografos.com\/wp-content\/uploads\/2016\/12\/Privilegio-de-Manolo-Silva-300x200.jpg\" alt=\"privilegio-de-manolo-silva\" srcset=\"https:\/\/www.huelvaysusfotografos.com\/wp-content\/uploads\/2016\/12\/Privilegio-de-Manolo-Silva-300x200.jpg 300w, https:\/\/www.huelvaysusfotografos.com\/wp-content\/uploads\/2016\/12\/Privilegio-de-Manolo-Silva-768x511.jpg 768w, https:\/\/www.huelvaysusfotografos.com\/wp-content\/uploads\/2016\/12\/Privilegio-de-Manolo-Silva-120x80.jpg 120w, https:\/\/www.huelvaysusfotografos.com\/wp-content\/uploads\/2016\/12\/Privilegio-de-Manolo-Silva.jpg 1024w\" sizes=\"auto, (max-width: 300px) 100vw, 300px\" \/><\/a><\/p>\n<p style=\"text-align: center;\">Contamos con la colaboraci\u00f3n inestimable de Bodegas Privilegio del Condado<\/p>\n<p style=\"text-align: center;\">(Foto: Manolo Silva)<\/p>\n<p style=\"text-align: left;\">Dar las gracias tambi\u00e9n a los medios de comunicaci\u00f3n que se han hecho eco de nuestra exposici\u00f3n:<\/p>\n<ul>\n<li style=\"text-align: left;\">http:\/\/www.diariodehuelva.es\/2016\/12\/14\/27-fotografos-convierten-el-verbo-en-imagen\/?platform=hootsuite<\/li>\n<li style=\"text-align: left;\">http:\/\/www.elegirhoy.com\/evento\/exposiciones\/el-verbo-convertido-en-imagenes<\/li>\n<li style=\"text-align: left;\">http:\/\/huelva24.com\/not\/93531\/la-casa-colon-acoge-la-exposicion-fotografica-el-verbo-convertido-en-imagen-\/<\/li>\n<li style=\"text-align: left;\">http:\/\/huelvabuenasnoticias.com\/2016\/12\/14\/la-casa-colon-acoge-la-exposicion-fotografica-el-verbo-convertido-en-imagen\/<\/li>\n<li style=\"text-align: left;\">http:\/\/huelvaya.es\/2016\/12\/12\/27-fotografos-onubenses-convierten-el-verbo-en-imagen\/<\/li>\n<li style=\"text-align: left;\">http:\/\/www.huelva.es\/portal\/es\/noticias\/la-casa-col\u00f3n-acoge-la-exposici\u00f3n-fotogr\u00e1fica-\u2018el-verbo-convertido-en-imagen\u2019<\/li>\n<li style=\"text-align: left;\">http:\/\/huelvatv.com (Informativo d\u00eda 14 min 10.15 )\u00a0http:\/\/huelvatv.com\/2016\/12\/15\/antonio-lopez-14-12-16\/<\/li>\n<\/ul>\n","protected":false},"excerpt":{"rendered":"<p>Atendiendo a nuestra cita anual de hacer en la ciudad una exposici\u00f3n colectiva, nuestra Asociaci\u00f3n Huelva y sus Fot\u00f3grafos, lleva meses organizando \u00abEL VERBO CONVERTIDO EN IM\u00c1GENES\u00bb. Un juego visual que ha dado pie a nuestros socios y socias imaginen\u00a0con su fotograf\u00eda un verbo, a materializarlo en una imagen que formar\u00eda parte de la muestra. As\u00ed lo decidieron 27 grandes aficionados, que han intentado expresar desde su \u00f3ptica aquello que<\/p>\n<div class=\"belowpost\"><a class=\"btnmore\" href=\"https:\/\/www.huelvaysusfotografos.com\/?p=4937\">Seguir leyendo<\/a><\/div>\n","protected":false},"author":41,"featured_media":4959,"comment_status":"open","ping_status":"open","sticky":false,"template":"","format":"standard","meta":{"footnotes":"","_links_to":"","_links_to_target":""},"categories":[23],"tags":[],"class_list":["post-4937","post","type-post","status-publish","format-standard","has-post-thumbnail","hentry","category-exposiciones"],"_links":{"self":[{"href":"https:\/\/www.huelvaysusfotografos.com\/index.php?rest_route=\/wp\/v2\/posts\/4937","targetHints":{"allow":["GET"]}}],"collection":[{"href":"https:\/\/www.huelvaysusfotografos.com\/index.php?rest_route=\/wp\/v2\/posts"}],"about":[{"href":"https:\/\/www.huelvaysusfotografos.com\/index.php?rest_route=\/wp\/v2\/types\/post"}],"author":[{"embeddable":true,"href":"https:\/\/www.huelvaysusfotografos.com\/index.php?rest_route=\/wp\/v2\/users\/41"}],"replies":[{"embeddable":true,"href":"https:\/\/www.huelvaysusfotografos.com\/index.php?rest_route=%2Fwp%2Fv2%2Fcomments&post=4937"}],"version-history":[{"count":10,"href":"https:\/\/www.huelvaysusfotografos.com\/index.php?rest_route=\/wp\/v2\/posts\/4937\/revisions"}],"predecessor-version":[{"id":4961,"href":"https:\/\/www.huelvaysusfotografos.com\/index.php?rest_route=\/wp\/v2\/posts\/4937\/revisions\/4961"}],"wp:featuredmedia":[{"embeddable":true,"href":"https:\/\/www.huelvaysusfotografos.com\/index.php?rest_route=\/wp\/v2\/media\/4959"}],"wp:attachment":[{"href":"https:\/\/www.huelvaysusfotografos.com\/index.php?rest_route=%2Fwp%2Fv2%2Fmedia&parent=4937"}],"wp:term":[{"taxonomy":"category","embeddable":true,"href":"https:\/\/www.huelvaysusfotografos.com\/index.php?rest_route=%2Fwp%2Fv2%2Fcategories&post=4937"},{"taxonomy":"post_tag","embeddable":true,"href":"https:\/\/www.huelvaysusfotografos.com\/index.php?rest_route=%2Fwp%2Fv2%2Ftags&post=4937"}],"curies":[{"name":"wp","href":"https:\/\/api.w.org\/{rel}","templated":true}]}}