{"id":4931,"date":"2016-11-23T23:00:45","date_gmt":"2016-11-23T22:00:45","guid":{"rendered":"http:\/\/www.huelvaysusfotografos.com\/?p=4931"},"modified":"2016-11-23T23:02:15","modified_gmt":"2016-11-23T22:02:15","slug":"mora-huerta-presenta-la-luz-de-nuestra-costa","status":"publish","type":"post","link":"https:\/\/www.huelvaysusfotografos.com\/?p=4931","title":{"rendered":"Mora Huerta presenta \u00abLA LUZ DE NUESTRA COSTA\u00bb"},"content":{"rendered":"<div style=\"text-align: justify;\">Nuestro compa\u00f1ero y socio Jos\u00e9 Manuel Mora Huerta, nos invita a su exposici\u00f3n fotogr\u00e1fica \u00abLA LUZ DE NUESTRA COSTA\u00bb. HUELVA&#8230; PEQUE\u00d1OS PARAISOS CERCANOS, que inaugura el pr\u00f3ximo 28 de este mes en Caja Rural del Sur (Calle Mora Claros 6-8) de Huelva.<\/div>\n<div>Podr\u00e1 visitarse hasta el 15 de diciembre de 19:00 a 21:00 horas.<\/div>\n<div><\/div>\n<div><a href=\"https:\/\/www.huelvaysusfotografos.com\/wp-content\/uploads\/2016\/11\/Cartel-reducido1024.jpg\" rel=\"attachment wp-att-4932\"><img loading=\"lazy\" decoding=\"async\" width=\"212\" height=\"300\" class=\"aligncenter size-medium wp-image-4932\" src=\"https:\/\/www.huelvaysusfotografos.com\/wp-content\/uploads\/2016\/11\/Cartel-reducido1024-212x300.jpg\" alt=\"cartel-reducido1024\" srcset=\"https:\/\/www.huelvaysusfotografos.com\/wp-content\/uploads\/2016\/11\/Cartel-reducido1024-212x300.jpg 212w, https:\/\/www.huelvaysusfotografos.com\/wp-content\/uploads\/2016\/11\/Cartel-reducido1024.jpg 724w\" sizes=\"auto, (max-width: 212px) 100vw, 212px\" \/><\/a><\/div>\n<div>Esperamos que pod\u00e1is asistir a dicho acto y as\u00ed disfrutar del trabajo de Jos\u00e9 Manuel.<\/div>\n<div>Suerte!!<\/div>\n","protected":false},"excerpt":{"rendered":"<p>Nuestro compa\u00f1ero y socio Jos\u00e9 Manuel Mora Huerta, nos invita a su exposici\u00f3n fotogr\u00e1fica \u00abLA LUZ DE NUESTRA COSTA\u00bb. HUELVA&#8230; PEQUE\u00d1OS PARAISOS CERCANOS, que inaugura el pr\u00f3ximo 28 de este mes en Caja Rural del Sur (Calle Mora Claros 6-8) de Huelva. Podr\u00e1 visitarse hasta el 15 de diciembre de 19:00 a 21:00 horas. Esperamos que pod\u00e1is asistir a dicho acto y as\u00ed disfrutar del trabajo de Jos\u00e9 Manuel. Suerte!!<\/p>\n","protected":false},"author":41,"featured_media":4934,"comment_status":"open","ping_status":"open","sticky":false,"template":"","format":"standard","meta":{"footnotes":"","_links_to":"","_links_to_target":""},"categories":[23],"tags":[],"class_list":["post-4931","post","type-post","status-publish","format-standard","has-post-thumbnail","hentry","category-exposiciones"],"_links":{"self":[{"href":"https:\/\/www.huelvaysusfotografos.com\/index.php?rest_route=\/wp\/v2\/posts\/4931","targetHints":{"allow":["GET"]}}],"collection":[{"href":"https:\/\/www.huelvaysusfotografos.com\/index.php?rest_route=\/wp\/v2\/posts"}],"about":[{"href":"https:\/\/www.huelvaysusfotografos.com\/index.php?rest_route=\/wp\/v2\/types\/post"}],"author":[{"embeddable":true,"href":"https:\/\/www.huelvaysusfotografos.com\/index.php?rest_route=\/wp\/v2\/users\/41"}],"replies":[{"embeddable":true,"href":"https:\/\/www.huelvaysusfotografos.com\/index.php?rest_route=%2Fwp%2Fv2%2Fcomments&post=4931"}],"version-history":[{"count":1,"href":"https:\/\/www.huelvaysusfotografos.com\/index.php?rest_route=\/wp\/v2\/posts\/4931\/revisions"}],"predecessor-version":[{"id":4933,"href":"https:\/\/www.huelvaysusfotografos.com\/index.php?rest_route=\/wp\/v2\/posts\/4931\/revisions\/4933"}],"wp:featuredmedia":[{"embeddable":true,"href":"https:\/\/www.huelvaysusfotografos.com\/index.php?rest_route=\/wp\/v2\/media\/4934"}],"wp:attachment":[{"href":"https:\/\/www.huelvaysusfotografos.com\/index.php?rest_route=%2Fwp%2Fv2%2Fmedia&parent=4931"}],"wp:term":[{"taxonomy":"category","embeddable":true,"href":"https:\/\/www.huelvaysusfotografos.com\/index.php?rest_route=%2Fwp%2Fv2%2Fcategories&post=4931"},{"taxonomy":"post_tag","embeddable":true,"href":"https:\/\/www.huelvaysusfotografos.com\/index.php?rest_route=%2Fwp%2Fv2%2Ftags&post=4931"}],"curies":[{"name":"wp","href":"https:\/\/api.w.org\/{rel}","templated":true}]}}